{"id":226148,"date":"2020-11-18T13:14:59","date_gmt":"2020-11-18T13:14:59","guid":{"rendered":"http:\/\/diariodominicano.ddns.net\/?p=226148"},"modified":"2020-11-18T13:14:59","modified_gmt":"2020-11-18T13:14:59","slug":"agricultura-y-consejo-nacional-de-zonas-francas-buscan-agilizar-procesos-de-exportaciones","status":"publish","type":"post","link":"https:\/\/diariodominicano.com\/?p=226148","title":{"rendered":"Agricultura y Consejo Nacional de Zonas Francas buscan agilizar procesos de exportaciones"},"content":{"rendered":"<p><body><\/p>\n<p><img decoding=\"async\" src=\"img3\/Agricultura18-11-20.jpeg\" \/>  <\/p>\n<p><span class=\"text1noticias\"> diariodominicano.com <\/span><\/p>\n<p><span class=\"text1noticias\"> <\/span><\/p>\n<p><span class=\"text1noticias\">Santo Domingo, R. D., 18 de noviembre de 2020.- El ministro de Agricultura, Limber Cruz, junto a representantes del Consejo Nacional de Zonas Francas realiz\u00f3 una reuni\u00f3n con delegados y empresarios de distintas entidades agr\u00edcolas con la finalidad de flexibilizar los requerimientos para el comercio internacional de productos agropecuarios e incrementar el flujo de exportaciones de bienes del sector. <\/span><\/p>\n<p><span class=\"text1noticias\"> <\/span><\/p>\n<p><span class=\"text1noticias\">Con esta acci\u00f3n se busca reducir los costos sobre el pago de la visa de exportaci\u00f3n; flexibilizar los requisitos de adquisici\u00f3n de registros de ventas para proveedores y construir infraestructuras viales que faciliten el proceso de transporte de los productos. <\/span><\/p>\n<p><span class=\"text1noticias\"> <\/span><\/p>\n<p><span class=\"text1noticias\">El ministro Cruz afirm\u00f3 que para \u00e9l \u00ablas exportaciones son sagradas\u00bb y no cree que un pa\u00eds desarrolle su comercio internacional \u00abexportando impuestos\u00bb. <\/span><\/p>\n<p><span class=\"text1noticias\"> <\/span><\/p>\n<p><span class=\"text1noticias\">Luego de escuchar y analizar las inquietudes de los productores, inform\u00f3 que crear\u00e1 una mesa de trabajo interinstitucional con todas las entidades vinculadas y que intervienen en estos procesos. <\/span><\/p>\n<p><span class=\"text1noticias\"> <\/span><\/p>\n<p><span class=\"text1noticias\">Expres\u00f3 que el Gobierno tiene inter\u00e9s en aumentar el flujo de exportaciones de bienes agropecuarios, por lo que este tipo de actividades abren la brecha para brindar mayores facilidades a las entidades interesadas en formar, generar y presentar soluciones que puedan hacer \u00abno solo m\u00e1s \u00e1giles, sino m\u00e1s atractivas las exportaciones\u00bb.  <\/span><\/p>\n<p><span class=\"text1noticias\"> <\/span><\/p>\n<p><span class=\"text1noticias\">De su lado, Daniel Liranzo, director ejecutivo del Consejo Nacional de Zonas Francas, indic\u00f3 que uno de los principales pilares de la instituci\u00f3n es \u00abburocracia cero\u00bb, y la agilizaci\u00f3n de los procesos administrativos y legales de cada instituci\u00f3n perteneciente al sector agr\u00edcola.  <\/span><\/p>\n<p><span class=\"text1noticias\"> <\/span><\/p>\n<p><span class=\"text1noticias\">En la reuni\u00f3n estuvieron presentes, como parte de la mesa principal, Jos\u00e9 Manuel Torres, vicepresidente ejecutivo del Consejo de Zonas Francas; Lemy Guti\u00e9rrez, director de Promociones y Yarisol L\u00f3pez, subdirectora ejecutiva. As\u00ed como autoridades del Ministerio de Agricultura, delegados y representantes de las \u00e1reas de exportaciones. <\/span><\/p>\n<p><span class=\"text1noticias\"> <\/span><\/p>\n<p><span class=\"text1noticias\"> Fuente: Prensa Relaciones Publicas<\/span><\/p>\n<h6> 2020-11-18 13:14:59 <\/h6>\n<p><!--\n<link rel=\"stylesheet\" href=\"css\/bootstrap.min.css\">\n\n\n<ul class=\"pagination\">\n\t    \n\t\n\n<li >\n\t<a href='?page_no=62'>Previous<\/a>\n\t<\/li>\n\n\n       \n    \n\n<li><a href='?page_no=1'>1<\/a><\/li>\n\n\n\n<li><a href='?page_no=2'>2<\/a><\/li>\n\n\n\n<li><a>...<\/a><\/li>\n\n\n\n<li><a href='?page_no=61'>61<\/a><\/li>\n\n\n\n<li><a href='?page_no=62'>62<\/a><\/li>\n\n\n\n<li class='active'><a>63<\/a><\/li>\n\n\n\n<li><a href='?page_no=64'>64<\/a><\/li>\n\n\n\n<li><a href='?page_no=65'>65<\/a><\/li>\n\n\n\n<li><a>...<\/a><\/li>\n\n\n\n<li><a href='?page_no=56169'>56169<\/a><\/li>\n\n\n\n<li><a href='?page_no=56170'>56170<\/a><\/li>\n\n    \n\t\n\n<li >\n\t<a href='?page_no=64'>Next<\/a>\n\t<\/li>\n\n\n    \n\n<li><a href='?page_no=56170'>Last &rsaquo;&rsaquo;<\/a><\/li>\n\n<\/ul>\n\n\n--><br \/>\n<\/body><\/p>\n","protected":false},"excerpt":{"rendered":"<p>diariodominicano.com Santo Domingo, R. D., 18 de noviembre de 2020.- El ministro de Agricultura, Limber Cruz, junto a representantes del Consejo Nacional de Zonas Francas realiz\u00f3 una reuni\u00f3n con delegados y empresarios de distintas entidades agr\u00edcolas con la finalidad de flexibilizar los requerimientos para el comercio internacional de productos agropecuarios e incrementar el flujo de [&hellip;]<\/p>\n","protected":false},"author":3,"featured_media":0,"comment_status":"open","ping_status":"open","sticky":false,"template":"","format":"standard","meta":{"footnotes":""},"categories":[20],"tags":[],"class_list":["post-226148","post","type-post","status-publish","format-standard","hentry","category-dominicana-hoy"],"_links":{"self":[{"href":"https:\/\/diariodominicano.com\/index.php?rest_route=\/wp\/v2\/posts\/226148","targetHints":{"allow":["GET"]}}],"collection":[{"href":"https:\/\/diariodominicano.com\/index.php?rest_route=\/wp\/v2\/posts"}],"about":[{"href":"https:\/\/diariodominicano.com\/index.php?rest_route=\/wp\/v2\/types\/post"}],"author":[{"embeddable":true,"href":"https:\/\/diariodominicano.com\/index.php?rest_route=\/wp\/v2\/users\/3"}],"replies":[{"embeddable":true,"href":"https:\/\/diariodominicano.com\/index.php?rest_route=%2Fwp%2Fv2%2Fcomments&post=226148"}],"version-history":[{"count":0,"href":"https:\/\/diariodominicano.com\/index.php?rest_route=\/wp\/v2\/posts\/226148\/revisions"}],"wp:attachment":[{"href":"https:\/\/diariodominicano.com\/index.php?rest_route=%2Fwp%2Fv2%2Fmedia&parent=226148"}],"wp:term":[{"taxonomy":"category","embeddable":true,"href":"https:\/\/diariodominicano.com\/index.php?rest_route=%2Fwp%2Fv2%2Fcategories&post=226148"},{"taxonomy":"post_tag","embeddable":true,"href":"https:\/\/diariodominicano.com\/index.php?rest_route=%2Fwp%2Fv2%2Ftags&post=226148"}],"curies":[{"name":"wp","href":"https:\/\/api.w.org\/{rel}","templated":true}]}}