{"id":225926,"date":"2020-11-19T12:43:14","date_gmt":"2020-11-19T12:43:14","guid":{"rendered":"http:\/\/diariodominicano.ddns.net\/?p=225926"},"modified":"2020-11-19T12:43:14","modified_gmt":"2020-11-19T12:43:14","slug":"osmar-c-benitez-informa-jad-apoyara-productores-vulnerables-en-zonas-rurales-que-han-sido-afectadas-por-la-pandemia-del-covid-19","status":"publish","type":"post","link":"https:\/\/diariodominicano.com\/?p=225926","title":{"rendered":"Osmar C. Ben\u00edtez informa JAD apoyar\u00e1 productores vulnerables en zonas rurales que han sido afectadas por la pandemia del COVID-19"},"content":{"rendered":"<p><body><\/p>\n<p><img decoding=\"async\" src=\"img3\/JAD-19-11-20.jpg\" \/>  <\/p>\n<p><span class=\"text1noticias\"> <\/span><\/p>\n<p><span class=\"text1noticias\">diariodominicano.com<\/span><\/p>\n<p><span class=\"text1noticias\">Santo Domingo, R. D., 19 de noviembre, 2020.- Hoy inicia el proyecto ejecutado por la Junta Agroempresarial Dominicana (JAD) y financiado por la Agencia Espa\u00f1ola de Cooperaci\u00f3n Internacional para el Desarrollo (AECID) \u00abRecuperaci\u00f3n de medios de vida para peque\u00f1os productores agr\u00edcolas y ganaderos de productos de la canasta b\u00e1sica afectados por la crisis del COVID- 19 en zonas rurales de Rep\u00fablica Dominicana, inform\u00f3 Osmar C.  Ben\u00edtez, Presidente Ejecutivo de la JAD.<\/span><\/p>\n<p><span class=\"text1noticias\"> <\/span><\/p>\n<p><span class=\"text1noticias\">La Junta Agroempresarial Dominicana (JAD), con el apoyo de la Agencia Espa\u00f1ola de Cooperaci\u00f3n Internacional para el Desarrollo (AECID), inicia la ejecuci\u00f3n del proyecto \u00abRecuperaci\u00f3n de medios de vida para peque\u00f1os productores agr\u00edcolas y ganaderos de productos de la canasta b\u00e1sica afectados por la crisis del COVID- 19 en zonas rurales de Rep\u00fablica Dominicana\u00bb.<\/span><\/p>\n<p><span class=\"text1noticias\"> <\/span><\/p>\n<p><span class=\"text1noticias\">Osmar C.  Ben\u00edtez, Presidente Ejecutivo de la JAD,  ofreci\u00f3 las palabras de bienvenida del lanzamiento del Proyecto explicando que el mismo procura llegar a m\u00e1s de 1,500 productores afectados por el COVID 19,  y nace de la necesidad detectada en el campo dominicano,  y el apoyo solicitado por grupos rurales, que permanentemente visitan la instituci\u00f3n para que se les oriente en la b\u00fasqueda de fuentes de financiamiento alternativas, que les ayuden a mejor la situaci\u00f3n que les ha causado la pandemia. <\/span><\/p>\n<p><span class=\"text1noticias\"> <\/span><\/p>\n<p><span class=\"text1noticias\">\u00abTomando en consideraci\u00f3n las informaciones aportadas por el Ministerio de Agricultura, se acord\u00f3 coordinar con la JAD, por su experiencia con grupos productores, la posibilidad de definir e implementar esta iniciativa, que tiene como objetivo la recuperaci\u00f3n de medios de vida para peque\u00f1os productores agr\u00edcolas y ganaderos de la canasta b\u00e1sica afectados por la crisis del COVID-19, en zonas rurales\u00bb, expres\u00f3 el embajador de Espa\u00f1a, Alejandro Abell\u00e1n Garc\u00eda de Diego, durante el acto. <\/span><\/p>\n<p><span class=\"text1noticias\"> <\/span><\/p>\n<p><span class=\"text1noticias\">Asimismo, expres\u00f3 que el Proyecto se centra en tres \u00e1mbitos claves:  reorientaci\u00f3n de la producci\u00f3n, comercializaci\u00f3n en el contexto cambiante y seguridad para los productores en un contexto en el cual es preciso mantener la vigilancia. <\/span><\/p>\n<p><span class=\"text1noticias\"> <\/span><\/p>\n<p><span class=\"text1noticias\">Esta iniciativa contar\u00e1 con el apoyo del Ministerio Econom\u00eda, Planificaci\u00f3n y Desarrollo (MEPyD), y el Ministerio de Agricultura (MA), entre otras instituciones relacionadas con el sector, como miembros del Comit\u00e9 Directivo. <\/span><\/p>\n<p><span class=\"text1noticias\"> <\/span><\/p>\n<p><span class=\"text1noticias\">\u00abAunque la Junta Agroempresarial Dominicana no es una instituci\u00f3n gubernamental, su misi\u00f3n viene a completar las acciones del Estado dominicano en la provisi\u00f3n de servicios a los productores, y en estos momentos de las alianzas p\u00fablico-privadas deben representar uno de los mayores mecanismos para resurgir de esta crisis que nos afecta a todos, y sobre todo a los m\u00e1s vulnerables\u00bb  expres\u00f3   Olaya Dotel, Viceministra de Cooperaci\u00f3n Internacional del MEPyD, en su intervenci\u00f3n en el acto de lanzamiento del Proyecto. <\/span><\/p>\n<p><span class=\"text1noticias\"> <\/span><\/p>\n<p><span class=\"text1noticias\">A trav\u00e9s de este Proyecto, se otorgar\u00e1 a los grupos asociativos y familias, donaciones de animales, insumos, peque\u00f1os equipos, capacitaciones y asistencia t\u00e9cnica en manejo productivo, emprendedurismo, liderazgo, formaci\u00f3n digital, mercados, entre otros, con la finalidad de que puedan adaptarse e incorporarse a las nuevas tecnolog\u00edas y mercados.<\/span><\/p>\n<p><span class=\"text1noticias\"> <\/span><\/p>\n<p><span class=\"text1noticias\"> <\/span><\/p>\n<p><span class=\"text1noticias\"> <\/span><\/p>\n<p><span class=\"text1noticias\">Las provincias de intervenci\u00f3n ser\u00e1n las ubicadas en las zonas m\u00e1s afectadas por la presencia del COVID: Duarte, Espaillat, Hermanas Mirabal, La Altagracia, La Romana, La Vega, Monse\u00f1or Nouel, Puerto Plata, San Crist\u00f3bal, S\u00e1nchez Ram\u00edrez y Santiago, mientras los productos con los que se trabajar\u00e1 principalmente ser\u00e1n: pl\u00e1tano, yuca, huevo, queso, habichuela, arroz, ajo\/cebolla, pollo, carne de cerdo, papa y leche.<\/span><\/p>\n<p><span class=\"text1noticias\"> <\/span><\/p>\n<p><span class=\"text1noticias\">La duraci\u00f3n del Proyecto ser\u00e1 de 2 a\u00f1os con un presupuesto global de 270,000 euros, de los cuales la Agencia Espa\u00f1ola realizar\u00e1 una donaci\u00f3n de 250,000 euros y la Junta Agroempresarial de 20,000 euros. Con esta iniciativa se pretende llegar a m\u00e1s de 1,500 productores de los cuales se espera que el 30% sean mujeres, de igual forma se prestar\u00e1 especial atenci\u00f3n a los proyectos e iniciativas de j\u00f3venes.<\/span><\/p>\n<p><span class=\"text1noticias\"> <\/span><\/p>\n<p><span class=\"text1noticias\">En la actividad, realizada en la sede de la Instituci\u00f3n participaron miembros del Consejo de Directores de la JAD, el embajador de Espa\u00f1a en el pa\u00eds, Alejandro Abell\u00e1n Garc\u00eda de Diego, Olaya Dotel, Viceministra de Cooperaci\u00f3n Internacional del MEPyD y l\u00edderes del Sector Agropecuario de distintas provincias.<\/span><\/p>\n<p><span class=\"text1noticias\"> <\/span><\/p>\n<p><span class=\"text1noticias\">Fuente: Raquel de la<\/span> Cruz<\/p>\n<\/p>\n<h6> 2020-11-19 12:43:14 <\/h6>\n<p><!--\n<link rel=\"stylesheet\" href=\"css\/bootstrap.min.css\">\n\n\n<ul class=\"pagination\">\n\t    \n\t\n\n<li >\n\t<a href='?page_no=60'>Previous<\/a>\n\t<\/li>\n\n\n       \n    \n\n<li><a href='?page_no=1'>1<\/a><\/li>\n\n\n\n<li><a href='?page_no=2'>2<\/a><\/li>\n\n\n\n<li><a>...<\/a><\/li>\n\n\n\n<li><a href='?page_no=59'>59<\/a><\/li>\n\n\n\n<li><a href='?page_no=60'>60<\/a><\/li>\n\n\n\n<li class='active'><a>61<\/a><\/li>\n\n\n\n<li><a href='?page_no=62'>62<\/a><\/li>\n\n\n\n<li><a href='?page_no=63'>63<\/a><\/li>\n\n\n\n<li><a>...<\/a><\/li>\n\n\n\n<li><a href='?page_no=56169'>56169<\/a><\/li>\n\n\n\n<li><a href='?page_no=56170'>56170<\/a><\/li>\n\n    \n\t\n\n<li >\n\t<a href='?page_no=62'>Next<\/a>\n\t<\/li>\n\n\n    \n\n<li><a href='?page_no=56170'>Last &rsaquo;&rsaquo;<\/a><\/li>\n\n<\/ul>\n\n\n--><br \/>\n<\/body><\/p>\n","protected":false},"excerpt":{"rendered":"<p>diariodominicano.com Santo Domingo, R. D., 19 de noviembre, 2020.- Hoy inicia el proyecto ejecutado por la Junta Agroempresarial Dominicana (JAD) y financiado por la Agencia Espa\u00f1ola de Cooperaci\u00f3n Internacional para el Desarrollo (AECID) \u00abRecuperaci\u00f3n de medios de vida para peque\u00f1os productores agr\u00edcolas y ganaderos de productos de la canasta b\u00e1sica afectados por la crisis del [&hellip;]<\/p>\n","protected":false},"author":3,"featured_media":0,"comment_status":"open","ping_status":"open","sticky":false,"template":"","format":"standard","meta":{"footnotes":""},"categories":[20],"tags":[],"class_list":["post-225926","post","type-post","status-publish","format-standard","hentry","category-dominicana-hoy"],"_links":{"self":[{"href":"https:\/\/diariodominicano.com\/index.php?rest_route=\/wp\/v2\/posts\/225926","targetHints":{"allow":["GET"]}}],"collection":[{"href":"https:\/\/diariodominicano.com\/index.php?rest_route=\/wp\/v2\/posts"}],"about":[{"href":"https:\/\/diariodominicano.com\/index.php?rest_route=\/wp\/v2\/types\/post"}],"author":[{"embeddable":true,"href":"https:\/\/diariodominicano.com\/index.php?rest_route=\/wp\/v2\/users\/3"}],"replies":[{"embeddable":true,"href":"https:\/\/diariodominicano.com\/index.php?rest_route=%2Fwp%2Fv2%2Fcomments&post=225926"}],"version-history":[{"count":0,"href":"https:\/\/diariodominicano.com\/index.php?rest_route=\/wp\/v2\/posts\/225926\/revisions"}],"wp:attachment":[{"href":"https:\/\/diariodominicano.com\/index.php?rest_route=%2Fwp%2Fv2%2Fmedia&parent=225926"}],"wp:term":[{"taxonomy":"category","embeddable":true,"href":"https:\/\/diariodominicano.com\/index.php?rest_route=%2Fwp%2Fv2%2Fcategories&post=225926"},{"taxonomy":"post_tag","embeddable":true,"href":"https:\/\/diariodominicano.com\/index.php?rest_route=%2Fwp%2Fv2%2Ftags&post=225926"}],"curies":[{"name":"wp","href":"https:\/\/api.w.org\/{rel}","templated":true}]}}