{"id":225815,"date":"2020-11-19T13:24:28","date_gmt":"2020-11-19T13:24:28","guid":{"rendered":"http:\/\/diariodominicano.ddns.net\/?p=225815"},"modified":"2020-11-19T13:24:28","modified_gmt":"2020-11-19T13:24:28","slug":"gobierno-entrega-rd134-millones-para-obras-a-ejecutar-por-las-alcaldias-de-la-provincia-de-santiago","status":"publish","type":"post","link":"https:\/\/diariodominicano.com\/?p=225815","title":{"rendered":"Gobierno entrega RD$134 millones para obras a ejecutar por las alcald\u00edas de la provincia de Santiago"},"content":{"rendered":"<p><body><\/p>\n<p><span class=\"text1noticias\">diariodominicano.com<\/span><\/p>\n<p><span class=\"text1noticias\"> <\/span><\/p>\n<p><span class=\"text1noticias\">Santiago, R. D., 19 de noviembre, 2020. &#8211; En beneficio de las comunidades de la provincia el Gobierno entreg\u00f3 este mi\u00e9rcoles RD$134 millones a las alcald\u00edas y direcciones de distritos de Santiago para la construcci\u00f3n de 40 obras.<\/span><\/p>\n<p><span class=\"text1noticias\"> <\/span><\/p>\n<p><span class=\"text1noticias\">El acto, celebrado en el hotel Gran Almirante, fue encabezado por el presidente Luis Abinader quien dijo creer en la municipalidad y la descentralizaci\u00f3n del Estado.<\/span><\/p>\n<p><span class=\"text1noticias\"> <\/span><\/p>\n<p><span class=\"text1noticias\">\u00abSantiago, como lo dijimos antes, en nuestra administraci\u00f3n va a recibir las obras y la importancia que tiene esta gran provincia por sus aportes a los ingresos tributarios y al Producto Bruto Interno\u00bb, garantiz\u00f3 el gobernante.<\/span><\/p>\n<p><span class=\"text1noticias\"> <\/span><\/p>\n<p><span class=\"text1noticias\">En el municipio de Santiago los aportes ser\u00e1n destinados para la reconstrucci\u00f3n de las iglesias Santa Rosa de Lima y Caridad del Cobre, entre otras obras.<\/span><\/p>\n<p><span class=\"text1noticias\"> <\/span><\/p>\n<p><span class=\"text1noticias\">Al anunciar la entrega, el ministro Paliza dijo que el Gobierno del presidente Abinader ofrece especial atenci\u00f3n a fortalecer las relaciones con los dem\u00e1s poderes del Estado.<\/span><\/p>\n<p><span class=\"text1noticias\"> <\/span><\/p>\n<p><span class=\"text1noticias\">En el encuentro, realizado en el hotel Hodelpa, Gran Almirante, recibieron dichos recursos, Alfredo Reyes, San Jos\u00e9 de las Matas; Ivanova Ramos, distrito municipal El Rubio; Tito Bueno, Navarrete; C\u00e9sar \u00c1lvarez, Villa Gonz\u00e1lez; Eddy Ch\u00e1vez, La Canela.<\/span><\/p>\n<p><span class=\"text1noticias\"> <\/span><\/p>\n<p><span class=\"text1noticias\">Tambi\u00e9n, Eddy B\u00e1ez, Santiago Este; Eddy Rivas, La Cuesta; Rodolfo Reyes, Sabana Iglesia; Enrique Romero, El Pu\u00f1al; Bernardo L\u00f3pez, Baitoa; Juan Mart\u00ednez, Canabacoa; Fiordenis Taveras, Guayabal; Miguel Ferreras, Jacagua, entre otros.<\/span><\/p>\n<p><span class=\"text1noticias\"> <\/span><\/p>\n<p><span class=\"text1noticias\">El presidente tambi\u00e9n autoriz\u00f3 al ministro de Salud P\u00fablica para que entregue un mill\u00f3n de pesos a cada alcald\u00eda para combatir el COVID-19.<\/span><\/p>\n<p><span class=\"text1noticias\"> <\/span><\/p>\n<p><span class=\"text1noticias\">Acompa\u00f1aron al presidente Abinader, la vicepresidenta de la Rep\u00fablica, Raquel Pena; el presidente del Senado y senador de Santiago, Eduardo Estrella; los ministros Administrativo de la Presidencia, Jos\u00e9 Ignacio Paliza; Obras Publicas, Deligne Asenci\u00f3n; de Salud P\u00fablica, Plutarco Arias y el director de ProIndustria, Ulises <\/span>Rodr\u00edguez.<\/p>\n<h6> 2020-11-19 13:24:28 <\/h6>\n<p><!--\n<link rel=\"stylesheet\" href=\"css\/bootstrap.min.css\">\n\n\n<ul class=\"pagination\">\n\t    \n\t\n\n<li >\n\t<a href='?page_no=59'>Previous<\/a>\n\t<\/li>\n\n\n       \n    \n\n<li><a href='?page_no=1'>1<\/a><\/li>\n\n\n\n<li><a href='?page_no=2'>2<\/a><\/li>\n\n\n\n<li><a>...<\/a><\/li>\n\n\n\n<li><a href='?page_no=58'>58<\/a><\/li>\n\n\n\n<li><a href='?page_no=59'>59<\/a><\/li>\n\n\n\n<li class='active'><a>60<\/a><\/li>\n\n\n\n<li><a href='?page_no=61'>61<\/a><\/li>\n\n\n\n<li><a href='?page_no=62'>62<\/a><\/li>\n\n\n\n<li><a>...<\/a><\/li>\n\n\n\n<li><a href='?page_no=56169'>56169<\/a><\/li>\n\n\n\n<li><a href='?page_no=56170'>56170<\/a><\/li>\n\n    \n\t\n\n<li >\n\t<a href='?page_no=61'>Next<\/a>\n\t<\/li>\n\n\n    \n\n<li><a href='?page_no=56170'>Last &rsaquo;&rsaquo;<\/a><\/li>\n\n<\/ul>\n\n\n--><br \/>\n<\/body><\/p>\n","protected":false},"excerpt":{"rendered":"<p>diariodominicano.com Santiago, R. D., 19 de noviembre, 2020. &#8211; En beneficio de las comunidades de la provincia el Gobierno entreg\u00f3 este mi\u00e9rcoles RD$134 millones a las alcald\u00edas y direcciones de distritos de Santiago para la construcci\u00f3n de 40 obras. El acto, celebrado en el hotel Gran Almirante, fue encabezado por el presidente Luis Abinader quien [&hellip;]<\/p>\n","protected":false},"author":3,"featured_media":0,"comment_status":"open","ping_status":"open","sticky":false,"template":"","format":"standard","meta":{"footnotes":""},"categories":[20],"tags":[],"class_list":["post-225815","post","type-post","status-publish","format-standard","hentry","category-dominicana-hoy"],"_links":{"self":[{"href":"https:\/\/diariodominicano.com\/index.php?rest_route=\/wp\/v2\/posts\/225815","targetHints":{"allow":["GET"]}}],"collection":[{"href":"https:\/\/diariodominicano.com\/index.php?rest_route=\/wp\/v2\/posts"}],"about":[{"href":"https:\/\/diariodominicano.com\/index.php?rest_route=\/wp\/v2\/types\/post"}],"author":[{"embeddable":true,"href":"https:\/\/diariodominicano.com\/index.php?rest_route=\/wp\/v2\/users\/3"}],"replies":[{"embeddable":true,"href":"https:\/\/diariodominicano.com\/index.php?rest_route=%2Fwp%2Fv2%2Fcomments&post=225815"}],"version-history":[{"count":0,"href":"https:\/\/diariodominicano.com\/index.php?rest_route=\/wp\/v2\/posts\/225815\/revisions"}],"wp:attachment":[{"href":"https:\/\/diariodominicano.com\/index.php?rest_route=%2Fwp%2Fv2%2Fmedia&parent=225815"}],"wp:term":[{"taxonomy":"category","embeddable":true,"href":"https:\/\/diariodominicano.com\/index.php?rest_route=%2Fwp%2Fv2%2Fcategories&post=225815"},{"taxonomy":"post_tag","embeddable":true,"href":"https:\/\/diariodominicano.com\/index.php?rest_route=%2Fwp%2Fv2%2Ftags&post=225815"}],"curies":[{"name":"wp","href":"https:\/\/api.w.org\/{rel}","templated":true}]}}