{"id":225703,"date":"2020-11-19T13:27:13","date_gmt":"2020-11-19T13:27:13","guid":{"rendered":"http:\/\/diariodominicano.ddns.net\/?p=225703"},"modified":"2020-11-19T13:27:13","modified_gmt":"2020-11-19T13:27:13","slug":"entregan-centro-de-diagnostico-y-atencion-primaria-en-los-guandules-santiago","status":"publish","type":"post","link":"https:\/\/diariodominicano.com\/?p=225703","title":{"rendered":"Entregan Centro de Diagn\u00f3stico y Atenci\u00f3n Primaria en Los Guandules, Santiago"},"content":{"rendered":"<p><body><\/p>\n<p><img decoding=\"async\" src=\"img3\/AbaderSantiagoHosp19-11-20.jpeg\" \/>  <\/p>\n<p><span class=\"text1noticias\"> <\/span><\/p>\n<p><span class=\"text1noticias\">diariodominicano.com<\/span><\/p>\n<p><span class=\"text1noticias\"> <\/span><\/p>\n<p><span class=\"text1noticias\">Santiago, R. D., 19 de noviembre, 2020. &#8211; El presidente Luis Abinader entreg\u00f3 este mi\u00e9rcoles, a trav\u00e9s del Instituto Nacional de la Vivienda (INVI), el Centro de Diagn\u00f3stico y Atenci\u00f3n Primaria del sector Los Guandules, en esta ciudad, una estructura hospitalaria de primera y con modernos equipos al servicio de los residentes en la comunidad.<\/span><\/p>\n<p><span class=\"text1noticias\"> <\/span><\/p>\n<p><span class=\"text1noticias\">El mandatario indic\u00f3 que la obra llevaba m\u00e1s de siete a\u00f1os en construcci\u00f3n y que las nuevas autoridades la recibieron con una ejecuci\u00f3n inferior al 60 por ciento de su estructura.<\/span><\/p>\n<p><span class=\"text1noticias\"> <\/span><\/p>\n<p><span class=\"text1noticias\">Signific\u00f3 que, pese a la situaci\u00f3n, la obra fue terminada y entregada al Servicio Nacional de Salud para que la ponga a funcionar como parte del Plan de los Cien D\u00edas de su gesti\u00f3n gubernamental.<\/span><\/p>\n<p><span class=\"text1noticias\"> <\/span><\/p>\n<p><span class=\"text1noticias\">Abinader durante el acto inaugural manifest\u00f3 que la salud es una de las principales prioridades del Gobierno. <\/span><\/p>\n<p><span class=\"text1noticias\"> <\/span><\/p>\n<p><span class=\"text1noticias\">\u00abEse es nuestro objetivo, que aqu\u00ed en Los Guandules y en Hato del Yaque, as\u00ed como todo el pa\u00eds, podamos tener la salud universal que se necesita y que este Gobierno les va a proveer a toda la Rep\u00fablica Dominicana\u00bb, afirm\u00f3.<\/span><\/p>\n<p><span class=\"text1noticias\"> <\/span><\/p>\n<p><span class=\"text1noticias\">El gobernante consider\u00f3 que en las naciones que tienen un buen servicio de salud p\u00fablica, sus ciudadanos est\u00e1n mejor preparados para realizar una mejor labor.<\/span><\/p>\n<p><span class=\"text1noticias\"> <\/span><\/p>\n<p><span class=\"text1noticias\">Anunci\u00f3 que en los pr\u00f3ximos d\u00edas el Servicio Nacional de Salud (SENASA) proceder\u00e1 a afiliar a los residentes en Los Guandules, para que todos tengan su seguro m\u00e9dico.<\/span><\/p>\n<p><span class=\"text1noticias\"> <\/span><\/p>\n<p><span class=\"text1noticias\">\u00abLo que queremos es tender a la gente que lo necesita. Nuestro objetivo es trabajar por el pueblo dominicano\u00bb, indic\u00f3.<\/span><\/p>\n<p><span class=\"text1noticias\"> <\/span><\/p>\n<p><span class=\"text1noticias\">Durante la entrega, en esta importante zona agr\u00edcola y comercial del pa\u00eds, el director general del Instituto Nacional de la Vivienda (INVI), Carlos Bonilla, manifest\u00f3 que desde que inici\u00f3 esta gesti\u00f3n de Gobierno, se avanz\u00f3 en la construcci\u00f3n y reparaci\u00f3n de hospitales y centros de salud a nivel nacional.<\/span><\/p>\n<p><span class=\"text1noticias\"> <\/span><\/p>\n<p><span class=\"text1noticias\">Bonilla resalt\u00f3 que \u00abas\u00ed como lo hacemos aqu\u00ed, lo haremos a lo largo de todo el territorio nacional. Nos comprometemos a trabajar arduamente para que el pa\u00eds tenga la infraestructura necesaria para lograr que la salud no sea un privilegio y se convierta en un derecho de todos\u00bb.<\/span><\/p>\n<p><span class=\"text1noticias\"> <\/span><\/p>\n<p><span class=\"text1noticias\">En la actividad acompa\u00f1aron al presidente Abinader, la vicepresidenta de la Rep\u00fablica, Raquel Pe\u00f1a; el presidente del Senado, Eduardo Estrella; los ministros Administrativo de la Presidencia, Jos\u00e9 Ignacio Paliza; Obras P\u00fablicas, Deligne Asenci\u00f3n y de Salud P\u00fablica, Plutarco Arias.<\/span><\/p>\n<p><span class=\"text1noticias\"> <\/span><\/p>\n<p><span class=\"text1noticias\">Adem\u00e1s, el director de ProIndustria, Ulises Rodr\u00edguez; la gobernadora de Santiago, Rosa Santos; el administrador de EDENORTE, Andr\u00e9s Cueto y el director del SENASA<\/span>, Mario Lama.<\/p>\n<\/p>\n<p>Fuente: Presidencia de la Rep\u00fablica Dominicana<\/p>\n<p>Noticias<\/p>\n<h6> 2020-11-19 13:27:13 <\/h6>\n<p><!--\n<link rel=\"stylesheet\" href=\"css\/bootstrap.min.css\">\n\n\n<ul class=\"pagination\">\n\t    \n\t\n\n<li >\n\t<a href='?page_no=58'>Previous<\/a>\n\t<\/li>\n\n\n       \n    \n\n<li><a href='?page_no=1'>1<\/a><\/li>\n\n\n\n<li><a href='?page_no=2'>2<\/a><\/li>\n\n\n\n<li><a>...<\/a><\/li>\n\n\n\n<li><a href='?page_no=57'>57<\/a><\/li>\n\n\n\n<li><a href='?page_no=58'>58<\/a><\/li>\n\n\n\n<li class='active'><a>59<\/a><\/li>\n\n\n\n<li><a href='?page_no=60'>60<\/a><\/li>\n\n\n\n<li><a href='?page_no=61'>61<\/a><\/li>\n\n\n\n<li><a>...<\/a><\/li>\n\n\n\n<li><a href='?page_no=56169'>56169<\/a><\/li>\n\n\n\n<li><a href='?page_no=56170'>56170<\/a><\/li>\n\n    \n\t\n\n<li >\n\t<a href='?page_no=60'>Next<\/a>\n\t<\/li>\n\n\n    \n\n<li><a href='?page_no=56170'>Last &rsaquo;&rsaquo;<\/a><\/li>\n\n<\/ul>\n\n\n--><br \/>\n<\/body><\/p>\n","protected":false},"excerpt":{"rendered":"<p>diariodominicano.com Santiago, R. D., 19 de noviembre, 2020. &#8211; El presidente Luis Abinader entreg\u00f3 este mi\u00e9rcoles, a trav\u00e9s del Instituto Nacional de la Vivienda (INVI), el Centro de Diagn\u00f3stico y Atenci\u00f3n Primaria del sector Los Guandules, en esta ciudad, una estructura hospitalaria de primera y con modernos equipos al servicio de los residentes en la [&hellip;]<\/p>\n","protected":false},"author":3,"featured_media":0,"comment_status":"open","ping_status":"open","sticky":false,"template":"","format":"standard","meta":{"footnotes":""},"categories":[20],"tags":[],"class_list":["post-225703","post","type-post","status-publish","format-standard","hentry","category-dominicana-hoy"],"_links":{"self":[{"href":"https:\/\/diariodominicano.com\/index.php?rest_route=\/wp\/v2\/posts\/225703","targetHints":{"allow":["GET"]}}],"collection":[{"href":"https:\/\/diariodominicano.com\/index.php?rest_route=\/wp\/v2\/posts"}],"about":[{"href":"https:\/\/diariodominicano.com\/index.php?rest_route=\/wp\/v2\/types\/post"}],"author":[{"embeddable":true,"href":"https:\/\/diariodominicano.com\/index.php?rest_route=\/wp\/v2\/users\/3"}],"replies":[{"embeddable":true,"href":"https:\/\/diariodominicano.com\/index.php?rest_route=%2Fwp%2Fv2%2Fcomments&post=225703"}],"version-history":[{"count":0,"href":"https:\/\/diariodominicano.com\/index.php?rest_route=\/wp\/v2\/posts\/225703\/revisions"}],"wp:attachment":[{"href":"https:\/\/diariodominicano.com\/index.php?rest_route=%2Fwp%2Fv2%2Fmedia&parent=225703"}],"wp:term":[{"taxonomy":"category","embeddable":true,"href":"https:\/\/diariodominicano.com\/index.php?rest_route=%2Fwp%2Fv2%2Fcategories&post=225703"},{"taxonomy":"post_tag","embeddable":true,"href":"https:\/\/diariodominicano.com\/index.php?rest_route=%2Fwp%2Fv2%2Ftags&post=225703"}],"curies":[{"name":"wp","href":"https:\/\/api.w.org\/{rel}","templated":true}]}}