{"id":225592,"date":"2020-11-19T14:05:37","date_gmt":"2020-11-19T14:05:37","guid":{"rendered":"http:\/\/diariodominicano.ddns.net\/?p=225592"},"modified":"2020-11-19T14:05:37","modified_gmt":"2020-11-19T14:05:37","slug":"el-presidente-luis-abinader-entrega-centro-de-atencion-primaria-y-anuncia-la-construccion-de-la-circunvalacion-de-navarrete","status":"publish","type":"post","link":"https:\/\/diariodominicano.com\/?p=225592","title":{"rendered":"El presidente Luis Abinader entrega centro de atenci\u00f3n primaria y anuncia la construcci\u00f3n de la Circunvalaci\u00f3n de Navarrete"},"content":{"rendered":"<p><body><\/p>\n<p><img decoding=\"async\" src=\"img3\/NavarreteAbinader19-11-20.jpeg\" \/>  <\/p>\n<p><strong><span class=\"text1noticias\">diariodominicano.com<\/span><\/strong><\/p>\n<p><strong><span class=\"text1noticias\"> <\/span><\/strong><\/p>\n<p><strong><span class=\"text1noticias\">Navarrete, Santiago, R. D., 19 de noviembre, 2020.-<\/span><\/strong><span class=\"text1noticias\"> El presidente Luis Abinader dej\u00f3 inaugurado este jueves un Centro de Diagn\u00f3stico y Atenci\u00f3n Primaria en Navarrete, provincia Santiago, como parte de su agenda de trabajo en la zona norte del pa\u00eds.<\/span><\/p>\n<p><span class=\"text1noticias\"> <\/span><\/p>\n<p><span class=\"text1noticias\">El centro de salud se suma a otras edificaciones hospitalarias inauguradas en los primeros cien d\u00edas de gesti\u00f3n, y que est\u00e1 equipado para que el Servicio Nacional de Salud (SNS) lo ponga en funcionamiento y al servicio de los comunitarios. <\/span><\/p>\n<p><span class=\"text1noticias\"> <\/span><\/p>\n<p><span class=\"text1noticias\">Abinader reiter\u00f3 que la salud es una prioridad para el Gobierno que encabeza y resalt\u00f3 el inter\u00e9s de seguir creando fuentes de empleos para todos los dominicanos. <\/span><\/p>\n<p><span class=\"text1noticias\"> <\/span><\/p>\n<p><span class=\"text1noticias\">\u00abVamos a continuar buscando las obras prioritarias en todo el pa\u00eds y debo decir que, la salud, es prioritaria para este Gobierno. Vamos a continuar invirtiendo en la salud que esto est\u00e9 claro\u00bb, puntualiz\u00f3.  <\/span><\/p>\n<p><span class=\"text1noticias\"> <\/span><\/p>\n<p><span class=\"text1noticias\">El presidente Abinader dijo que este centro lo recibieron en un 70% en proceso de construcci\u00f3n y en un 55% en inversi\u00f3n en equipos. <\/span><\/p>\n<p><span class=\"text1noticias\"> <\/span><\/p>\n<p><span class=\"text1noticias\">Dio instrucciones al director del Instituto Nacional de la Vivienda (INVI), Carlos Bonilla, para su r\u00e1pida terminaci\u00f3n, por la importancia de la obra, as\u00ed como las necesidades de servicio de salud que tienen los residentes de Navarrete. <\/span><\/p>\n<p><span class=\"text1noticias\"> <\/span><\/p>\n<p><span class=\"text1noticias\">\u00abComo presidente de todos los dominicanos y dominicanas que soy, tenemos que dar continuidad a las obras de Estado, y no me canso de repetir que la salud es prioridad de este Gobierno\u00bb, dijo el mandatario. <\/span><\/p>\n<p><span class=\"text1noticias\"> <\/span><\/p>\n<p><span class=\"text1noticias\">El director del INVI, expres\u00f3 que obras como estas ten\u00edan m\u00e1s de siete a\u00f1os en construcci\u00f3n y un total abandono. Agreg\u00f3 que el nuevo Centro de Atenci\u00f3n Primaria permitir\u00e1 a los ciudadanos de Navarrete, contar con atenci\u00f3n m\u00e9dica de emergencia, servicios de ginecolog\u00eda, medicina interna, pediatr\u00eda, psicolog\u00eda, enfermer\u00eda, fisiatr\u00eda y farmacia.<\/span><\/p>\n<p><span class=\"text1noticias\"> <\/span><\/p>\n<p><span class=\"text1noticias\">Al acto inaugural asistieron el senador por Santiago y presidente del Senado, Eduardo Estrella; Plutarco Arias, ministro de Salud P\u00fablica; Mario Lama, director del Servicio Nacional de Salud (SNS); Rosa Santos, gobernadora de Santiago; Igor Rodr\u00edguez, viceministro Administrativo de la Presidencia; Leonardo Bueno, alcalde de Navarrete; Andr\u00e9s Cueto, director de la Empresa de Energ\u00eda del Norte (Edenorte) y el p\u00e1rroco V\u00edctor Elvis Dilon\u00e9, quien tuvo a cargo la bendici\u00f3n.  <\/span><\/p>\n<p><span class=\"text1noticias\"> <\/span><\/p>\n<p><span class=\"text1noticias\">La Circunvalaci\u00f3n de Navarrete para 2021<\/span><\/p>\n<p><span class=\"text1noticias\"> <\/span><\/p>\n<p><span class=\"text1noticias\">Durante la ceremonia, el presidente Luis Abinader, anunci\u00f3 la construcci\u00f3n de la Circunvalaci\u00f3n de Navarrete para el a\u00f1o pr\u00f3ximo a\u00f1o, obra solicitada por los comunitarios y las autoridades locales durante muchos a\u00f1os. <\/span><\/p>\n<p><span class=\"text1noticias\"> <\/span><\/p>\n<p><span class=\"text1noticias\">\u00abTambi\u00e9n puedo decir de una obra importante que vamos a construir, que va a ayudar a facilitar y mejorar la calidad de vida, es la Circunvalaci\u00f3n de Navarrete\u00bb, precis\u00f3.<\/span><\/p>\n<p><span class=\"text1noticias\"> <\/span><\/p>\n<p><span class=\"text1noticias\">Abinader asegur\u00f3 que los recursos para su construcci\u00f3n ya est\u00e1n disponibles para el a\u00f1o pr\u00f3ximo. \u00abEsperamos que, para el segundo trimestre, despu\u00e9s de las licitaciones y cumplir con las contrataciones de Gobierno, empecemos a trabajar en las prioridades de Navarrete\u00bb. <\/span><\/p>\n<h6> 2020-11-19 14:05:37 <\/h6>\n<p><!--\n<link rel=\"stylesheet\" href=\"css\/bootstrap.min.css\">\n\n\n<ul class=\"pagination\">\n\t    \n\t\n\n<li >\n\t<a href='?page_no=57'>Previous<\/a>\n\t<\/li>\n\n\n       \n    \n\n<li><a href='?page_no=1'>1<\/a><\/li>\n\n\n\n<li><a href='?page_no=2'>2<\/a><\/li>\n\n\n\n<li><a>...<\/a><\/li>\n\n\n\n<li><a href='?page_no=56'>56<\/a><\/li>\n\n\n\n<li><a href='?page_no=57'>57<\/a><\/li>\n\n\n\n<li class='active'><a>58<\/a><\/li>\n\n\n\n<li><a href='?page_no=59'>59<\/a><\/li>\n\n\n\n<li><a href='?page_no=60'>60<\/a><\/li>\n\n\n\n<li><a>...<\/a><\/li>\n\n\n\n<li><a href='?page_no=56169'>56169<\/a><\/li>\n\n\n\n<li><a href='?page_no=56170'>56170<\/a><\/li>\n\n    \n\t\n\n<li >\n\t<a href='?page_no=59'>Next<\/a>\n\t<\/li>\n\n\n    \n\n<li><a href='?page_no=56170'>Last &rsaquo;&rsaquo;<\/a><\/li>\n\n<\/ul>\n\n\n--><br \/>\n<\/body><\/p>\n","protected":false},"excerpt":{"rendered":"<p>diariodominicano.com Navarrete, Santiago, R. D., 19 de noviembre, 2020.- El presidente Luis Abinader dej\u00f3 inaugurado este jueves un Centro de Diagn\u00f3stico y Atenci\u00f3n Primaria en Navarrete, provincia Santiago, como parte de su agenda de trabajo en la zona norte del pa\u00eds. El centro de salud se suma a otras edificaciones hospitalarias inauguradas en los primeros [&hellip;]<\/p>\n","protected":false},"author":3,"featured_media":0,"comment_status":"open","ping_status":"open","sticky":false,"template":"","format":"standard","meta":{"footnotes":""},"categories":[20],"tags":[],"class_list":["post-225592","post","type-post","status-publish","format-standard","hentry","category-dominicana-hoy"],"_links":{"self":[{"href":"https:\/\/diariodominicano.com\/index.php?rest_route=\/wp\/v2\/posts\/225592","targetHints":{"allow":["GET"]}}],"collection":[{"href":"https:\/\/diariodominicano.com\/index.php?rest_route=\/wp\/v2\/posts"}],"about":[{"href":"https:\/\/diariodominicano.com\/index.php?rest_route=\/wp\/v2\/types\/post"}],"author":[{"embeddable":true,"href":"https:\/\/diariodominicano.com\/index.php?rest_route=\/wp\/v2\/users\/3"}],"replies":[{"embeddable":true,"href":"https:\/\/diariodominicano.com\/index.php?rest_route=%2Fwp%2Fv2%2Fcomments&post=225592"}],"version-history":[{"count":0,"href":"https:\/\/diariodominicano.com\/index.php?rest_route=\/wp\/v2\/posts\/225592\/revisions"}],"wp:attachment":[{"href":"https:\/\/diariodominicano.com\/index.php?rest_route=%2Fwp%2Fv2%2Fmedia&parent=225592"}],"wp:term":[{"taxonomy":"category","embeddable":true,"href":"https:\/\/diariodominicano.com\/index.php?rest_route=%2Fwp%2Fv2%2Fcategories&post=225592"},{"taxonomy":"post_tag","embeddable":true,"href":"https:\/\/diariodominicano.com\/index.php?rest_route=%2Fwp%2Fv2%2Ftags&post=225592"}],"curies":[{"name":"wp","href":"https:\/\/api.w.org\/{rel}","templated":true}]}}