{"id":225481,"date":"2020-11-19T15:46:57","date_gmt":"2020-11-19T15:46:57","guid":{"rendered":"http:\/\/diariodominicano.ddns.net\/?p=225481"},"modified":"2020-11-19T15:46:57","modified_gmt":"2020-11-19T15:46:57","slug":"ministro-de-salud-dice-poblacion-no-ha-entendido-covid-19-es-una-enfermedad-muy-contagiosa-y-de-cuidado","status":"publish","type":"post","link":"https:\/\/diariodominicano.com\/?p=225481","title":{"rendered":"Ministro de Salud dice: poblaci\u00f3n no ha entendido COVID-19 es una enfermedad muy contagiosa y de cuidado"},"content":{"rendered":"<p><body><\/p>\n<p><img decoding=\"async\" src=\"img3\/PlutarcoAriasSalud19-11-20.jpg\" \/>  <\/p>\n<p><span class=\"text1noticias\"> <\/span><\/p>\n<p><span class=\"text1noticias\"> diariodominicano.com<\/span><\/p>\n<p><span class=\"text1noticias\"> <\/span><\/p>\n<p><span class=\"text1noticias\">Navarrete, Santiago, R. D., 19 de noviembre, 2020.-  El ministro de Salud P\u00fablica, doctor Plutarco Arias llam\u00f3 la atenci\u00f3n de la poblaci\u00f3n para que entienda que la COVID-19 es una realidad, una enfermedad que calific\u00f3 de altamente contagiosa y de cuidado, al tiempo que inform\u00f3 de un leve aumento de casos positivos en el pa\u00eds, debido a que la gente no se cuida ni guarda las debidas medidas de prevenci\u00f3n.<\/span><\/p>\n<p><span class=\"text1noticias\"> <\/span><\/p>\n<p><span class=\"text1noticias\">El funcionario habl\u00f3 tras acompa\u00f1ar al presidente Abinader en un recorrido por Santiago y la L\u00ednea Noroeste y que uno de los factores que ha evitado la disminuci\u00f3n de la enfermedad es que las personas no han entendido que es una enfermedad real, pero a\u00fan desconocida que causa la muerte y que es evitable si se asumen las medidas pertinentes, principalmente evitar aglomeraciones.<\/span><\/p>\n<p><span class=\"text1noticias\"> <\/span><\/p>\n<p><span class=\"text1noticias\">Reconoci\u00f3 que en las \u00faltimas cuatro semanas han subido levemente los casos, y se mantiene oscilando en un punto, sube uno y baja uno, pero la positividad de ese periodo de tiempo se mantiene en un 10.6 por ciento. No obstante se elev\u00f3 un poco en esta semana.<\/span><\/p>\n<p><span class=\"text1noticias\"> <\/span><\/p>\n<p><span class=\"text1noticias\">\u00abLos contagios se deben a que ustedes los dominicanos y en el mundo entero, no han entendido que esta enfermedad es muy contagiosa y de alta letalidad, que es desconocida, pero los dominicanos creen que no est\u00e1 pasando nada y la COVID-19 es una realidad\u00bb dijo el doctor Arias.<\/span><\/p>\n<p><span class=\"text1noticias\"> <\/span><\/p>\n<p><span class=\"text1noticias\">El responsable de la cartera de Salud reiter\u00f3 que su posici\u00f3n con respecto a la cena de Nochebuena es que la gente cene con su familia y se vaya temprano a sus casas, para evitar aglomeraciones y que se declare no laborable para que la gente epoda hacer sus compras con tranquilidad.<\/span><\/p>\n<p><span class=\"text1noticias\"> <\/span><\/p>\n<p><span class=\"text1noticias\">Arias acompa\u00f1\u00f3 al primer mandatario Lu\u00eds Abinader en su recorrido por varios municipios de las provincias de Santiago y Valverde, donde fueron entregados dos centros modernos diagn\u00f3sticos.<\/span><\/p>\n<\/p>\n<p><span class=\"text1noticias\">Fuente: Direcci\u00f3n de Comunicaci\u00f3n Estr<\/span>at\u00e9gica<\/p>\n<p><span class=\"text1noticias\">Ministerio de Salud P\u00fablica y Asistecia Social<\/span><\/p>\n<p><span class=\"text1noticias\">Santo Domingo, 19 de noviembre de 2020<\/span><\/p>\n<h6> 2020-11-19 15:46:57 <\/h6>\n<p><!--\n<link rel=\"stylesheet\" href=\"css\/bootstrap.min.css\">\n\n\n<ul class=\"pagination\">\n\t    \n\t\n\n<li >\n\t<a href='?page_no=56'>Previous<\/a>\n\t<\/li>\n\n\n       \n    \n\n<li><a href='?page_no=1'>1<\/a><\/li>\n\n\n\n<li><a href='?page_no=2'>2<\/a><\/li>\n\n\n\n<li><a>...<\/a><\/li>\n\n\n\n<li><a href='?page_no=55'>55<\/a><\/li>\n\n\n\n<li><a href='?page_no=56'>56<\/a><\/li>\n\n\n\n<li class='active'><a>57<\/a><\/li>\n\n\n\n<li><a href='?page_no=58'>58<\/a><\/li>\n\n\n\n<li><a href='?page_no=59'>59<\/a><\/li>\n\n\n\n<li><a>...<\/a><\/li>\n\n\n\n<li><a href='?page_no=56169'>56169<\/a><\/li>\n\n\n\n<li><a href='?page_no=56170'>56170<\/a><\/li>\n\n    \n\t\n\n<li >\n\t<a href='?page_no=58'>Next<\/a>\n\t<\/li>\n\n\n    \n\n<li><a href='?page_no=56170'>Last &rsaquo;&rsaquo;<\/a><\/li>\n\n<\/ul>\n\n\n--><br \/>\n<\/body><\/p>\n","protected":false},"excerpt":{"rendered":"<p>diariodominicano.com Navarrete, Santiago, R. D., 19 de noviembre, 2020.- El ministro de Salud P\u00fablica, doctor Plutarco Arias llam\u00f3 la atenci\u00f3n de la poblaci\u00f3n para que entienda que la COVID-19 es una realidad, una enfermedad que calific\u00f3 de altamente contagiosa y de cuidado, al tiempo que inform\u00f3 de un leve aumento de casos positivos en el [&hellip;]<\/p>\n","protected":false},"author":3,"featured_media":0,"comment_status":"open","ping_status":"open","sticky":false,"template":"","format":"standard","meta":{"footnotes":""},"categories":[20],"tags":[],"class_list":["post-225481","post","type-post","status-publish","format-standard","hentry","category-dominicana-hoy"],"_links":{"self":[{"href":"https:\/\/diariodominicano.com\/index.php?rest_route=\/wp\/v2\/posts\/225481","targetHints":{"allow":["GET"]}}],"collection":[{"href":"https:\/\/diariodominicano.com\/index.php?rest_route=\/wp\/v2\/posts"}],"about":[{"href":"https:\/\/diariodominicano.com\/index.php?rest_route=\/wp\/v2\/types\/post"}],"author":[{"embeddable":true,"href":"https:\/\/diariodominicano.com\/index.php?rest_route=\/wp\/v2\/users\/3"}],"replies":[{"embeddable":true,"href":"https:\/\/diariodominicano.com\/index.php?rest_route=%2Fwp%2Fv2%2Fcomments&post=225481"}],"version-history":[{"count":0,"href":"https:\/\/diariodominicano.com\/index.php?rest_route=\/wp\/v2\/posts\/225481\/revisions"}],"wp:attachment":[{"href":"https:\/\/diariodominicano.com\/index.php?rest_route=%2Fwp%2Fv2%2Fmedia&parent=225481"}],"wp:term":[{"taxonomy":"category","embeddable":true,"href":"https:\/\/diariodominicano.com\/index.php?rest_route=%2Fwp%2Fv2%2Fcategories&post=225481"},{"taxonomy":"post_tag","embeddable":true,"href":"https:\/\/diariodominicano.com\/index.php?rest_route=%2Fwp%2Fv2%2Ftags&post=225481"}],"curies":[{"name":"wp","href":"https:\/\/api.w.org\/{rel}","templated":true}]}}