{"id":225409,"date":"2018-08-28T12:28:27","date_gmt":"2018-08-28T12:28:27","guid":{"rendered":"http:\/\/diariodominicano.ddns.net\/?p=225409"},"modified":"2025-03-31T22:19:54","modified_gmt":"2025-04-01T02:19:54","slug":"diputado-rafael-mendez-invita-a-la-reflexion-y-lanza-duras-criticas-sobre-caracter-y-forma-de-las-fiestas-patronales","status":"publish","type":"post","link":"https:\/\/diariodominicano.com\/?p=225409","title":{"rendered":"Diputado Rafael M\u00e9ndez invita a la reflexi\u00f3n y lanza duras cr\u00edticas sobre car\u00e1cter y forma de las fiestas patronales"},"content":{"rendered":"<p><body><\/p>\n<p><img decoding=\"async\" src=\"img3\/criti.jpg\" \/>  <\/p>\n<p><strong>SANTO DOMINGO, RD, 28 de agosto de 2018.- <\/strong>Desde hace muchos a\u00f1os venimos denunciando y expresando nuestra preocupaci\u00f3n por las caracter\u00edsticas y formas hasta ciertos puntos<\/p>\n<p>degradantes que han venido asumiendo las denominadas de fiestas patronales, que se efect\u00faan en cada uno de los municipios, distritos<\/p>\n<p>municipales, secciones, parajes y hasta en sectores de las diferentes demarcaciones de la Provincia Bahoruco.<\/p>\n<\/p>\n<p>Record\u00f3  que la visi\u00f3n y concepci\u00f3n de las fiestas patronales hist\u00f3ricamente estuvieron fundamentalmente marcada por el car\u00e1cter<\/p>\n<p>religioso-cultural, y contaban con una masiva participaci\u00f3n de la poblaci\u00f3n en las pr\u00e1cticas de las actividades folkl\u00f3ricas, culturales<\/p>\n<p>y deportivas, en las que se resaltaban, y se pon\u00edan de manifiesto, los aspectos y valores hist\u00f3rico, culturales y patri\u00f3tico, y el disfrute sano en las tradicionales fiestas formales.<\/p>\n<\/p>\n<p>Sin embargo, observamos cr\u00edticamente que el desenvolvimiento de las denominadas fiestas patronales en lo fundamental han degenerado en un<\/p>\n<p>cultos al vicio, y a las m\u00e1s diversas manifestaciones que rayan en lo degradante, sin ning\u00fan control ni l\u00edmite, y que en la inmensa mayor\u00eda<\/p>\n<p>de los casos se puede afirmar que integran pueblo, y que m\u00e1s bien son festividades insanas que incitan de manera protag\u00f3nica la participaci\u00f3n de la ni\u00f1ez, la adolescencia y la juventud.<\/p>\n<\/p>\n<p>Las denominadas fiestas patronales no cuentan con ning\u00fan tipo de regulaci\u00f3n, no se les limitan la cantidad de d\u00edas de celebraci\u00f3n, y<\/p>\n<p>mucho menos su contenido, por lo que consideramos que las ofertas que se hacen a los participantes han devenido en lo que nos atrevemos a<\/p>\n<p>calificar como una aberraci\u00f3n degradante, en un culto al libertinaje, al desorden y al beneficio particular, donde lo religioso, deportivo y<\/p>\n<p>cultural en lo fundamental ha desaparecido, y no han dejado espacio a la diversi\u00f3n y manifestaci\u00f3n sanas, donde se resalten y cultiven los valores aut\u00f3ctono y culturales de la Naci\u00f3n y de las comunidades en particular.<\/p>\n<\/p>\n<p>Advertimos que con nuestra posici\u00f3n u oposici\u00f3n al car\u00e1cter que se le ha imprimiendo a las fiestas patronales no buscamos que estas<\/p>\n<p>desaparezcan, y adelantamos que la intenci\u00f3n y el objeto de nuestra critica lo que busca es que hagamos de estas celebraciones verdaderos espacios de integraci\u00f3n, crecimiento y diversi\u00f3n sanos, en el que los valores religiosos, hist\u00f3ricos, culturales, deportivos y patri\u00f3ticos<\/p>\n<p>se vuelvan referentes resaltantes.<\/p>\n<\/p>\n<p>Lo que reclamamos es que nuestras poblaciones, y sobre todo la ni\u00f1ez, la adolescencia y la juventud, encuentren en las fiestas patronales<\/p>\n<p>espacios de crecimiento y diversi\u00f3n sanos, en el que se estimule verdadera y genuina participaci\u00f3n de pueblo, y donde haya ofertas que<\/p>\n<p>realmente fomenten y promuevan los valores positivos.<\/p>\n<\/p>\n<p>Invitamos a las iglesias de todas las denominaciones, gremios profesionales y de trabajadores, clubes, juntas de vecinos, comunidad<\/p>\n<p>educativa, partidos pol\u00edticos, asociaciones de estudiantes universitarios, de comerciantes, amas de casas, autoridades municipales, instituciones p\u00fablicas y privadas en general, a reflexionar en torno a estas preocupaciones, de la que nos consta son preocupaciones de ustedes, pero que no nos hemos atrevido a buscar medios y espacios para interiorizarla y ponerlas en pr\u00e1ctica.<\/p>\n<\/p>\n<p>NOTA: A principio del 2012, un grupo de productores de programas de radio, televisi\u00f3n y directores de medios digitales nos reunimos con<\/p>\n<p>estas preocupaciones y conocimos este documente que se me hab\u00eda encomendado elaborar. Acordamos convertirle en gu\u00eda de orientaci\u00f3n y<\/p>\n<p>actuaci\u00f3n para el caso que nos ocupa, pero no recuerdo por qu\u00e9 circunstancia todo se qued\u00f3 en el primer pelda\u00f1o, pero ahora conversando con otros sectores conclu\u00edmos en la importancia de volver sobre estos pasos.<\/p>\n<\/p>\n<p>RAFAEL MENDEZ<\/p>\n<p>Diputado Al Congreso Nacional<\/p>\n<p>PROVINCIA BAHORUCO<\/p>\n<h6> 2018-08-28 12:28:27 <\/h6>\n<p><!--\n<link rel=\"stylesheet\" href=\"css\/bootstrap.min.css\">\n\n\n<ul class=\"pagination\">\n\t    \n\t\n\n<li >\n\t<a href='?page_no=5633'>Previous<\/a>\n\t<\/li>\n\n\n       \n    \n\n<li><a href='?page_no=1'>1<\/a><\/li>\n\n\n\n<li><a href='?page_no=2'>2<\/a><\/li>\n\n\n\n<li><a>...<\/a><\/li>\n\n\n\n<li><a href='?page_no=5632'>5632<\/a><\/li>\n\n\n\n<li><a href='?page_no=5633'>5633<\/a><\/li>\n\n\n\n<li class='active'><a>5634<\/a><\/li>\n\n\n\n<li><a href='?page_no=5635'>5635<\/a><\/li>\n\n\n\n<li><a href='?page_no=5636'>5636<\/a><\/li>\n\n\n\n<li><a>...<\/a><\/li>\n\n\n\n<li><a href='?page_no=56169'>56169<\/a><\/li>\n\n\n\n<li><a href='?page_no=56170'>56170<\/a><\/li>\n\n    \n\t\n\n<li >\n\t<a href='?page_no=5635'>Next<\/a>\n\t<\/li>\n\n\n    \n\n<li><a href='?page_no=56170'>Last &rsaquo;&rsaquo;<\/a><\/li>\n\n<\/ul>\n\n\n--><br \/>\n<\/body><\/p>\n","protected":false},"excerpt":{"rendered":"<p>SANTO DOMINGO, RD, 28 de agosto de 2018.- Desde hace muchos a\u00f1os venimos denunciando y expresando nuestra preocupaci\u00f3n por las caracter\u00edsticas y formas hasta ciertos puntos degradantes que han venido asumiendo las denominadas de fiestas patronales, que se efect\u00faan en cada uno de los municipios, distritos municipales, secciones, parajes y hasta en sectores de las [&hellip;]<\/p>\n","protected":false},"author":3,"featured_media":490253,"comment_status":"open","ping_status":"open","sticky":false,"template":"","format":"standard","meta":{"footnotes":""},"categories":[20],"tags":[178],"class_list":["post-225409","post","type-post","status-publish","format-standard","has-post-thumbnail","hentry","category-dominicana-hoy","tag-rafael-mendez"],"_links":{"self":[{"href":"https:\/\/diariodominicano.com\/index.php?rest_route=\/wp\/v2\/posts\/225409","targetHints":{"allow":["GET"]}}],"collection":[{"href":"https:\/\/diariodominicano.com\/index.php?rest_route=\/wp\/v2\/posts"}],"about":[{"href":"https:\/\/diariodominicano.com\/index.php?rest_route=\/wp\/v2\/types\/post"}],"author":[{"embeddable":true,"href":"https:\/\/diariodominicano.com\/index.php?rest_route=\/wp\/v2\/users\/3"}],"replies":[{"embeddable":true,"href":"https:\/\/diariodominicano.com\/index.php?rest_route=%2Fwp%2Fv2%2Fcomments&post=225409"}],"version-history":[{"count":1,"href":"https:\/\/diariodominicano.com\/index.php?rest_route=\/wp\/v2\/posts\/225409\/revisions"}],"predecessor-version":[{"id":606957,"href":"https:\/\/diariodominicano.com\/index.php?rest_route=\/wp\/v2\/posts\/225409\/revisions\/606957"}],"wp:featuredmedia":[{"embeddable":true,"href":"https:\/\/diariodominicano.com\/index.php?rest_route=\/wp\/v2\/media\/490253"}],"wp:attachment":[{"href":"https:\/\/diariodominicano.com\/index.php?rest_route=%2Fwp%2Fv2%2Fmedia&parent=225409"}],"wp:term":[{"taxonomy":"category","embeddable":true,"href":"https:\/\/diariodominicano.com\/index.php?rest_route=%2Fwp%2Fv2%2Fcategories&post=225409"},{"taxonomy":"post_tag","embeddable":true,"href":"https:\/\/diariodominicano.com\/index.php?rest_route=%2Fwp%2Fv2%2Ftags&post=225409"}],"curies":[{"name":"wp","href":"https:\/\/api.w.org\/{rel}","templated":true}]}}