{"id":225259,"date":"2020-11-19T16:31:22","date_gmt":"2020-11-19T16:31:22","guid":{"rendered":"http:\/\/diariodominicano.ddns.net\/?p=225259"},"modified":"2020-11-19T16:31:22","modified_gmt":"2020-11-19T16:31:22","slug":"adn-anuncia-desmantelo-vertedero-improvisado-de-materiales-toxicos-y-contaminantes","status":"publish","type":"post","link":"https:\/\/diariodominicano.com\/?p=225259","title":{"rendered":"&#13;&#13;ADN anuncia desmantel\u00f3 vertedero improvisado de materiales t\u00f3xicos y contaminantes"},"content":{"rendered":"<p><body><\/p>\n<p><img decoding=\"async\" src=\"img3\/ADN19-11-20.jpg\" \/>  <\/p>\n<p><strong><span class=\"text1noticias\"> diariodominicano.com<\/span><\/strong><\/p>\n<p><strong><span class=\"text1noticias\"> <\/span><\/strong><\/p>\n<p><strong><span class=\"text1noticias\">Santo Domingo, R. D., 19 de noviembre, 2020.-<\/span><\/strong><span class=\"text1noticias\"> La Direcci\u00f3n de Defensor\u00eda y Uso de Espacios P\u00fablicos de la Alcald\u00eda del Distrito Nacional inform\u00f3 desmantel\u00f3 un vertedero de materiales m\u00e9dicos t\u00f3xicos que hab\u00eda improvisado un centro de salud en la v\u00eda p\u00fablica. <\/span><\/p>\n<\/p>\n<p><strong><span class=\"text1noticias\">En una nota de prensa dada a los medios de comunicaci\u00f3n, la Direcci\u00f3n de Comunicaciones del ADN no se\u00f1ala el nombre del centro m\u00e9dico que \u00abimprovis\u00f3 el vertedero\u00bb.<\/span><\/strong><\/p>\n<p><strong><span class=\"text1noticias\"> <\/span><\/strong><\/p>\n<p><span class=\"text1noticias\">En una nota de prensa del cabildo se indica que de inmediato, el ADN cit\u00f3 a los propietarios y ejecutivos del centro de salud,  que no identifica,  para ser sometidos a la acci\u00f3n de la justicia, por haber arrojado desperdicios t\u00f3xicos en la avenida 27 de Febrero en franca violaci\u00f3n a los protocolos que deben respetar las empresas que trabajan con compuestos qu\u00edmicos o desechos org\u00e1nicos.<\/span><\/p>\n<p><span class=\"text1noticias\"> <\/span><\/p>\n<p><span class=\"text1noticias\">El organismo del ADN actu\u00f3 en atenci\u00f3n a varias denuncias ciudadanas sobre el da\u00f1o que provocar\u00edan esos desperdicios en el sector.<\/span><\/p>\n<p><span class=\"text1noticias\"> <\/span><\/p>\n<p><span class=\"text1noticias\">La alcaldesa Carolina Mej\u00eda advirti\u00f3 que bajo ninguna condici\u00f3n el cabildo permitir\u00e1 que la falta de conciencia y compromiso ciudadano se apodere de la ciudad.<\/span><\/p>\n<p><span class=\"text1noticias\"> <\/span><\/p>\n<p><span class=\"text1noticias\">Mej\u00eda enfatiz\u00f3 que los inspectores de la instituci\u00f3n estar\u00e1n atentos para intervenir frente a cualquier intento de improvisar vertederos en los espacios p\u00fablicos.<\/span><\/p>\n<p><span class=\"text1noticias\"> <\/span><\/p>\n<p><span class=\"text1noticias\">El cabildo record\u00f3 que la ley castiga en forma ejemplar la pr\u00e1ctica de arrojar basuras, de cualquier tipo en los espacios p\u00fablicos, y que se llevar\u00e1 a la justicia a quienes insistan en esta situaci\u00f3n.<\/span><\/p>\n<p><span class=\"text1noticias\"> <\/span><\/p>\n<p><span class=\"text1noticias\">La Direcci\u00f3n de Espacios P\u00fablicos se\u00f1al\u00f3 que en el caso de ese centro m\u00e9dico deber\u00e1 asumir la responsabilidad de este caso, porque el ADN accionar\u00e1 los mecanismos que la ley le confiere.<\/span><\/p>\n<p><span class=\"text1noticias\"> <\/span><\/p>\n<p><span class=\"text1noticias\">Fuente: Direcci\u00f3n de Comunicaciones ADN<\/span><\/p>\n<p><span class=\"text1noticias\">19 Noviembre<\/span> 2020<\/p>\n<h6> 2020-11-19 16:31:22 <\/h6>\n<p><!--\n<link rel=\"stylesheet\" href=\"css\/bootstrap.min.css\">\n\n\n<ul class=\"pagination\">\n\t    \n\t\n\n<li >\n\t<a href='?page_no=54'>Previous<\/a>\n\t<\/li>\n\n\n       \n    \n\n<li><a href='?page_no=1'>1<\/a><\/li>\n\n\n\n<li><a href='?page_no=2'>2<\/a><\/li>\n\n\n\n<li><a>...<\/a><\/li>\n\n\n\n<li><a href='?page_no=53'>53<\/a><\/li>\n\n\n\n<li><a href='?page_no=54'>54<\/a><\/li>\n\n\n\n<li class='active'><a>55<\/a><\/li>\n\n\n\n<li><a href='?page_no=56'>56<\/a><\/li>\n\n\n\n<li><a href='?page_no=57'>57<\/a><\/li>\n\n\n\n<li><a>...<\/a><\/li>\n\n\n\n<li><a href='?page_no=56169'>56169<\/a><\/li>\n\n\n\n<li><a href='?page_no=56170'>56170<\/a><\/li>\n\n    \n\t\n\n<li >\n\t<a href='?page_no=56'>Next<\/a>\n\t<\/li>\n\n\n    \n\n<li><a href='?page_no=56170'>Last &rsaquo;&rsaquo;<\/a><\/li>\n\n<\/ul>\n\n\n--><br \/>\n<\/body><\/p>\n","protected":false},"excerpt":{"rendered":"<p>diariodominicano.com Santo Domingo, R. D., 19 de noviembre, 2020.- La Direcci\u00f3n de Defensor\u00eda y Uso de Espacios P\u00fablicos de la Alcald\u00eda del Distrito Nacional inform\u00f3 desmantel\u00f3 un vertedero de materiales m\u00e9dicos t\u00f3xicos que hab\u00eda improvisado un centro de salud en la v\u00eda p\u00fablica. En una nota de prensa dada a los medios de comunicaci\u00f3n, la [&hellip;]<\/p>\n","protected":false},"author":3,"featured_media":0,"comment_status":"open","ping_status":"open","sticky":false,"template":"","format":"standard","meta":{"footnotes":""},"categories":[20],"tags":[],"class_list":["post-225259","post","type-post","status-publish","format-standard","hentry","category-dominicana-hoy"],"_links":{"self":[{"href":"https:\/\/diariodominicano.com\/index.php?rest_route=\/wp\/v2\/posts\/225259","targetHints":{"allow":["GET"]}}],"collection":[{"href":"https:\/\/diariodominicano.com\/index.php?rest_route=\/wp\/v2\/posts"}],"about":[{"href":"https:\/\/diariodominicano.com\/index.php?rest_route=\/wp\/v2\/types\/post"}],"author":[{"embeddable":true,"href":"https:\/\/diariodominicano.com\/index.php?rest_route=\/wp\/v2\/users\/3"}],"replies":[{"embeddable":true,"href":"https:\/\/diariodominicano.com\/index.php?rest_route=%2Fwp%2Fv2%2Fcomments&post=225259"}],"version-history":[{"count":0,"href":"https:\/\/diariodominicano.com\/index.php?rest_route=\/wp\/v2\/posts\/225259\/revisions"}],"wp:attachment":[{"href":"https:\/\/diariodominicano.com\/index.php?rest_route=%2Fwp%2Fv2%2Fmedia&parent=225259"}],"wp:term":[{"taxonomy":"category","embeddable":true,"href":"https:\/\/diariodominicano.com\/index.php?rest_route=%2Fwp%2Fv2%2Fcategories&post=225259"},{"taxonomy":"post_tag","embeddable":true,"href":"https:\/\/diariodominicano.com\/index.php?rest_route=%2Fwp%2Fv2%2Ftags&post=225259"}],"curies":[{"name":"wp","href":"https:\/\/api.w.org\/{rel}","templated":true}]}}