{"id":224926,"date":"2020-11-20T14:12:51","date_gmt":"2020-11-20T14:12:51","guid":{"rendered":"http:\/\/diariodominicano.ddns.net\/?p=224926"},"modified":"2020-11-20T14:12:51","modified_gmt":"2020-11-20T14:12:51","slug":"ministro-de-agricultura-limber-cruz-asegura-lluvias-han-beneficiado-sector-agricola","status":"publish","type":"post","link":"https:\/\/diariodominicano.com\/?p=224926","title":{"rendered":"Ministro de Agricultura Limber Cruz asegura lluvias han beneficiado sector agr\u00edcola"},"content":{"rendered":"<p><body><\/p>\n<p><img decoding=\"async\" src=\"img3\/Agricultura20-11-20.jpeg\" \/>  <\/p>\n<p><span class=\"text1noticias\"> <\/span><\/p>\n<p><span class=\"text1noticias\">diariodominicano.com<\/span><\/p>\n<p><span class=\"text1noticias\"> <\/span><\/p>\n<p><span class=\"text1noticias\">Santo Domingo, R. D., 20 de noviembre.- El ministro de Agricultura, Limber Cruz, asegur\u00f3 las lluvias registradas en las \u00faltimas semanas sobre el territorio nacional han sido beneficiosas para el sector agropecuario.   <\/span><\/p>\n<p><span class=\"text1noticias\"> <\/span><\/p>\n<p><span class=\"text1noticias\">Cruz indic\u00f3 que los fen\u00f3menos meteorol\u00f3gicos no afectaron los cultivos, sino que incidieron en el incremento de los niveles de los embalses y cuencas hidrogr\u00e1ficas, lo que mejorar\u00e1 la producci\u00f3n de importantes rubros agr\u00edcolas, en especial, en regiones donde las sequ\u00edas de meses previos hab\u00edan causado estragos.  <\/span><\/p>\n<p><span class=\"text1noticias\"> <\/span><\/p>\n<p><span class=\"text1noticias\">Sostuvo que las cosechas se mantienen en buen estado y las tierras listas para la siembra de la temporada, debido a que las lluvias se concentraron fundamentalmente en las llanuras costeras del Caribe y del Atl\u00e1ntico. Agreg\u00f3 que, en las zonas con inundaciones, Agricultura, con el apoyo de otras instituciones estatales, dispuso de los equipos y maquinarias necesarias para drenar las \u00e1reas que lo requieran.   <\/span><\/p>\n<p><span class=\"text1noticias\"> <\/span><\/p>\n<p><span class=\"text1noticias\">Garantiza abastecimiento de alimentos en Navidad  <\/span><\/p>\n<p><span class=\"text1noticias\"> <\/span><\/p>\n<p><span class=\"text1noticias\">En otro orden, el Ministro de Agricultura indic\u00f3 que el pa\u00eds tiene garantizado el abastecimiento de los mercados con carne de pollo, cerdo y otros productos de la canasta b\u00e1sica para suplir la demanda durante las festividades de Navidad y A\u00f1o Nuevo.  <\/span><\/p>\n<p><span class=\"text1noticias\"> <\/span><\/p>\n<p><span class=\"text1noticias\">\u00abEl pueblo dominicano no debe tener miedo, tenemos garantizada la seguridad alimentaria. Estamos monitoreando la producci\u00f3n d\u00eda a d\u00eda y entendemos que en Navidad habr\u00e1 alimentos\u00bb, sostuvo.                                                                                                                              <\/span><\/p>\n<p><span class=\"text1noticias\">  <\/span><\/p>\n<p><span class=\"text1noticias\">El Ministro de Agricultura habl\u00f3 en esos t\u00e9rminos tras participar en una entrega de premios a agricultores y la firma de un convenio con el programa Progresando con Solidaridad, que busca fomentar la agricultura familiar. <\/span><\/p>\n<p><span class=\"text1noticias\"> <\/span><\/p>\n<p><span class=\"text1noticias\">Fuente: Prensa Relaciones Publicas<\/span><\/p>\n<p><span class=\"text1noticias\">Ministerio de Agricultura<\/span><\/p>\n<h6> 2020-11-20 14:12:51 <\/h6>\n<p><!--\n<link rel=\"stylesheet\" href=\"css\/bootstrap.min.css\">\n\n\n<ul class=\"pagination\">\n\t    \n\t\n\n<li >\n\t<a href='?page_no=51'>Previous<\/a>\n\t<\/li>\n\n\n       \n    \n\n<li><a href='?page_no=1'>1<\/a><\/li>\n\n\n\n<li><a href='?page_no=2'>2<\/a><\/li>\n\n\n\n<li><a>...<\/a><\/li>\n\n\n\n<li><a href='?page_no=50'>50<\/a><\/li>\n\n\n\n<li><a href='?page_no=51'>51<\/a><\/li>\n\n\n\n<li class='active'><a>52<\/a><\/li>\n\n\n\n<li><a href='?page_no=53'>53<\/a><\/li>\n\n\n\n<li><a href='?page_no=54'>54<\/a><\/li>\n\n\n\n<li><a>...<\/a><\/li>\n\n\n\n<li><a href='?page_no=56169'>56169<\/a><\/li>\n\n\n\n<li><a href='?page_no=56170'>56170<\/a><\/li>\n\n    \n\t\n\n<li >\n\t<a href='?page_no=53'>Next<\/a>\n\t<\/li>\n\n\n    \n\n<li><a href='?page_no=56170'>Last &rsaquo;&rsaquo;<\/a><\/li>\n\n<\/ul>\n\n\n--><br \/>\n<\/body><\/p>\n","protected":false},"excerpt":{"rendered":"<p>diariodominicano.com Santo Domingo, R. D., 20 de noviembre.- El ministro de Agricultura, Limber Cruz, asegur\u00f3 las lluvias registradas en las \u00faltimas semanas sobre el territorio nacional han sido beneficiosas para el sector agropecuario. Cruz indic\u00f3 que los fen\u00f3menos meteorol\u00f3gicos no afectaron los cultivos, sino que incidieron en el incremento de los niveles de los embalses [&hellip;]<\/p>\n","protected":false},"author":3,"featured_media":0,"comment_status":"open","ping_status":"open","sticky":false,"template":"","format":"standard","meta":{"footnotes":""},"categories":[20],"tags":[],"class_list":["post-224926","post","type-post","status-publish","format-standard","hentry","category-dominicana-hoy"],"_links":{"self":[{"href":"https:\/\/diariodominicano.com\/index.php?rest_route=\/wp\/v2\/posts\/224926","targetHints":{"allow":["GET"]}}],"collection":[{"href":"https:\/\/diariodominicano.com\/index.php?rest_route=\/wp\/v2\/posts"}],"about":[{"href":"https:\/\/diariodominicano.com\/index.php?rest_route=\/wp\/v2\/types\/post"}],"author":[{"embeddable":true,"href":"https:\/\/diariodominicano.com\/index.php?rest_route=\/wp\/v2\/users\/3"}],"replies":[{"embeddable":true,"href":"https:\/\/diariodominicano.com\/index.php?rest_route=%2Fwp%2Fv2%2Fcomments&post=224926"}],"version-history":[{"count":0,"href":"https:\/\/diariodominicano.com\/index.php?rest_route=\/wp\/v2\/posts\/224926\/revisions"}],"wp:attachment":[{"href":"https:\/\/diariodominicano.com\/index.php?rest_route=%2Fwp%2Fv2%2Fmedia&parent=224926"}],"wp:term":[{"taxonomy":"category","embeddable":true,"href":"https:\/\/diariodominicano.com\/index.php?rest_route=%2Fwp%2Fv2%2Fcategories&post=224926"},{"taxonomy":"post_tag","embeddable":true,"href":"https:\/\/diariodominicano.com\/index.php?rest_route=%2Fwp%2Fv2%2Ftags&post=224926"}],"curies":[{"name":"wp","href":"https:\/\/api.w.org\/{rel}","templated":true}]}}