{"id":224815,"date":"2020-11-20T15:07:52","date_gmt":"2020-11-20T15:07:52","guid":{"rendered":"http:\/\/diariodominicano.ddns.net\/?p=224815"},"modified":"2020-11-20T15:07:52","modified_gmt":"2020-11-20T15:07:52","slug":"sondeo-incluye-director-de-comedores-economicos-entre-funcionarios-mejores-valorados-en-primeros-100-dias-gobierno","status":"publish","type":"post","link":"https:\/\/diariodominicano.com\/?p=224815","title":{"rendered":"Sondeo incluye director de Comedores Econ\u00f3micos entre funcionarios mejores valorados en primeros 100 d\u00edas Gobierno"},"content":{"rendered":"<p><body><\/p>\n<p><img decoding=\"async\" src=\"img3\/ComedoresEcon20-11-20.jpeg\" \/>  <\/p>\n<p><span class=\"text1noticias\">diariodominicano.com<\/span><\/p>\n<p><span class=\"text1noticias\"> <\/span><\/p>\n<p><span class=\"text1noticias\">Santo Domingo, R. D., 20 de noviembre, 2020.- . El director general de los Comedores Econ\u00f3micos, Edgar Feliz M\u00e9ndez, figura con el n\u00famero ocho entre los quince funcionarios mejor valorados en  los primeros cien d\u00edas de la actual gesti\u00f3n del presidente Luis Abinader, seg\u00fan sondeo del Instituto Dominicano de Estudios Aplicados, (IDEAME).<\/span><\/p>\n<p><span class=\"text1noticias\"> <\/span><\/p>\n<p><span class=\"text1noticias\">El funcionario se mostr\u00f3 satisfecho ante esta percepci\u00f3n sobre su gesti\u00f3n y la calidad de los servicios de los Comedores Econ\u00f3micos del Estado Dominicano (CEED), respondiendo a la pol\u00edtica del Gobierno a favor de los sectores m\u00e1s populares y vulnerables.<\/span><\/p>\n<p><span class=\"text1noticias\"> <\/span><\/p>\n<p><span class=\"text1noticias\">El director de los Comedores Econ\u00f3micos figura en el octavo puesto entre los quince funcionarios mejores valorados en los primeros meses de la actual administraci\u00f3n gubernamental, en el estudio a cargo de IDEAME, firma especializada en mercadeo y encuesta<\/span><\/p>\n<p><span class=\"text1noticias\"> <\/span><\/p>\n<p><span class=\"text1noticias\">  El trabajo de campo fue conducido en el periodo comprendido entre los d\u00edas 15 y 17 de noviembre del a\u00f1o 2020 y  para el ranking se seleccionaron unos 1,200 hogares con entrevistas en todo el pa\u00eds. <\/span><\/p>\n<p><span class=\"text1noticias\"> <\/span><\/p>\n<p><span class=\"text1noticias\">El estudio tiene representaci\u00f3n de una muestra general con personas adultas de ambos sexos y un margen de error de m\u00e1s o menos 3.0 por ciento.<\/span><\/p>\n<p><span class=\"text1noticias\"> <\/span><\/p>\n<p><span class=\"text1noticias\">Los Comedores Econ\u00f3micos juegan un papel fundamental en las  estrategias de desarrollo y la pol\u00edtica social del Gobierno, que la actual administraci\u00f3n ha profundizado con la diaria distribuci\u00f3n gratuita de raciones alimenticia a la poblaci\u00f3n m\u00e1s necesitada.<\/span><\/p>\n<p><span class=\"text1noticias\"> <\/span><\/p>\n<p><span class=\"text1noticias\">El presidente Luis Abinader dispuso la medida como auxilio a las familias m\u00e1s afectadas por la pandemia del Covid19, solucionando su urgencia m\u00e1s importante e inmediata, como lo es la alimentaci\u00f3n.<\/span><\/p>\n<p><span class=\"text1noticias\"> <\/span><\/p>\n<p><span class=\"text1noticias\">FOTO 1<\/span><\/p>\n<p><span class=\"text1noticias\">Los Comedores Econ\u00f3micos desarrollan un programa masivo de distribuci\u00f3n de raciones alimenticias gratis a favor de los sectores de escasos recursos.<\/span><\/p>\n<p><span class=\"text1noticias\"> <\/span><\/p>\n<p><span class=\"text1noticias\"> Fuente: Prensa Comedores Econo<\/span>micos<\/p>\n<h6> 2020-11-20 15:07:52 <\/h6>\n<p><!--\n<link rel=\"stylesheet\" href=\"css\/bootstrap.min.css\">\n\n\n<ul class=\"pagination\">\n\t    \n\t\n\n<li >\n\t<a href='?page_no=50'>Previous<\/a>\n\t<\/li>\n\n\n       \n    \n\n<li><a href='?page_no=1'>1<\/a><\/li>\n\n\n\n<li><a href='?page_no=2'>2<\/a><\/li>\n\n\n\n<li><a>...<\/a><\/li>\n\n\n\n<li><a href='?page_no=49'>49<\/a><\/li>\n\n\n\n<li><a href='?page_no=50'>50<\/a><\/li>\n\n\n\n<li class='active'><a>51<\/a><\/li>\n\n\n\n<li><a href='?page_no=52'>52<\/a><\/li>\n\n\n\n<li><a href='?page_no=53'>53<\/a><\/li>\n\n\n\n<li><a>...<\/a><\/li>\n\n\n\n<li><a href='?page_no=56169'>56169<\/a><\/li>\n\n\n\n<li><a href='?page_no=56170'>56170<\/a><\/li>\n\n    \n\t\n\n<li >\n\t<a href='?page_no=52'>Next<\/a>\n\t<\/li>\n\n\n    \n\n<li><a href='?page_no=56170'>Last &rsaquo;&rsaquo;<\/a><\/li>\n\n<\/ul>\n\n\n--><br \/>\n<\/body><\/p>\n","protected":false},"excerpt":{"rendered":"<p>diariodominicano.com Santo Domingo, R. D., 20 de noviembre, 2020.- . El director general de los Comedores Econ\u00f3micos, Edgar Feliz M\u00e9ndez, figura con el n\u00famero ocho entre los quince funcionarios mejor valorados en los primeros cien d\u00edas de la actual gesti\u00f3n del presidente Luis Abinader, seg\u00fan sondeo del Instituto Dominicano de Estudios Aplicados, (IDEAME). El funcionario [&hellip;]<\/p>\n","protected":false},"author":3,"featured_media":0,"comment_status":"open","ping_status":"open","sticky":false,"template":"","format":"standard","meta":{"footnotes":""},"categories":[20],"tags":[],"class_list":["post-224815","post","type-post","status-publish","format-standard","hentry","category-dominicana-hoy"],"_links":{"self":[{"href":"https:\/\/diariodominicano.com\/index.php?rest_route=\/wp\/v2\/posts\/224815","targetHints":{"allow":["GET"]}}],"collection":[{"href":"https:\/\/diariodominicano.com\/index.php?rest_route=\/wp\/v2\/posts"}],"about":[{"href":"https:\/\/diariodominicano.com\/index.php?rest_route=\/wp\/v2\/types\/post"}],"author":[{"embeddable":true,"href":"https:\/\/diariodominicano.com\/index.php?rest_route=\/wp\/v2\/users\/3"}],"replies":[{"embeddable":true,"href":"https:\/\/diariodominicano.com\/index.php?rest_route=%2Fwp%2Fv2%2Fcomments&post=224815"}],"version-history":[{"count":0,"href":"https:\/\/diariodominicano.com\/index.php?rest_route=\/wp\/v2\/posts\/224815\/revisions"}],"wp:attachment":[{"href":"https:\/\/diariodominicano.com\/index.php?rest_route=%2Fwp%2Fv2%2Fmedia&parent=224815"}],"wp:term":[{"taxonomy":"category","embeddable":true,"href":"https:\/\/diariodominicano.com\/index.php?rest_route=%2Fwp%2Fv2%2Fcategories&post=224815"},{"taxonomy":"post_tag","embeddable":true,"href":"https:\/\/diariodominicano.com\/index.php?rest_route=%2Fwp%2Fv2%2Ftags&post=224815"}],"curies":[{"name":"wp","href":"https:\/\/api.w.org\/{rel}","templated":true}]}}