{"id":224704,"date":"2020-11-20T22:46:50","date_gmt":"2020-11-20T22:46:50","guid":{"rendered":"http:\/\/diariodominicano.ddns.net\/?p=224704"},"modified":"2020-11-20T22:46:50","modified_gmt":"2020-11-20T22:46:50","slug":"laboratorio-nacional-capacita-en-manejo-de-bioseguridad-a-bioanalistas-de-nuevo-ingreso","status":"publish","type":"post","link":"https:\/\/diariodominicano.com\/?p=224704","title":{"rendered":"Laboratorio Nacional capacita en manejo de Bioseguridad a bioanalistas de nuevo ingreso"},"content":{"rendered":"<p><body><\/p>\n<p><img decoding=\"async\" src=\"img3\/LaboratorioNac20-11-20.jpg\" \/>  <\/p>\n<p><span class=\"text1noticias\">diariodominicano.com<\/span><\/p>\n<p><span class=\"text1noticias\"> <\/span><\/p>\n<p><span class=\"text1noticias\">Santo Domingo, R. D., 20 de noviembre, 2020.- El Laboratorio Nacional de Salud P\u00fablica Dr. Defill\u00f3 imparti\u00f3 un taller de capacitaci\u00f3n en el manejo de la Bioseguridad dirigido a bioanalistas de nuevo ingreso, como parte de la formaci\u00f3n que realizan para instruir al personal que labora en estas \u00e1reas de cuidado.<\/span><\/p>\n<p><span class=\"text1noticias\"> <\/span><\/p>\n<p><span class=\"text1noticias\">El curso fue impartido por la encargada de Bioseguridad del Laboratorio, licenciada Rosaura N\u00fa\u00f1ez, quien dijo que el prop\u00f3sito es orientar a los especialistas en el trabajo sobre la seguridad de su espacio y el uso adecuado de los equipos de protecci\u00f3n, para garantizar que el personal adquiera conciencia de las medidas de prevenci\u00f3n y seguridad.<\/span><\/p>\n<p><span class=\"text1noticias\"> <\/span><\/p>\n<p><span class=\"text1noticias\">N\u00fa\u00f1ez instruy\u00f3 a los participantes en el taller en el cuidado de los espacios de trabajo, evitando derrames de productos qu\u00edmicos; tambi\u00e9n recibieron instrucci\u00f3n en c\u00f3mo retirar el traje, los guantes, la forma correcta de cubrir todo el cuerpo y el equipo que usan, a fin de prevenir que se expongan a virus y, en especial, a la COVID-19.<\/span><\/p>\n<p><span class=\"text1noticias\"> <\/span><\/p>\n<p><span class=\"text1noticias\">\u00abEspero que este curso sea en beneficio de toda nuestra clase profesional de bioan\u00e1lisis, y podr\u00e1n aprender acerca de lo que es la bioseguridad en el laboratorio y aplicar esos conocimientos tambi\u00e9n en sus casas, en la calle, y en el cuidado del medioambiente\u00bb, se\u00f1al\u00f3 la especialista.<\/span><\/p>\n<p><span class=\"text1noticias\"> <\/span><\/p>\n<p><span class=\"text1noticias\">Asimismo, record\u00f3 que la bioseguridad es un conjunto de normas y medidas que evita la exposici\u00f3n no intencional del personal de la salud en sus funciones, as\u00ed como de los pacientes y del medio ambiente, frente a riesgos qu\u00edmicos y f\u00edsicos, utilizando t\u00e9cnicas y pr\u00e1cticas seguras para impedir la contaminaci\u00f3n.<\/span><\/p>\n<p><span class=\"text1noticias\"> <\/span><\/p>\n<p><span class=\"text1noticias\">Alent\u00f3 a tomar en cuenta, que la bioseguridad es sumamente importante dentro del \u00e1rea de trabajo, ya que est\u00e1 relacionada con el manejo y la contenci\u00f3n de microorganismos infecciosos y materiales biol\u00f3gicos peligrosos, con los que cualquier descuido puede poner en riesgo la salud de los quedan expuestos.<\/span><\/p>\n<p><span class=\"text1noticias\"> <\/span><\/p>\n<p><span class=\"text1noticias\">Advirti\u00f3 que en el Laboratorio Nacional van estar vigilantes en la aplicaci\u00f3n de las normas establecidas por la instituci\u00f3n y a nivel internacional, en cuanto a los protocolos a fin de proteger al personal de salud.<\/span><\/p>\n<p><span class=\"text1noticias\"> <\/span><\/p>\n<p><span class=\"text1noticias\">Fuente: Direcci\u00f3n de Comunicaci\u00f3n Estrat\u00e9gica<\/span><\/p>\n<p><span class=\"text1noticias\">Ministerio de Salud P\u00fablica y Asistencia Social<\/span><\/p>\n<p><span class=\"text1noticias\">20 de noviembre de 2020<\/span><\/p>\n<h6> 2020-11-20 22:46:50 <\/h6>\n<p><!--\n<link rel=\"stylesheet\" href=\"css\/bootstrap.min.css\">\n\n\n<ul class=\"pagination\">\n\t    \n\t\n\n<li >\n\t<a href='?page_no=49'>Previous<\/a>\n\t<\/li>\n\n\n       \n    \n\n<li><a href='?page_no=1'>1<\/a><\/li>\n\n\n\n<li><a href='?page_no=2'>2<\/a><\/li>\n\n\n\n<li><a>...<\/a><\/li>\n\n\n\n<li><a href='?page_no=48'>48<\/a><\/li>\n\n\n\n<li><a href='?page_no=49'>49<\/a><\/li>\n\n\n\n<li class='active'><a>50<\/a><\/li>\n\n\n\n<li><a href='?page_no=51'>51<\/a><\/li>\n\n\n\n<li><a href='?page_no=52'>52<\/a><\/li>\n\n\n\n<li><a>...<\/a><\/li>\n\n\n\n<li><a href='?page_no=56169'>56169<\/a><\/li>\n\n\n\n<li><a href='?page_no=56170'>56170<\/a><\/li>\n\n    \n\t\n\n<li >\n\t<a href='?page_no=51'>Next<\/a>\n\t<\/li>\n\n\n    \n\n<li><a href='?page_no=56170'>Last &rsaquo;&rsaquo;<\/a><\/li>\n\n<\/ul>\n\n\n--><br \/>\n<\/body><\/p>\n","protected":false},"excerpt":{"rendered":"<p>diariodominicano.com Santo Domingo, R. D., 20 de noviembre, 2020.- El Laboratorio Nacional de Salud P\u00fablica Dr. Defill\u00f3 imparti\u00f3 un taller de capacitaci\u00f3n en el manejo de la Bioseguridad dirigido a bioanalistas de nuevo ingreso, como parte de la formaci\u00f3n que realizan para instruir al personal que labora en estas \u00e1reas de cuidado. El curso fue [&hellip;]<\/p>\n","protected":false},"author":3,"featured_media":0,"comment_status":"open","ping_status":"open","sticky":false,"template":"","format":"standard","meta":{"footnotes":""},"categories":[20],"tags":[],"class_list":["post-224704","post","type-post","status-publish","format-standard","hentry","category-dominicana-hoy"],"_links":{"self":[{"href":"https:\/\/diariodominicano.com\/index.php?rest_route=\/wp\/v2\/posts\/224704","targetHints":{"allow":["GET"]}}],"collection":[{"href":"https:\/\/diariodominicano.com\/index.php?rest_route=\/wp\/v2\/posts"}],"about":[{"href":"https:\/\/diariodominicano.com\/index.php?rest_route=\/wp\/v2\/types\/post"}],"author":[{"embeddable":true,"href":"https:\/\/diariodominicano.com\/index.php?rest_route=\/wp\/v2\/users\/3"}],"replies":[{"embeddable":true,"href":"https:\/\/diariodominicano.com\/index.php?rest_route=%2Fwp%2Fv2%2Fcomments&post=224704"}],"version-history":[{"count":0,"href":"https:\/\/diariodominicano.com\/index.php?rest_route=\/wp\/v2\/posts\/224704\/revisions"}],"wp:attachment":[{"href":"https:\/\/diariodominicano.com\/index.php?rest_route=%2Fwp%2Fv2%2Fmedia&parent=224704"}],"wp:term":[{"taxonomy":"category","embeddable":true,"href":"https:\/\/diariodominicano.com\/index.php?rest_route=%2Fwp%2Fv2%2Fcategories&post=224704"},{"taxonomy":"post_tag","embeddable":true,"href":"https:\/\/diariodominicano.com\/index.php?rest_route=%2Fwp%2Fv2%2Ftags&post=224704"}],"curies":[{"name":"wp","href":"https:\/\/api.w.org\/{rel}","templated":true}]}}