{"id":224592,"date":"2020-11-20T23:43:08","date_gmt":"2020-11-20T23:43:08","guid":{"rendered":"http:\/\/diariodominicano.ddns.net\/?p=224592"},"modified":"2020-11-20T23:43:08","modified_gmt":"2020-11-20T23:43:08","slug":"msp-continua-aumentando-pruebas-de-covid-19-para-determinar-mayor-numeros-de-casos-por-coronavirus","status":"publish","type":"post","link":"https:\/\/diariodominicano.com\/?p=224592","title":{"rendered":"MSP contin\u00faa aumentando pruebas de COVID-19 para determinar mayor n\u00fameros de casos por coronavirus"},"content":{"rendered":"<p><body><\/p>\n<p><img decoding=\"async\" src=\"img3\/Covid-RD20-11-20.jpg\" \/>  <\/p>\n<p><span class=\"text1noticias\"> <\/span><\/p>\n<p><span class=\"text1noticias\">diariodominicano.com<\/span><\/p>\n<p><span class=\"text1noticias\">  <\/span><\/p>\n<p><span class=\"text1noticias\">Santo Domingo, R. D., 20 de noviembre, 2020.- La Rep\u00fablica Dominicana lleg\u00f3 este viernes a 136,784 casos confirmados de coronavirus, con un total de 2 mil 306 muertes y una tasa de letalidad del 1.69 por ciento. Se registraron 601 nuevos casos de Covid-19 en las \u00faltimas 24 horas, seg\u00fan el \u00faltimo informe del Ministerio de Salud P\u00fablica.<\/span><\/p>\n<p><span class=\"text1noticias\"> <\/span><\/p>\n<p><span class=\"text1noticias\">De acuerdo al bolet\u00edn 246 de la Direcci\u00f3n General de Epidemiologia (DIGEPI), del Ministerio de Salud con el total de casos confirmados, tras las cifras aportadas, los casos activos ascienden a 22,797. Los recuperados de la enfermedad 111 mil 681 y los descartados suman 533 mil 390.<\/span><\/p>\n<p><span class=\"text1noticias\"> <\/span><\/p>\n<p><span class=\"text1noticias\">La entidad de salud inform\u00f3 de las muertes de tres personas en las \u00faltimas 24 horas. Los decesos ocurrieron en La Vega (1) y (2) en la provincia Santo Domingo. Tambi\u00e9n se notific\u00f3 el fallecimiento de otras cinco, en el mismo periodo de tiempo.<\/span><\/p>\n<p><span class=\"text1noticias\"> <\/span><\/p>\n<p><span class=\"text1noticias\">La positividad diaria de las muestras es de 11.69% y 10.66 por ciento la registradas en las \u00faltimas cuatro semanas, mostrando un leve aumento.<\/span><\/p>\n<p><span class=\"text1noticias\"> <\/span><\/p>\n<p><span class=\"text1noticias\">En las \u00faltimas 24 horas, se procesaron 7 mil 435 pruebas para un total 670,174 realizadas desde el inicio de la pandemia en el pa\u00eds y 64,141 muestras por mill\u00f3n de habitantes.<\/span><\/p>\n<p><span class=\"text1noticias\"> <\/span><\/p>\n<p><span class=\"text1noticias\">Ocupaci\u00f3n hospitalaria<\/span><\/p>\n<p><span class=\"text1noticias\"> <\/span><\/p>\n<p><span class=\"text1noticias\">Los hospitalizados por Covid-19 son 652, con 2,962 camas disponibles para un 22 por ciento; los pacientes ingresados en Unidades de Cuidados Intensivos son 190, de 515 existentes, para un 37 por ciento. Mientras en cuanto al uso de ventiladores, se encuentran ocupados 95, para un 22 por ciento del total disponible, (423).<\/span><\/p>\n<p><span class=\"text1noticias\"> <\/span><\/p>\n<p><span class=\"text1noticias\">Grupos de riesgo<\/span><\/p>\n<p><span class=\"text1noticias\"> <\/span><\/p>\n<p><span class=\"text1noticias\">Unos 591 trabajadores de la salud han reportado positivos a la enfermedad hasta la fecha. La cantidad de embarazadas aquejadas es de 265 y 13,117 los menores de 20 a\u00f1os de edad que han sido afectados.<\/span><\/p>\n<p><span class=\"text1noticias\"> <\/span><\/p>\n<p><span class=\"text1noticias\">La entidad inform\u00f3 que el 32.39 por ciento de los fallecidos corresponden a personas con hipertensi\u00f3n como comorbilidad y con diabetes el 20.73 por ciento de aquellos que ten\u00edan mayores complicaciones para la COVID-19.<\/span><\/p>\n<p><span class=\"text1noticias\"> <\/span><\/p>\n<p><span class=\"text1noticias\">Recomendaciones<\/span><\/p>\n<p><span class=\"text1noticias\"> <\/span><\/p>\n<p><span class=\"text1noticias\">El Ministerio de Salud reitera su llamado a la poblaci\u00f3n de no bajar la guardia con la COVID-19, mantener siempre el espacio f\u00edsico y el uso de mascarillas en \u00e1reas p\u00fablicas y laborales, de manera obligatoria y recomienda el lavado de las manos con agua y jab\u00f3n de manera frecuente y el uso de aplicaci\u00f3n de gel, a base de alcohol.<\/span><\/p>\n<p><span class=\"text1noticias\"> <\/span><\/p>\n<p><span class=\"text1noticias\">Fuente: Direcci\u00f3n General de Comunicaci\u00f3n Estrat\u00e9gica.<\/span><\/p>\n<p><span class=\"text1noticias\">Ministerio de Salud P\u00fablica y Asistencia Social<\/span><\/p>\n<p><span class=\"text1noticias\">20 de nov<\/span>iembre del 2020<\/p>\n<h6> 2020-11-20 23:43:08 <\/h6>\n<p><!--\n<link rel=\"stylesheet\" href=\"css\/bootstrap.min.css\">\n\n\n<ul class=\"pagination\">\n\t    \n\t\n\n<li >\n\t<a href='?page_no=48'>Previous<\/a>\n\t<\/li>\n\n\n       \n    \n\n<li><a href='?page_no=1'>1<\/a><\/li>\n\n\n\n<li><a href='?page_no=2'>2<\/a><\/li>\n\n\n\n<li><a>...<\/a><\/li>\n\n\n\n<li><a href='?page_no=47'>47<\/a><\/li>\n\n\n\n<li><a href='?page_no=48'>48<\/a><\/li>\n\n\n\n<li class='active'><a>49<\/a><\/li>\n\n\n\n<li><a href='?page_no=50'>50<\/a><\/li>\n\n\n\n<li><a href='?page_no=51'>51<\/a><\/li>\n\n\n\n<li><a>...<\/a><\/li>\n\n\n\n<li><a href='?page_no=56169'>56169<\/a><\/li>\n\n\n\n<li><a href='?page_no=56170'>56170<\/a><\/li>\n\n    \n\t\n\n<li >\n\t<a href='?page_no=50'>Next<\/a>\n\t<\/li>\n\n\n    \n\n<li><a href='?page_no=56170'>Last &rsaquo;&rsaquo;<\/a><\/li>\n\n<\/ul>\n\n\n--><br \/>\n<\/body><\/p>\n","protected":false},"excerpt":{"rendered":"<p>diariodominicano.com Santo Domingo, R. D., 20 de noviembre, 2020.- La Rep\u00fablica Dominicana lleg\u00f3 este viernes a 136,784 casos confirmados de coronavirus, con un total de 2 mil 306 muertes y una tasa de letalidad del 1.69 por ciento. Se registraron 601 nuevos casos de Covid-19 en las \u00faltimas 24 horas, seg\u00fan el \u00faltimo informe del [&hellip;]<\/p>\n","protected":false},"author":3,"featured_media":0,"comment_status":"open","ping_status":"open","sticky":false,"template":"","format":"standard","meta":{"footnotes":""},"categories":[20],"tags":[],"class_list":["post-224592","post","type-post","status-publish","format-standard","hentry","category-dominicana-hoy"],"_links":{"self":[{"href":"https:\/\/diariodominicano.com\/index.php?rest_route=\/wp\/v2\/posts\/224592","targetHints":{"allow":["GET"]}}],"collection":[{"href":"https:\/\/diariodominicano.com\/index.php?rest_route=\/wp\/v2\/posts"}],"about":[{"href":"https:\/\/diariodominicano.com\/index.php?rest_route=\/wp\/v2\/types\/post"}],"author":[{"embeddable":true,"href":"https:\/\/diariodominicano.com\/index.php?rest_route=\/wp\/v2\/users\/3"}],"replies":[{"embeddable":true,"href":"https:\/\/diariodominicano.com\/index.php?rest_route=%2Fwp%2Fv2%2Fcomments&post=224592"}],"version-history":[{"count":0,"href":"https:\/\/diariodominicano.com\/index.php?rest_route=\/wp\/v2\/posts\/224592\/revisions"}],"wp:attachment":[{"href":"https:\/\/diariodominicano.com\/index.php?rest_route=%2Fwp%2Fv2%2Fmedia&parent=224592"}],"wp:term":[{"taxonomy":"category","embeddable":true,"href":"https:\/\/diariodominicano.com\/index.php?rest_route=%2Fwp%2Fv2%2Fcategories&post=224592"},{"taxonomy":"post_tag","embeddable":true,"href":"https:\/\/diariodominicano.com\/index.php?rest_route=%2Fwp%2Fv2%2Ftags&post=224592"}],"curies":[{"name":"wp","href":"https:\/\/api.w.org\/{rel}","templated":true}]}}