{"id":224481,"date":"2020-11-21T00:28:50","date_gmt":"2020-11-21T00:28:50","guid":{"rendered":"http:\/\/diariodominicano.ddns.net\/?p=224481"},"modified":"2020-11-21T00:28:50","modified_gmt":"2020-11-21T00:28:50","slug":"gobierno-pone-en-operacion-oportunidad-14-24-para-la-formacion-tecnico-profesional-e-integracion-laboral-de-jovenes-en-alto-riesgo","status":"publish","type":"post","link":"https:\/\/diariodominicano.com\/?p=224481","title":{"rendered":"&#13;&#13;Gobierno pone en operaci\u00f3n \u00abOportunidad 14-24\u00bb, para la formaci\u00f3n t\u00e9cnico profesional e integraci\u00f3n laboral de j\u00f3venes en alto riesgo"},"content":{"rendered":"<p><body><\/p>\n<p><img decoding=\"async\" src=\"img3\/Abinader VillaMella20-11-20.jpeg\" \/>  <\/p>\n<p><span class=\"text1noticias\"> diariodominicano.com <\/span><\/p>\n<\/p>\n<p><span class=\"text1noticias\">Villa Mella, Santo Domingo Norte, R. D., 20 de noviembre, 2020.- El Gobierno, junto a representantes de la iglesia y del sector empresarial, puso en operaci\u00f3n este viernes el plan piloto del programa Oportunidad 14-24, para ofrecer a adolescentes y j\u00f3venes en vulnerabilidad acceso a formaci\u00f3n t\u00e9cnico profesional, becas y almuerzos diarios.<\/span><\/p>\n<p><span class=\"text1noticias\"> <\/span><\/p>\n<p><span class=\"text1noticias\">La iniciativa fue presentada en un acto encabezado por el presidente Luis Abinader, la vicepresidenta Raquel Pe\u00f1a y el coordinador del Gabinete de Pol\u00edtica Social, Tony Pe\u00f1a Guaba, en el Centro Tecnol\u00f3gico Comunitario (CTC) de Villa Mella.<\/span><\/p>\n<p><span class=\"text1noticias\"> <\/span><\/p>\n<p><span class=\"text1noticias\">El presidente Abinader afirm\u00f3 que el proyecto es la mejor inversi\u00f3n del Gobierno, porque salva vidas de j\u00f3venes que no tienen familias o que andan deambulando por las calles.<\/span><\/p>\n<p><span class=\"text1noticias\"> <\/span><\/p>\n<p><span class=\"text1noticias\">\u00abEste programa es ahora tu casa. Aqu\u00ed vas a encontrar los mentores que te van a ayudar, que te van a guiar para que t\u00fa seas un hombre o una mujer de bien en nuestro pa\u00eds, y t\u00fa lo puedes hacer\u00bb, motiv\u00f3 el gobernante a los j\u00f3venes.<\/span><\/p>\n<p><span class=\"text1noticias\"> <\/span><\/p>\n<p><span class=\"text1noticias\">Expres\u00f3 a los j\u00f3venes que con los servicios y oportunidades del Gobierno van a cambiar un estilo de vida que les puede llevar a la c\u00e1rcel, para lograr, en base al trabajo, construir un buen futuro.<\/span><\/p>\n<p><span class=\"text1noticias\"> <\/span><\/p>\n<p><span class=\"text1noticias\">\u00abY siempre van a tener nuestro apoyo, estamos aqu\u00ed para darles el apoyo, no solamente otorg\u00e1ndoles los recursos, sino tambi\u00e9n con nuestra presencia\u00bb, garantiz\u00f3.<\/span><\/p>\n<p><span class=\"text1noticias\"> <\/span><\/p>\n<p><span class=\"text1noticias\">Adelant\u00f3 que el programa va a ser una gran diferencia en los barrios del gran Santo Domingo, Santiago y otras grandes ciudades, al tiempo que resalt\u00f3 que de forma gradual se extender\u00e1 a todo el pa\u00eds.<\/span><\/p>\n<p><span class=\"text1noticias\"> <\/span><\/p>\n<p><span class=\"text1noticias\">Motiv\u00f3 a dar a conocer en los barrios este programa, para contar con el apoyo de las organizaciones sociales, las Organizaciones No Gubernamentales (ONG), las juntas de padres y madres de las escuelas, las iglesias y los clubes.<\/span><\/p>\n<p><span class=\"text1noticias\"> <\/span><\/p>\n<p><span class=\"text1noticias\">En tanto que Pe\u00f1a Guaba subray\u00f3 la importancia de trabajar con tiempo en la juventud, as\u00ed como el compromiso del Gobierno de bridarles oportunidades para su formaci\u00f3n y para insertarse al sector laboral.<\/span><\/p>\n<p><span class=\"text1noticias\"> <\/span><\/p>\n<p><span class=\"text1noticias\">\u00abEn un par de a\u00f1os, y quiz\u00e1 en meses, estemos viendo ya los resultados de Oportunidad 14-24 gracias a todas estas instituciones gubernamentales, la iglesia y el apoyo empresarial\u00bb, declar\u00f3.<\/span><\/p>\n<p><span class=\"text1noticias\"> <\/span><\/p>\n<p><span class=\"text1noticias\">Asistieron a la actividad las representantes del Fondo de las Naciones Unidas para la Infancia (UNICEF), Rosa Elcarte L\u00f3pez; del Programa de las Naciones Unidas para el Desarrollo (PNUD), Inka Matila y del Fondo de Poblaci\u00f3n de las Naciones Unidas (UNPHA), Sonia V\u00e1squez.<\/span><\/p>\n<p><span class=\"text1noticias\"> <\/span><\/p>\n<p><span class=\"text1noticias\">Por el Gobierno estuvieron los ministros de Salud P\u00fablica, Plutarco Arias; Educaci\u00f3n Superior, Ciencia y Tecnolog\u00eda, Franklin Garc\u00eda Ferm\u00edn y de Cultura, Carmen Heredia.<\/span><\/p>\n<p><span class=\"text1noticias\"> <\/span><\/p>\n<p><span class=\"text1noticias\">Adem\u00e1s, el director del Centro Tecnol\u00f3gicos Comunitarios (CTC), General Isidro Torres Beltr\u00e9; el presidente de la Direcci\u00f3n Nacional de Control de Drogas (DNCD), contralmirante Jos\u00e9 Cabrera Ulloa.<\/span><\/p>\n<p><span class=\"text1noticias\"> <\/span><\/p>\n<p><span class=\"text1noticias\">Tambi\u00e9n, los directores de la Oficina Metropolitana de Servicios de Autobuses (OMSA), Radham\u00e9s Gonz\u00e1lez y del Plan de Asistencia Social de la Presidencia, Yadira Henr\u00edquez.<\/span><\/p>\n<p><span class=\"text1noticias\"> <\/span><\/p>\n<p><span class=\"text1noticias\">Acto y detalles programa<\/span><\/p>\n<p><span class=\"text1noticias\"> <\/span><\/p>\n<p><span class=\"text1noticias\">El sacerdote Elvin de los Santos bendijo la ceremonia a la que asisti\u00f3 un centenar de j\u00f3venes y adolescentes con edades entre 14 y 24 a\u00f1os, adopt\u00e1ndose a las medidas de prevenci\u00f3n de la COVID-19.<\/span><\/p>\n<p><span class=\"text1noticias\"> <\/span><\/p>\n<p><span class=\"text1noticias\">Se trata de una propuesta del programa de Gobierno 2020-2024 del presidente Luis Abinader, de intervenci\u00f3n integral para j\u00f3venes en condici\u00f3n de vulnerabilidad y de alto riesgo.<\/span><\/p>\n<p><span class=\"text1noticias\"> <\/span><\/p>\n<p><span class=\"text1noticias\">Se inform\u00f3 que 20 instituciones gubernamentales se han integrado para concretizar esta iniciativa que beneficiar\u00e1 a 500 j\u00f3venes en esta primera fase.<\/span><\/p>\n<p><span class=\"text1noticias\"> <\/span><\/p>\n<p><span class=\"text1noticias\">Los adolescentes y j\u00f3venes tambi\u00e9n recibir\u00e1n becas nacionales e internacionales, provisi\u00f3n mensual de alimentos crudos, transporte a los centros de estudios, entre otros beneficios.<\/span><\/p>\n<p><span class=\"text1noticias\"> <\/span><\/p>\n<p><span class=\"text1noticias\">La iniciativa piloto est\u00e1 focalizada en el Gran Santo Domingo y el Distrito Nacional, priorizando los centros en Capotillo, La Victoria, La Nueva Barquita, Los Guaricanos, Villa Mella, Guerra, Los Alcarrizos, Pedro Brand, Boca Chica y el Ensanche Luper\u00f3n.<\/span><\/p>\n<p><span class=\"text1noticias\"> <\/span><\/p>\n<p><span class=\"text1noticias\">Instituciones que intervienen en el Programa<\/span><\/p>\n<p><span class=\"text1noticias\"> <\/span><\/p>\n<p><span class=\"text1noticias\">1. Gabinete de Pol\u00edticas Sociales<\/span><\/p>\n<p><span class=\"text1noticias\"> <\/span><\/p>\n<p><span class=\"text1noticias\">2. Ministerio de Salud P\u00fablica<\/span><\/p>\n<p><span class=\"text1noticias\"> <\/span><\/p>\n<p><span class=\"text1noticias\">3. Ministerio de Educaci\u00f3n Superior, Ciencia y Tecnolog\u00eda (MESCyT)<\/span><\/p>\n<p><span class=\"text1noticias\"> <\/span><\/p>\n<p><span class=\"text1noticias\">4. Ministerio de Trabajo<\/span><\/p>\n<p><span class=\"text1noticias\"> <\/span><\/p>\n<p><span class=\"text1noticias\">5. Ministerio de Educaci\u00f3n<\/span><\/p>\n<p><span class=\"text1noticias\"> <\/span><\/p>\n<p><span class=\"text1noticias\">6. Ministerio de Cultura<\/span><\/p>\n<p><span class=\"text1noticias\"> <\/span><\/p>\n<p><span class=\"text1noticias\">7. Ministerio de Trabajo<\/span><\/p>\n<p><span class=\"text1noticias\"> <\/span><\/p>\n<p><span class=\"text1noticias\">8. Ministerio de Defensa<\/span><\/p>\n<p><span class=\"text1noticias\"> <\/span><\/p>\n<p><span class=\"text1noticias\">9. Ministerio de Deportes y Recreaci\u00f3n<\/span><\/p>\n<p><span class=\"text1noticias\"> <\/span><\/p>\n<p><span class=\"text1noticias\">10. Ministerio de Industria y Comercio<\/span><\/p>\n<p><span class=\"text1noticias\"> <\/span><\/p>\n<p><span class=\"text1noticias\">11. Centro Tecnol\u00f3gicos Comunitarios (CTC)<\/span><\/p>\n<p><span class=\"text1noticias\"> <\/span><\/p>\n<p><span class=\"text1noticias\">12. Consejo Nacional para la Ni\u00f1ez y la Adolescencia (CONANI)<\/span><\/p>\n<p><span class=\"text1noticias\"> <\/span><\/p>\n<p><span class=\"text1noticias\">13. Servicio Nacional de Salud (SNS)<\/span><\/p>\n<p><span class=\"text1noticias\"> <\/span><\/p>\n<p><span class=\"text1noticias\">14. Instituto Nacional de Formaci\u00f3n T\u00e9cnico Profesional (INFOTEP)<\/span><\/p>\n<p><span class=\"text1noticias\"> <\/span><\/p>\n<p><span class=\"text1noticias\">15. Oficina Metropolitana de Servicios de Autobuses (OMSA)<\/span><\/p>\n<p><span class=\"text1noticias\"> <\/span><\/p>\n<p><span class=\"text1noticias\">16. Plan de Asistencia Social de la Presidencia (PASP)<\/span><\/p>\n<p><span class=\"text1noticias\"> <\/span><\/p>\n<p><span class=\"text1noticias\">17. Instituto Dominicano de las Telecomunicaciones (INDOTEL)<\/span><\/p>\n<p><span class=\"text1noticias\"> <\/span><\/p>\n<p><span class=\"text1noticias\">18. Direcci\u00f3n Nacional de Control de Drogas (DNCD)<\/span><\/p>\n<p><span class=\"text1noticias\"> <\/span><\/p>\n<p><span class=\"text1noticias\">19. Comedores Econ\u00f3micos<\/span><\/p>\n<p><span class=\"text1noticias\"> <\/span><\/p>\n<p><span class=\"text1noticias\">20. Banca Solidaria ? PROMIPYME<\/span><\/p>\n<p><span class=\"text1noticias\"> <\/span><\/p>\n<p><span class=\"text1noticias\">21. Pastoral Penitenciaria de la Iglesia<\/span><\/p>\n<p><span class=\"text1noticias\"> <\/span><\/p>\n<p><span class=\"text1noticias\">Representantes del Sistema de Nacio<\/span>nes Unidas:<\/p>\n<\/p>\n<p>22. UNICEF<\/p>\n<\/p>\n<p>23. PNUD<\/p>\n<\/p>\n<p>24. UNPHA<\/p>\n<\/p>\n<p>Fuente: Presidencia de la Rep\u00fablica Dominicana<\/p>\n<p>Noticias<\/p>\n<h6> 2020-11-21 00:28:50 <\/h6>\n<p><!--\n<link rel=\"stylesheet\" href=\"css\/bootstrap.min.css\">\n\n\n<ul class=\"pagination\">\n\t    \n\t\n\n<li >\n\t<a href='?page_no=47'>Previous<\/a>\n\t<\/li>\n\n\n       \n    \n\n<li><a href='?page_no=1'>1<\/a><\/li>\n\n\n\n<li><a href='?page_no=2'>2<\/a><\/li>\n\n\n\n<li><a>...<\/a><\/li>\n\n\n\n<li><a href='?page_no=46'>46<\/a><\/li>\n\n\n\n<li><a href='?page_no=47'>47<\/a><\/li>\n\n\n\n<li class='active'><a>48<\/a><\/li>\n\n\n\n<li><a href='?page_no=49'>49<\/a><\/li>\n\n\n\n<li><a href='?page_no=50'>50<\/a><\/li>\n\n\n\n<li><a>...<\/a><\/li>\n\n\n\n<li><a href='?page_no=56169'>56169<\/a><\/li>\n\n\n\n<li><a href='?page_no=56170'>56170<\/a><\/li>\n\n    \n\t\n\n<li >\n\t<a href='?page_no=49'>Next<\/a>\n\t<\/li>\n\n\n    \n\n<li><a href='?page_no=56170'>Last &rsaquo;&rsaquo;<\/a><\/li>\n\n<\/ul>\n\n\n--><br \/>\n<\/body><\/p>\n","protected":false},"excerpt":{"rendered":"<p>diariodominicano.com Villa Mella, Santo Domingo Norte, R. D., 20 de noviembre, 2020.- El Gobierno, junto a representantes de la iglesia y del sector empresarial, puso en operaci\u00f3n este viernes el plan piloto del programa Oportunidad 14-24, para ofrecer a adolescentes y j\u00f3venes en vulnerabilidad acceso a formaci\u00f3n t\u00e9cnico profesional, becas y almuerzos diarios. La iniciativa [&hellip;]<\/p>\n","protected":false},"author":3,"featured_media":0,"comment_status":"open","ping_status":"open","sticky":false,"template":"","format":"standard","meta":{"footnotes":""},"categories":[20],"tags":[],"class_list":["post-224481","post","type-post","status-publish","format-standard","hentry","category-dominicana-hoy"],"_links":{"self":[{"href":"https:\/\/diariodominicano.com\/index.php?rest_route=\/wp\/v2\/posts\/224481","targetHints":{"allow":["GET"]}}],"collection":[{"href":"https:\/\/diariodominicano.com\/index.php?rest_route=\/wp\/v2\/posts"}],"about":[{"href":"https:\/\/diariodominicano.com\/index.php?rest_route=\/wp\/v2\/types\/post"}],"author":[{"embeddable":true,"href":"https:\/\/diariodominicano.com\/index.php?rest_route=\/wp\/v2\/users\/3"}],"replies":[{"embeddable":true,"href":"https:\/\/diariodominicano.com\/index.php?rest_route=%2Fwp%2Fv2%2Fcomments&post=224481"}],"version-history":[{"count":0,"href":"https:\/\/diariodominicano.com\/index.php?rest_route=\/wp\/v2\/posts\/224481\/revisions"}],"wp:attachment":[{"href":"https:\/\/diariodominicano.com\/index.php?rest_route=%2Fwp%2Fv2%2Fmedia&parent=224481"}],"wp:term":[{"taxonomy":"category","embeddable":true,"href":"https:\/\/diariodominicano.com\/index.php?rest_route=%2Fwp%2Fv2%2Fcategories&post=224481"},{"taxonomy":"post_tag","embeddable":true,"href":"https:\/\/diariodominicano.com\/index.php?rest_route=%2Fwp%2Fv2%2Ftags&post=224481"}],"curies":[{"name":"wp","href":"https:\/\/api.w.org\/{rel}","templated":true}]}}