{"id":224259,"date":"2020-11-22T12:44:05","date_gmt":"2020-11-22T12:44:05","guid":{"rendered":"http:\/\/diariodominicano.ddns.net\/?p=224259"},"modified":"2020-11-22T12:44:05","modified_gmt":"2020-11-22T12:44:05","slug":"obras-publicas-repara-la-avenida-27-de-febrero-desde-la-isabel-aguiar-hasta-la-josefa-brea","status":"publish","type":"post","link":"https:\/\/diariodominicano.com\/?p=224259","title":{"rendered":"Obras P\u00fablicas repara la avenida 27 de Febrero desde la Isabel Aguiar hasta la Josefa Brea"},"content":{"rendered":"<p><body><\/p>\n<p><span class=\"text1noticias\"> diariodominicano.com<\/span><\/p>\n<p><span class=\"text1noticias\"> <\/span><\/p>\n<p><span class=\"text1noticias\"> Santo Domingo, R. D., 22 de noviembre, 2020.-  El Ministerio de Obras P\u00fablicas y Comunicaciones (MOPC) realiz\u00f3 este fin de semana un amplio plan de asfaltado, bacheo y reacondicionamiento de la avenida 27 de Febrero de esta Capital, desde la intersecci\u00f3n con la avenida Isabel Aguiar hasta la calle Josefa Brea.<\/span><\/p>\n<p><span class=\"text1noticias\"> <\/span><\/p>\n<p><span class=\"text1noticias\">El programa est\u00e1 inscrito dentro de las acciones a realizar en el per\u00edodo de los primeros 100 d\u00edas de gesti\u00f3n del ministro Deligne Ascenci\u00f3n al frente de la instituci\u00f3n, en inter\u00e9s de llevar mayor seguridad a los residentes y conductores de la 27 de Febrero, considerada entre las v\u00edas principales del Distrito Nacional.<\/span><\/p>\n<p><span class=\"text1noticias\"> <\/span><\/p>\n<p><span class=\"text1noticias\">Los trabajos fueron realizados por las brigadas operativas y de equipos pesados pertenecientes a las distintas dependencias del MOPC.<\/span><\/p>\n<p><span class=\"text1noticias\"> <\/span><\/p>\n<p><span class=\"text1noticias\">La jornada de asfaltado y bacheo se inici\u00f3 en la avenida 27 de Febrero con calle Josefa Brea, sector Villa Francisca, y se extendi\u00f3 hasta la Isabel Aguiar, de Herrera.<\/span><\/p>\n<p><span class=\"text1noticias\"> <\/span><\/p>\n<p><span class=\"text1noticias\">Entre los puntos m\u00e1s cr\u00edticos de la avenida que fueron asfaltados por el MOPC se encuentran los t\u00faneles de la 27 de Febrero con avenida N\u00fa\u00f1ez de C\u00e1ceres y el de la avenida Privada.<\/span><\/p>\n<p><span class=\"text1noticias\"> <\/span><\/p>\n<p><span class=\"text1noticias\">Tambi\u00e9n, fueron intervenidos los tramos comprendidos entre las avenidas M\u00e1ximo G\u00f3mez y Ortega y Gasset. De igual manera, el tramo entre la calle Carmen Mendoza de Cornielle y Doctor Defill\u00f3.<\/span><\/p>\n<p><span class=\"text1noticias\"> <\/span><\/p>\n<p><span class=\"text1noticias\">El MOPC inform\u00f3 que tambi\u00e9n fue asfaltado en su totalidad el trayecto comprendido entre las avenidas Luper\u00f3n e Isabel Aguiar (desde la Plaza de la Bandera hasta Pintura).<\/span><\/p>\n<p><span class=\"text1noticias\"> <\/span><\/p>\n<p><span class=\"text1noticias\">Brigadas a cargo del Viceministerio de Mantenimiento Vial, que dirige el ingeniero M\u00e9lito Santana Rinc\u00f3n, procedieron a retirar la capa asf\u00e1ltica en mal estado y el sellado con asfalto nuevo.<\/span><\/p>\n<p><span class=\"text1noticias\"> <\/span><\/p>\n<p><span class=\"text1noticias\">El MOPC inform\u00f3, adem\u00e1s, que tambi\u00e9n trabaj\u00f3 este fin de semana en la colocaci\u00f3n de las juntas de expansi\u00f3n de los elevados sobre el Expreso Quinto Centenario.<\/span><\/p>\n<p><span class=\"text1noticias\"> <\/span><\/p>\n<p><span class=\"text1noticias\">\u00abEstos trabajos, que forman parte del plan previsto a desarrollar por el MOPC durante los primeros 100 d\u00edas de gesti\u00f3n, son coordinados desde nuestros distintos viceministerios\u00bb, explic\u00f3 el MOPC en una nota de la Direcci\u00f3n de Comunicaciones.<\/span><\/p>\n<p><span class=\"text1noticias\"> <\/span><\/p>\n<p><span class=\"text1noticias\">Y agreg\u00f3 que con los mismos se est\u00e1 cumpliendo con el mandato del Presidente Luis Abinader, que busca, entre otras finalidades, que quienes transiten por estas v\u00edas conduzcan sin mayor contrariedad y con m\u00e1s seguridad.<\/span><\/p>\n<p><span class=\"text1noticias\"> <\/span><\/p>\n<p><span class=\"text1noticias\">El MOPC anunci\u00f3 asimismo que en los pr\u00f3ximos d\u00edas ser\u00e1 intervenidos los elevados, en ambas direcciones, desde la Leopoldo Navarro hasta la cabecera oeste de los puentes Juan Pablo Duarte y Juan Bosch, junto a la avenida Teniente Amado Garc\u00eda Guerrero.<\/span><\/p>\n<p><span class=\"text1noticias\"> <\/span><\/p>\n<p><span class=\"text1noticias\">Fuente: Andres Matos<\/span><\/p>\n<p><span class=\"text1noticias\">Direcci\u00f3n de Comunicaciones<\/span><\/p>\n<p><span class=\"text1noticias\">Ministerio de Obras P\u00fablicas y Comunicaciones (MOPC)<\/span><\/p>\n<p><span class=\"text1noticias\">22 de noviembre<\/span> de 2020<\/p>\n<h6> 2020-11-22 12:44:05 <\/h6>\n<p><!--\n<link rel=\"stylesheet\" href=\"css\/bootstrap.min.css\">\n\n\n<ul class=\"pagination\">\n\t    \n\t\n\n<li >\n\t<a href='?page_no=45'>Previous<\/a>\n\t<\/li>\n\n\n       \n    \n\n<li><a href='?page_no=1'>1<\/a><\/li>\n\n\n\n<li><a href='?page_no=2'>2<\/a><\/li>\n\n\n\n<li><a>...<\/a><\/li>\n\n\n\n<li><a href='?page_no=44'>44<\/a><\/li>\n\n\n\n<li><a href='?page_no=45'>45<\/a><\/li>\n\n\n\n<li class='active'><a>46<\/a><\/li>\n\n\n\n<li><a href='?page_no=47'>47<\/a><\/li>\n\n\n\n<li><a href='?page_no=48'>48<\/a><\/li>\n\n\n\n<li><a>...<\/a><\/li>\n\n\n\n<li><a href='?page_no=56169'>56169<\/a><\/li>\n\n\n\n<li><a href='?page_no=56170'>56170<\/a><\/li>\n\n    \n\t\n\n<li >\n\t<a href='?page_no=47'>Next<\/a>\n\t<\/li>\n\n\n    \n\n<li><a href='?page_no=56170'>Last &rsaquo;&rsaquo;<\/a><\/li>\n\n<\/ul>\n\n\n--><br \/>\n<\/body><\/p>\n","protected":false},"excerpt":{"rendered":"<p>diariodominicano.com Santo Domingo, R. D., 22 de noviembre, 2020.- El Ministerio de Obras P\u00fablicas y Comunicaciones (MOPC) realiz\u00f3 este fin de semana un amplio plan de asfaltado, bacheo y reacondicionamiento de la avenida 27 de Febrero de esta Capital, desde la intersecci\u00f3n con la avenida Isabel Aguiar hasta la calle Josefa Brea. El programa est\u00e1 [&hellip;]<\/p>\n","protected":false},"author":3,"featured_media":0,"comment_status":"open","ping_status":"open","sticky":false,"template":"","format":"standard","meta":{"footnotes":""},"categories":[20],"tags":[],"class_list":["post-224259","post","type-post","status-publish","format-standard","hentry","category-dominicana-hoy"],"_links":{"self":[{"href":"https:\/\/diariodominicano.com\/index.php?rest_route=\/wp\/v2\/posts\/224259","targetHints":{"allow":["GET"]}}],"collection":[{"href":"https:\/\/diariodominicano.com\/index.php?rest_route=\/wp\/v2\/posts"}],"about":[{"href":"https:\/\/diariodominicano.com\/index.php?rest_route=\/wp\/v2\/types\/post"}],"author":[{"embeddable":true,"href":"https:\/\/diariodominicano.com\/index.php?rest_route=\/wp\/v2\/users\/3"}],"replies":[{"embeddable":true,"href":"https:\/\/diariodominicano.com\/index.php?rest_route=%2Fwp%2Fv2%2Fcomments&post=224259"}],"version-history":[{"count":0,"href":"https:\/\/diariodominicano.com\/index.php?rest_route=\/wp\/v2\/posts\/224259\/revisions"}],"wp:attachment":[{"href":"https:\/\/diariodominicano.com\/index.php?rest_route=%2Fwp%2Fv2%2Fmedia&parent=224259"}],"wp:term":[{"taxonomy":"category","embeddable":true,"href":"https:\/\/diariodominicano.com\/index.php?rest_route=%2Fwp%2Fv2%2Fcategories&post=224259"},{"taxonomy":"post_tag","embeddable":true,"href":"https:\/\/diariodominicano.com\/index.php?rest_route=%2Fwp%2Fv2%2Ftags&post=224259"}],"curies":[{"name":"wp","href":"https:\/\/api.w.org\/{rel}","templated":true}]}}