{"id":224148,"date":"2020-11-22T14:00:06","date_gmt":"2020-11-22T14:00:06","guid":{"rendered":"http:\/\/diariodominicano.ddns.net\/?p=224148"},"modified":"2020-11-22T14:00:06","modified_gmt":"2020-11-22T14:00:06","slug":"continuan-en-alza-contagios-por-covid-19-en-dominicana","status":"publish","type":"post","link":"https:\/\/diariodominicano.com\/?p=224148","title":{"rendered":"Contin\u00faan en alza contagios por Covid-19 en Dominicana"},"content":{"rendered":"<p><body><\/p>\n<p><img decoding=\"async\" src=\"img3\/Salud22-11-20.jpeg\" \/>  <\/p>\n<p><span class=\"text1noticias\">diariodominicano.com<\/span><\/p>\n<\/p>\n<p><span class=\"text1noticias\">Santo Domingo, 22 nov (Prensa Latina) Dominicana mantuvo hoy un alza en los contagios por Covid-19 con 640 casos en las \u00faltimas horas y 138 mil 410 en total desde el inicio de la enfermedad, inform\u00f3 el Ministerio de Salud.<\/span><\/p>\n<\/p>\n<p><span class=\"text1noticias\">En cuanto a los fallecidos fueron notificados dos, ambos de d\u00edas anteriores, y el total de decesos lleg\u00f3 a los dos mil 310.<\/span><\/p>\n<\/p>\n<p><span class=\"text1noticias\">Los casos activos son 23 mil 548, se recuperaron del virus 112 mil 552 personas y 543 mil 783 fueron descartadas despu\u00e9s de efectuadas las pruebas.<\/span><\/p>\n<\/p>\n<p><span class=\"text1noticias\">La ocupaci\u00f3n hospitalaria para pacientes con la Covid-19 est\u00e1 en un 24 por ciento, mientras que en las Unidades de Cuidados Intensivos se ubic\u00f3 en un 37.<\/span><\/p>\n<\/p>\n<p><span class=\"text1noticias\">Las autoridades sanitarias insisten a la poblaci\u00f3n a extremar las medidas establecidas para evitar la propagaci\u00f3n de la enfermedad, mantener el distanciamiento social y evitar las aglomeraciones.<\/span><\/p>\n<\/p>\n<p><span class=\"text1noticias\">tgj\/ema<\/span><\/p>\n<h6> 2020-11-22 14:00:06 <\/h6>\n<p><!--\n<link rel=\"stylesheet\" href=\"css\/bootstrap.min.css\">\n\n\n<ul class=\"pagination\">\n\t    \n\t\n\n<li >\n\t<a href='?page_no=44'>Previous<\/a>\n\t<\/li>\n\n\n       \n    \n\n<li><a href='?page_no=1'>1<\/a><\/li>\n\n\n\n<li><a href='?page_no=2'>2<\/a><\/li>\n\n\n\n<li><a>...<\/a><\/li>\n\n\n\n<li><a href='?page_no=43'>43<\/a><\/li>\n\n\n\n<li><a href='?page_no=44'>44<\/a><\/li>\n\n\n\n<li class='active'><a>45<\/a><\/li>\n\n\n\n<li><a href='?page_no=46'>46<\/a><\/li>\n\n\n\n<li><a href='?page_no=47'>47<\/a><\/li>\n\n\n\n<li><a>...<\/a><\/li>\n\n\n\n<li><a href='?page_no=56169'>56169<\/a><\/li>\n\n\n\n<li><a href='?page_no=56170'>56170<\/a><\/li>\n\n    \n\t\n\n<li >\n\t<a href='?page_no=46'>Next<\/a>\n\t<\/li>\n\n\n    \n\n<li><a href='?page_no=56170'>Last &rsaquo;&rsaquo;<\/a><\/li>\n\n<\/ul>\n\n\n--><br \/>\n<\/body><\/p>\n","protected":false},"excerpt":{"rendered":"<p>diariodominicano.com Santo Domingo, 22 nov (Prensa Latina) Dominicana mantuvo hoy un alza en los contagios por Covid-19 con 640 casos en las \u00faltimas horas y 138 mil 410 en total desde el inicio de la enfermedad, inform\u00f3 el Ministerio de Salud. En cuanto a los fallecidos fueron notificados dos, ambos de d\u00edas anteriores, y el [&hellip;]<\/p>\n","protected":false},"author":3,"featured_media":0,"comment_status":"open","ping_status":"open","sticky":false,"template":"","format":"standard","meta":{"footnotes":""},"categories":[20],"tags":[],"class_list":["post-224148","post","type-post","status-publish","format-standard","hentry","category-dominicana-hoy"],"_links":{"self":[{"href":"https:\/\/diariodominicano.com\/index.php?rest_route=\/wp\/v2\/posts\/224148","targetHints":{"allow":["GET"]}}],"collection":[{"href":"https:\/\/diariodominicano.com\/index.php?rest_route=\/wp\/v2\/posts"}],"about":[{"href":"https:\/\/diariodominicano.com\/index.php?rest_route=\/wp\/v2\/types\/post"}],"author":[{"embeddable":true,"href":"https:\/\/diariodominicano.com\/index.php?rest_route=\/wp\/v2\/users\/3"}],"replies":[{"embeddable":true,"href":"https:\/\/diariodominicano.com\/index.php?rest_route=%2Fwp%2Fv2%2Fcomments&post=224148"}],"version-history":[{"count":0,"href":"https:\/\/diariodominicano.com\/index.php?rest_route=\/wp\/v2\/posts\/224148\/revisions"}],"wp:attachment":[{"href":"https:\/\/diariodominicano.com\/index.php?rest_route=%2Fwp%2Fv2%2Fmedia&parent=224148"}],"wp:term":[{"taxonomy":"category","embeddable":true,"href":"https:\/\/diariodominicano.com\/index.php?rest_route=%2Fwp%2Fv2%2Fcategories&post=224148"},{"taxonomy":"post_tag","embeddable":true,"href":"https:\/\/diariodominicano.com\/index.php?rest_route=%2Fwp%2Fv2%2Ftags&post=224148"}],"curies":[{"name":"wp","href":"https:\/\/api.w.org\/{rel}","templated":true}]}}