{"id":224037,"date":"2020-11-22T22:09:18","date_gmt":"2020-11-22T22:09:18","guid":{"rendered":"http:\/\/diariodominicano.ddns.net\/?p=224037"},"modified":"2020-11-22T22:09:18","modified_gmt":"2020-11-22T22:09:18","slug":"ex-regidor-agrede-al-presidente-del-prm-y-director-del-proyectoagroforestal-en-polo","status":"publish","type":"post","link":"https:\/\/diariodominicano.com\/?p=224037","title":{"rendered":"Ex regidor agrede al presidente del PRM y director del Proyecto&#13;Agroforestal en Polo"},"content":{"rendered":"<p><body><\/p>\n<p><img decoding=\"async\" src=\"img3\/collage.png\" \/>  <\/p>\n<p><strong>Ex regidor agrede al presidente del PRM y director del Proyecto<\/strong><\/p>\n<p><strong>Agroforestal en Polo<\/strong><\/p>\n<p><strong>POLO, Barahona<\/strong>: El  presidente del Partido Revolucionario Moderno (PRM) y director del Proyecto de Desarrollo Agroforestal, Carlos<\/p>\n<p>Manuel F\u00e9liz (Maningo) fue agredido por parte del ex regidor por el PRD C\u00e9sar Morales Yapur.<\/p>\n<\/p>\n<p>El ex concejal atraves\u00f3 el veh\u00edculo en la comunidad de Las Auyamas, en momentos que el funcionario y  presidente de la entidad oficialista<\/p>\n<p>pasaba por ese lugar acompa\u00f1ado de su esposa y la dirigente del PRM Mayra Segura.<\/p>\n<\/p>\n<p>Seg\u00fan testigos Morales abri\u00f3 la puerta del veh\u00edculo de F\u00e9liz y lo sac\u00f3 a golpes y patadas, adem\u00e1s sac\u00f3 supuestamente una pistola pero<\/p>\n<p>lugare\u00f1os se la quitaron.<\/p>\n<\/p>\n<p>Por los golpes recibidos, Maningo, fue traslado hasta el hospital municipal y de ah\u00ed a un centro de salud privado en la ciudad de<\/p>\n<p>Barahona.<\/p>\n<\/p>\n<p>La dirigencia del PRM en esta comunidad, conden\u00f3 el atropell\u00f3, se\u00f1alando que har\u00e1n justicia porque no hab\u00eda ninguna justificaci\u00f3n<\/p>\n<p>para que pasara ese hecho.<\/p>\n<\/p>\n<p>\u00bb Estuvimos a punto de una tragedia, gracias a Dios que no pas\u00f3 m\u00e1s del intento, pero lo condenamos y estaremos vigilantes para  que pague<\/p>\n<p>por el hecho.<\/p>\n<\/p>\n<p>Mientras que familiares consultados manifestaron que ahora tendr\u00e1 que demostrar su hombr\u00eda en una c\u00e1rcel, porque su acci\u00f3n es calificable de<\/p>\n<p>intento de homicidio.<\/p>\n<\/p>\n<p>C\u00e9sar Morales Yapur, es un ex regidor y ex dirigente del Partido Revolucionario Dominicano ( PRD), que pas\u00f3 a militar en el PRM, luego<\/p>\n<p>de las elecciones municipales de marzo pasado.<\/p>\n<\/p>\n<p>Ohelmis Sanchez<\/p>\n<p>ohelmissanchez01@gmail.com<\/p>\n<h6> 2020-11-22 22:09:18 <\/h6>\n<p><!--\n<link rel=\"stylesheet\" href=\"css\/bootstrap.min.css\">\n\n\n<ul class=\"pagination\">\n\t    \n\t\n\n<li >\n\t<a href='?page_no=43'>Previous<\/a>\n\t<\/li>\n\n\n       \n    \n\n<li><a href='?page_no=1'>1<\/a><\/li>\n\n\n\n<li><a href='?page_no=2'>2<\/a><\/li>\n\n\n\n<li><a>...<\/a><\/li>\n\n\n\n<li><a href='?page_no=42'>42<\/a><\/li>\n\n\n\n<li><a href='?page_no=43'>43<\/a><\/li>\n\n\n\n<li class='active'><a>44<\/a><\/li>\n\n\n\n<li><a href='?page_no=45'>45<\/a><\/li>\n\n\n\n<li><a href='?page_no=46'>46<\/a><\/li>\n\n\n\n<li><a>...<\/a><\/li>\n\n\n\n<li><a href='?page_no=56169'>56169<\/a><\/li>\n\n\n\n<li><a href='?page_no=56170'>56170<\/a><\/li>\n\n    \n\t\n\n<li >\n\t<a href='?page_no=45'>Next<\/a>\n\t<\/li>\n\n\n    \n\n<li><a href='?page_no=56170'>Last &rsaquo;&rsaquo;<\/a><\/li>\n\n<\/ul>\n\n\n--><br \/>\n<\/body><\/p>\n","protected":false},"excerpt":{"rendered":"<p>Ex regidor agrede al presidente del PRM y director del Proyecto Agroforestal en Polo POLO, Barahona: El presidente del Partido Revolucionario Moderno (PRM) y director del Proyecto de Desarrollo Agroforestal, Carlos Manuel F\u00e9liz (Maningo) fue agredido por parte del ex regidor por el PRD C\u00e9sar Morales Yapur. El ex concejal atraves\u00f3 el veh\u00edculo en la [&hellip;]<\/p>\n","protected":false},"author":3,"featured_media":0,"comment_status":"open","ping_status":"open","sticky":false,"template":"","format":"standard","meta":{"footnotes":""},"categories":[20],"tags":[],"class_list":["post-224037","post","type-post","status-publish","format-standard","hentry","category-dominicana-hoy"],"_links":{"self":[{"href":"https:\/\/diariodominicano.com\/index.php?rest_route=\/wp\/v2\/posts\/224037","targetHints":{"allow":["GET"]}}],"collection":[{"href":"https:\/\/diariodominicano.com\/index.php?rest_route=\/wp\/v2\/posts"}],"about":[{"href":"https:\/\/diariodominicano.com\/index.php?rest_route=\/wp\/v2\/types\/post"}],"author":[{"embeddable":true,"href":"https:\/\/diariodominicano.com\/index.php?rest_route=\/wp\/v2\/users\/3"}],"replies":[{"embeddable":true,"href":"https:\/\/diariodominicano.com\/index.php?rest_route=%2Fwp%2Fv2%2Fcomments&post=224037"}],"version-history":[{"count":0,"href":"https:\/\/diariodominicano.com\/index.php?rest_route=\/wp\/v2\/posts\/224037\/revisions"}],"wp:attachment":[{"href":"https:\/\/diariodominicano.com\/index.php?rest_route=%2Fwp%2Fv2%2Fmedia&parent=224037"}],"wp:term":[{"taxonomy":"category","embeddable":true,"href":"https:\/\/diariodominicano.com\/index.php?rest_route=%2Fwp%2Fv2%2Fcategories&post=224037"},{"taxonomy":"post_tag","embeddable":true,"href":"https:\/\/diariodominicano.com\/index.php?rest_route=%2Fwp%2Fv2%2Ftags&post=224037"}],"curies":[{"name":"wp","href":"https:\/\/api.w.org\/{rel}","templated":true}]}}