{"id":223704,"date":"2020-11-23T12:48:00","date_gmt":"2020-11-23T12:48:00","guid":{"rendered":"http:\/\/diariodominicano.ddns.net\/?p=223704"},"modified":"2020-11-23T12:48:00","modified_gmt":"2020-11-23T12:48:00","slug":"senasa-crea-programa-para-mejorar-la-nutricion-y-calidad-de-vida-de-los-adultos-mayores","status":"publish","type":"post","link":"https:\/\/diariodominicano.com\/?p=223704","title":{"rendered":"SeNaSa crea programa para mejorar la nutrici\u00f3n y calidad de vida de los adultos mayores"},"content":{"rendered":"<p><body><\/p>\n<p><img decoding=\"async\" src=\"img3\/Senasa23-11-20.jpeg\" \/>  <\/p>\n<p><span class=\"text1noticias\"> diariodominicano.com <\/span><\/p>\n<\/p>\n<p><span class=\"text1noticias\">Santo Domingo, R. D., 23 de noviembre, 2020.- Con el objetivo de afianzar la prevenci\u00f3n y mejorar la calidad de vida de los adultos mayores incorporados en el programa SeNaSa Cuida de Ti, el Seguro Nacional de Salud (SeNaSa) cre\u00f3 el Programa Nutricional Adultos Mayores, a trav\u00e9s del cual se les garantizar\u00e1 evaluaci\u00f3n nutricional, prote\u00ednas, gu\u00edas de ejercicios y alimenticia a los envejecientes. <\/span><\/p>\n<p><span class=\"text1noticias\"> <\/span><\/p>\n<p><span class=\"text1noticias\">La ARS Estatal explic\u00f3 a trav\u00e9s del nuevo programa dirigido a los adultos mayores que ya est\u00e1n inscritos en SeNaSa Cuida de Ti y pertenecen al R\u00e9gimen Subsidiado, se les realizar\u00e1n diagn\u00f3stico oportuno de la situaci\u00f3n de salud, entrega de suplementaci\u00f3n seg\u00fan diagn\u00f3stico, re-evaluaci\u00f3n mensual o trimestral, seg\u00fan aplique, y visitas domiciliarias a los encamados.<\/span><\/p>\n<p><span class=\"text1noticias\"> <\/span><\/p>\n<p><span class=\"text1noticias\">\u00abCon este nuevo programa desde SeNaSa buscamos reducir los niveles de desnutrici\u00f3n y mejorar la calidad de vida de m\u00e1s de 320 mil adultos mayores afiliados del R\u00e9gimen Subsidiado inscritos en el programa SeNaSa Cuida de Ti\u00bb, manifest\u00f3 el Dr. Santiago Hazim, director ejecutivo de SeNaSa.<\/span><\/p>\n<p><span class=\"text1noticias\">Objetivos espec\u00edficos del programa <\/span><\/p>\n<\/p>\n<p><span class=\"text1noticias\">Con el Programa Nutricional Adultos Mayores, SeNaSa tiene la intenci\u00f3n de prevenir enfermedades cr\u00f3nicas no transmisibles, principalmente Diabetes, Hipertensi\u00f3n, Sarcopenia, Obesidad, Hipercolesterolemia, en la poblaci\u00f3n de adultos mayores.<\/span><\/p>\n<p><span class=\"text1noticias\"> <\/span><\/p>\n<p><span class=\"text1noticias\">Asimismo, el fortalecimiento del sistema inmune, d\u00e1ndoles la oportunidad de defenderse de una manera m\u00e1s eficiente ante el Covid-19, contribuir de manera directa con el compromiso del pa\u00eds ante los Objetivos de Desarrollo Sostenible 2025, e identificar las escalas para la evaluaci\u00f3n del estado nutricional de las personas mayores.<\/span><\/p>\n<p><span class=\"text1noticias\"> <\/span><\/p>\n<p><span class=\"text1noticias\">Del mismo modo, reducir los factores de riesgo de enfermedades cr\u00f3nicas asociadas a la condici\u00f3n nutricional y funcional de adultos mayores a trav\u00e9s de la evaluaci\u00f3n nutricional efectiva y suplementaci\u00f3n adecuada.<\/span><\/p>\n<p><span class=\"text1noticias\"> <\/span><\/p>\n<p><span class=\"text1noticias\">Pies de fotos:<\/span><\/p>\n<p><span class=\"text1noticias\">Foto 01: Edificio sede del Seguro Nacional de Salud (SeN<\/span>aSa).<\/p>\n<\/p>\n<p>Fuente: Prensa ARS SeNaSa <\/p>\n<p>Unidad de Medios y Publicaciones <\/p>\n<p>Gerencia de Comunicaci\u00f3n Estrat\u00e9gica<\/p>\n<h6> 2020-11-23 12:48:00 <\/h6>\n<p><!--\n<link rel=\"stylesheet\" href=\"css\/bootstrap.min.css\">\n\n\n<ul class=\"pagination\">\n\t    \n\t\n\n<li >\n\t<a href='?page_no=40'>Previous<\/a>\n\t<\/li>\n\n\n       \n    \n\n<li><a href='?page_no=1'>1<\/a><\/li>\n\n\n\n<li><a href='?page_no=2'>2<\/a><\/li>\n\n\n\n<li><a>...<\/a><\/li>\n\n\n\n<li><a href='?page_no=39'>39<\/a><\/li>\n\n\n\n<li><a href='?page_no=40'>40<\/a><\/li>\n\n\n\n<li class='active'><a>41<\/a><\/li>\n\n\n\n<li><a href='?page_no=42'>42<\/a><\/li>\n\n\n\n<li><a href='?page_no=43'>43<\/a><\/li>\n\n\n\n<li><a>...<\/a><\/li>\n\n\n\n<li><a href='?page_no=56169'>56169<\/a><\/li>\n\n\n\n<li><a href='?page_no=56170'>56170<\/a><\/li>\n\n    \n\t\n\n<li >\n\t<a href='?page_no=42'>Next<\/a>\n\t<\/li>\n\n\n    \n\n<li><a href='?page_no=56170'>Last &rsaquo;&rsaquo;<\/a><\/li>\n\n<\/ul>\n\n\n--><br \/>\n<\/body><\/p>\n","protected":false},"excerpt":{"rendered":"<p>diariodominicano.com Santo Domingo, R. D., 23 de noviembre, 2020.- Con el objetivo de afianzar la prevenci\u00f3n y mejorar la calidad de vida de los adultos mayores incorporados en el programa SeNaSa Cuida de Ti, el Seguro Nacional de Salud (SeNaSa) cre\u00f3 el Programa Nutricional Adultos Mayores, a trav\u00e9s del cual se les garantizar\u00e1 evaluaci\u00f3n nutricional, [&hellip;]<\/p>\n","protected":false},"author":3,"featured_media":0,"comment_status":"open","ping_status":"open","sticky":false,"template":"","format":"standard","meta":{"footnotes":""},"categories":[20],"tags":[],"class_list":["post-223704","post","type-post","status-publish","format-standard","hentry","category-dominicana-hoy"],"_links":{"self":[{"href":"https:\/\/diariodominicano.com\/index.php?rest_route=\/wp\/v2\/posts\/223704","targetHints":{"allow":["GET"]}}],"collection":[{"href":"https:\/\/diariodominicano.com\/index.php?rest_route=\/wp\/v2\/posts"}],"about":[{"href":"https:\/\/diariodominicano.com\/index.php?rest_route=\/wp\/v2\/types\/post"}],"author":[{"embeddable":true,"href":"https:\/\/diariodominicano.com\/index.php?rest_route=\/wp\/v2\/users\/3"}],"replies":[{"embeddable":true,"href":"https:\/\/diariodominicano.com\/index.php?rest_route=%2Fwp%2Fv2%2Fcomments&post=223704"}],"version-history":[{"count":0,"href":"https:\/\/diariodominicano.com\/index.php?rest_route=\/wp\/v2\/posts\/223704\/revisions"}],"wp:attachment":[{"href":"https:\/\/diariodominicano.com\/index.php?rest_route=%2Fwp%2Fv2%2Fmedia&parent=223704"}],"wp:term":[{"taxonomy":"category","embeddable":true,"href":"https:\/\/diariodominicano.com\/index.php?rest_route=%2Fwp%2Fv2%2Fcategories&post=223704"},{"taxonomy":"post_tag","embeddable":true,"href":"https:\/\/diariodominicano.com\/index.php?rest_route=%2Fwp%2Fv2%2Ftags&post=223704"}],"curies":[{"name":"wp","href":"https:\/\/api.w.org\/{rel}","templated":true}]}}