{"id":223593,"date":"2020-11-23T13:45:08","date_gmt":"2020-11-23T13:45:08","guid":{"rendered":"http:\/\/diariodominicano.ddns.net\/?p=223593"},"modified":"2020-11-23T13:45:08","modified_gmt":"2020-11-23T13:45:08","slug":"republica-dominicana-aplicara-vacuna-para-la-covid-19-en-marzo-del-2021-asegura-ministro-de-salud-publica","status":"publish","type":"post","link":"https:\/\/diariodominicano.com\/?p=223593","title":{"rendered":"Rep\u00fablica Dominicana aplicar\u00e1 vacuna para la COVID-19 en marzo del 2021 asegura Ministro de Salud P\u00fablica"},"content":{"rendered":"<p><body><\/p>\n<p><img decoding=\"async\" src=\"img3\/Plutarco-Arias23-11-20.jpg\" \/>  <\/p>\n<p><span class=\"text1noticias\">diariodominicano.com<\/span><\/p>\n<p><span class=\"text1noticias\">Santo Domingo, R. D., 23 de noviembre, 2020.- El ministro de Salud P\u00fabica, Plutarco Arias, inform\u00f3 este lunes que las vacunas que el Gobierno dominicano contrat\u00f3 con la farmac\u00e9utica inglesa AstraZeneca, en conjunto con la Universidad de Oxford, comenzar\u00e1n a llegar al pa\u00eds en febrero, pero que ser\u00edan aplicadas probablemente en marzo las primeras dosis.<\/span><\/p>\n<p><span class=\"text1noticias\"> <\/span><\/p>\n<p><span class=\"text1noticias\">La semana pasada fue aprobado por la C\u00e1mara de Diputados el acuerdo de compra con la citada farmac\u00e9utica con un monto de 40 millones de d\u00f3lares equivalente a 10 millones de dosis.<\/span><\/p>\n<p><span class=\"text1noticias\"> <\/span><\/p>\n<p><span class=\"text1noticias\">Durante una entrevista en el programa de televisi\u00f3n El D\u00eda, Arias sostuvo que tienen todos los tr\u00e1mites listos y que solo falta coordinar el tiempo de entrega.<\/span><\/p>\n<p><span class=\"text1noticias\"> <\/span><\/p>\n<p><span class=\"text1noticias\">\u00abNosotros en ese sentido eso est\u00e1 ya asegurado. La otra parte m\u00e1s importante para nosotros es el tiempo de entrega, son muchos pa\u00edses y van a entregarle por partes, por porcentajes. Posiblemente tengamos en febrero vacunas disponibles, pero lo m\u00e1s seguro que estaremos administr\u00e1ndola en marzo\u00bb, afirm\u00f3 el funcionario.<\/span><\/p>\n<p><span class=\"text1noticias\"> <\/span><\/p>\n<p><span class=\"text1noticias\">Sostuvo que Rep\u00fablica Dominicana ha pagado ya para estar dentro de los primeros lugares de los pa\u00edses que reciban las dosis.<\/span><\/p>\n<p><span class=\"text1noticias\"> <\/span><\/p>\n<p><span class=\"text1noticias\">Indic\u00f3 que no todas las vacunas contratadas llegar\u00e1n a la vez y que por tomarse un tiempo de 28 d\u00edas entre la primera y la segunda dosis, los grupos que empiecen a recibirlas tendr\u00e1n un per\u00edodo que podr\u00e1n esperar a que llegue la otra parte para que les suministren la \u00faltima.<\/span><\/p>\n<p><span class=\"text1noticias\"> <\/span><\/p>\n<p><span class=\"text1noticias\">Los primeros en aplic\u00e1rseles las vacunas ser\u00e1n lo que son considerados personal de primera l\u00ednea, que incluye m\u00e9dicos, enfermeras, bioanalistas, personal param\u00e9dico, polic\u00edas y guardias; junto a ellos, las personas mayores de 65 a\u00f1os y quienes tengan comorbilidades como diabetes e hipertensi\u00f3n arterial, as\u00ed como enfermedades catastr\u00f3ficas.<\/span><\/p>\n<p><span class=\"text1noticias\"> <\/span><\/p>\n<p><span class=\"text1noticias\">Con respecto a la posibilidad de flexibilizar las medidas de de estado de emergencia, como el toque de queda, el Dr. Plutarco Arias manifest\u00f3 que se debe discutir con el Presidente y en el seno del Gabinete de Salud, porque persiste el temor por un rebrote de la COVID-19. \u00abAhora mismo, tenemos una positividad de 11, y quisi\u00e9ramos mantenernos en ese nivel, porque nuestro pa\u00eds se encuentra entre los mejores del mundo en cuanto a positividad y letalidad\u00bb.<\/span><\/p>\n<p><span class=\"text1noticias\"> <\/span><\/p>\n<p><span class=\"text1noticias\">Torneo de Pelota<\/span><\/p>\n<p><span class=\"text1noticias\">Ante una pregunta concerniente a la situaci\u00f3n del campeonato de b\u00e9isbol otro\u00f1o-invernal 2020-2021, del que han sido suspendidos los Tigres del Licey y Gigantes del Cibao, por la detecci\u00f3n de casos de COVID-19, el ministro de Salud P\u00fablica refiri\u00f3 que en el equipo del Licey, son 13 los jugadores que han dado positivo, mientras que en los Gigantes son 10, pero asegur\u00f3 que el torneo va a continuar esta semana con los cuatro equipos que no tienen problemas.<\/span><\/p>\n<p><span class=\"text1noticias\"> <\/span><\/p>\n<p><span class=\"text1noticias\">\u00abEl Escogido est\u00e1 en burbuja, y estamos planteando seriamente que todos los equipos puedan entrar en burbuja, lo que ser\u00eda mejor, porque eso nos garantizar\u00eda que pudiera seguir el torneo sin ninguna dificultad, y creo que en su momento podr\u00e1 asistir p\u00fablico a distancia a los estadios, como se ha logrado con el campeonato de futbol, en el que se ha cumplido estrictamente el protocolo sanitario establecido\u00bb, concluy\u00f3.<\/span><\/p>\n<p><span class=\"text1noticias\"> <\/span><\/p>\n<p><span class=\"text1noticias\">Fuente: Direcci\u00f3n de Comunicaci\u00f3n<\/span><\/p>\n<p><span class=\"text1noticias\">Ministro de Salud P\u00fablica<\/span><\/p>\n<p><span class=\"text1noticias\">Noticias<\/span><\/p>\n<p><span class=\"text1noticias\">23 de noviembre de 2020<\/span><\/p>\n<h6> 2020-11-23 13:45:08 <\/h6>\n<p><!--\n<link rel=\"stylesheet\" href=\"css\/bootstrap.min.css\">\n\n\n<ul class=\"pagination\">\n\t    \n\t\n\n<li >\n\t<a href='?page_no=39'>Previous<\/a>\n\t<\/li>\n\n\n       \n    \n\n<li><a href='?page_no=1'>1<\/a><\/li>\n\n\n\n<li><a href='?page_no=2'>2<\/a><\/li>\n\n\n\n<li><a>...<\/a><\/li>\n\n\n\n<li><a href='?page_no=38'>38<\/a><\/li>\n\n\n\n<li><a href='?page_no=39'>39<\/a><\/li>\n\n\n\n<li class='active'><a>40<\/a><\/li>\n\n\n\n<li><a href='?page_no=41'>41<\/a><\/li>\n\n\n\n<li><a href='?page_no=42'>42<\/a><\/li>\n\n\n\n<li><a>...<\/a><\/li>\n\n\n\n<li><a href='?page_no=56169'>56169<\/a><\/li>\n\n\n\n<li><a href='?page_no=56170'>56170<\/a><\/li>\n\n    \n\t\n\n<li >\n\t<a href='?page_no=41'>Next<\/a>\n\t<\/li>\n\n\n    \n\n<li><a href='?page_no=56170'>Last &rsaquo;&rsaquo;<\/a><\/li>\n\n<\/ul>\n\n\n--><br \/>\n<\/body><\/p>\n","protected":false},"excerpt":{"rendered":"<p>diariodominicano.com Santo Domingo, R. D., 23 de noviembre, 2020.- El ministro de Salud P\u00fabica, Plutarco Arias, inform\u00f3 este lunes que las vacunas que el Gobierno dominicano contrat\u00f3 con la farmac\u00e9utica inglesa AstraZeneca, en conjunto con la Universidad de Oxford, comenzar\u00e1n a llegar al pa\u00eds en febrero, pero que ser\u00edan aplicadas probablemente en marzo las primeras [&hellip;]<\/p>\n","protected":false},"author":3,"featured_media":0,"comment_status":"open","ping_status":"open","sticky":false,"template":"","format":"standard","meta":{"footnotes":""},"categories":[20],"tags":[],"class_list":["post-223593","post","type-post","status-publish","format-standard","hentry","category-dominicana-hoy"],"_links":{"self":[{"href":"https:\/\/diariodominicano.com\/index.php?rest_route=\/wp\/v2\/posts\/223593","targetHints":{"allow":["GET"]}}],"collection":[{"href":"https:\/\/diariodominicano.com\/index.php?rest_route=\/wp\/v2\/posts"}],"about":[{"href":"https:\/\/diariodominicano.com\/index.php?rest_route=\/wp\/v2\/types\/post"}],"author":[{"embeddable":true,"href":"https:\/\/diariodominicano.com\/index.php?rest_route=\/wp\/v2\/users\/3"}],"replies":[{"embeddable":true,"href":"https:\/\/diariodominicano.com\/index.php?rest_route=%2Fwp%2Fv2%2Fcomments&post=223593"}],"version-history":[{"count":0,"href":"https:\/\/diariodominicano.com\/index.php?rest_route=\/wp\/v2\/posts\/223593\/revisions"}],"wp:attachment":[{"href":"https:\/\/diariodominicano.com\/index.php?rest_route=%2Fwp%2Fv2%2Fmedia&parent=223593"}],"wp:term":[{"taxonomy":"category","embeddable":true,"href":"https:\/\/diariodominicano.com\/index.php?rest_route=%2Fwp%2Fv2%2Fcategories&post=223593"},{"taxonomy":"post_tag","embeddable":true,"href":"https:\/\/diariodominicano.com\/index.php?rest_route=%2Fwp%2Fv2%2Ftags&post=223593"}],"curies":[{"name":"wp","href":"https:\/\/api.w.org\/{rel}","templated":true}]}}