{"id":223481,"date":"2020-11-23T14:06:31","date_gmt":"2020-11-23T14:06:31","guid":{"rendered":"http:\/\/diariodominicano.ddns.net\/?p=223481"},"modified":"2020-11-23T14:06:31","modified_gmt":"2020-11-23T14:06:31","slug":"se-registra-aumento-de-la-positividad-en-las-ultimas-4-semanas-se-coloca-en-11-03-por-ciento","status":"publish","type":"post","link":"https:\/\/diariodominicano.com\/?p=223481","title":{"rendered":"Se registra aumento de la positividad en las \u00faltimas 4 semanas; se coloca en 11.03 por ciento"},"content":{"rendered":"<p><body><\/p>\n<p><img decoding=\"async\" src=\"img3\/salud-publica-23-11-20.jpg\" \/>  <\/p>\n<p><span class=\"text1noticias\"> <\/span><\/p>\n<p><span class=\"text1noticias\">diariodominicano.com<\/span><\/p>\n<p><span class=\"text1noticias\"> <\/span><\/p>\n<p><span class=\"text1noticias\">Santo Domingo, R. D., 23 de noviembre, 2020.- El Ministerio de Salud P\u00fablica inform\u00f3 este lunes que en las \u00faltimas cuatro se semanas se registra un aumento de la positividad a COVID-19, coloc\u00e1ndose en 11.03 por ciento, por lo que exhorta a la poblaci\u00f3n a no descuidarse y mantener las medidas de higiene y distanciamiento f\u00edsico.<\/span><\/p>\n<p><span class=\"text1noticias\"> <\/span><\/p>\n<p><span class=\"text1noticias\">Este 22 de noviembre se reportaron unos 419 nuevos casos positivos a coronavirus de las 4,866 muestras procesadas, lo que suma 138,829 casos acumulados desde el inicio de la pandemia.<\/span><\/p>\n<p><span class=\"text1noticias\"> <\/span><\/p>\n<p><span class=\"text1noticias\">El organismo de rector de la Salud notific\u00f3 por medio a su Bolet\u00edn Especial Epidemiol\u00f3gico n\u00famero 249 que en la Rep\u00fablica Dominicana ocurrieron cero muertes por COVID-19 en las \u00faltimas 24 horas, y se report\u00f3 una muerte en ese lapso de tiempo.<\/span><\/p>\n<p><span class=\"text1noticias\"> <\/span><\/p>\n<p><span class=\"text1noticias\">El total de defunciones es de 2,311, mientras que la positividad diaria se sit\u00faa en 11.92 por ciento de las muestras. La cantidad de casos activos es de 23,636 y los recuperados ya suman 112,883.<\/span><\/p>\n<p><span class=\"text1noticias\"> <\/span><\/p>\n<p><span class=\"text1noticias\">Asimismo, detalla que en el pa\u00eds ya se han realizado 685,707 muestras en total, y que los casos descartados 546,878.<\/span><\/p>\n<p><span class=\"text1noticias\"> <\/span><\/p>\n<p><span class=\"text1noticias\">La ocupaci\u00f3n hospitalaria tambi\u00e9n apunta un ligero aumento con 711 camas ocupadas de las 2,893 disponibles para COVID-19. El porcentaje de ocupaci\u00f3n en las Unidades de Cuidados Intensivos (UCI) registra una baja con 173 ocupadas de las 493 disponibles.<\/span><\/p>\n<p><span class=\"text1noticias\"> <\/span><\/p>\n<p><span class=\"text1noticias\">De igual modo, se reporta una ligera baja en el uso de ventiladores, con 92 ocupados de los 411 disponibles. Destaca que el porcentaje de letalidad es de 1.66 por ciento y la mortalidad por mill\u00f3n de habitantes es de 221.18.<\/span><\/p>\n<p><span class=\"text1noticias\"> <\/span><\/p>\n<p><span class=\"text1noticias\">Grupos de riesgo<\/span><\/p>\n<p><span class=\"text1noticias\">Unos 589 trabajadores de la salud se han reportado positivos a la enfermedad. La cantidad de embarazadas es de 263 y 13,373 personas menores de 20 a\u00f1os de edad.<\/span><\/p>\n<p><span class=\"text1noticias\"> <\/span><\/p>\n<p><span class=\"text1noticias\">Reporta que el 32.32 por ciento de fallecidos con hipertensi\u00f3n como comorbilidad y con diabetes 20.68 por ciento que resultaron mayor complicaci\u00f3n con el COVID-19.<\/span><\/p>\n<p><span class=\"text1noticias\"> <\/span><\/p>\n<p><span class=\"text1noticias\">El Ministerio de Salud P\u00fablica contin\u00faa exhortando a toda la poblaci\u00f3n a mantener las medidas de higiene para combatir y reducir el contagio por COVID-19. Recuerda que el lavado de manos frecuente es uno de los mecanismos m\u00e1s efectivos para cortar el contagio de esta y otras enfermedades virales. Asimismo el distanciamiento f\u00edsico y el uso de mascarillas deben ser permanentes.<\/span><\/p>\n<p><span class=\"text1noticias\"> <\/span><\/p>\n<p><span class=\"text1noticias\">Direcci\u00f3n de Comunicaci\u00f3n.<\/span><\/p>\n<p><span class=\"text1noticias\">23 de novie<\/span>mbre de 2020<\/p>\n<h6> 2020-11-23 14:06:31 <\/h6>\n<p><!--\n<link rel=\"stylesheet\" href=\"css\/bootstrap.min.css\">\n\n\n<ul class=\"pagination\">\n\t    \n\t\n\n<li >\n\t<a href='?page_no=38'>Previous<\/a>\n\t<\/li>\n\n\n       \n    \n\n<li><a href='?page_no=1'>1<\/a><\/li>\n\n\n\n<li><a href='?page_no=2'>2<\/a><\/li>\n\n\n\n<li><a>...<\/a><\/li>\n\n\n\n<li><a href='?page_no=37'>37<\/a><\/li>\n\n\n\n<li><a href='?page_no=38'>38<\/a><\/li>\n\n\n\n<li class='active'><a>39<\/a><\/li>\n\n\n\n<li><a href='?page_no=40'>40<\/a><\/li>\n\n\n\n<li><a href='?page_no=41'>41<\/a><\/li>\n\n\n\n<li><a>...<\/a><\/li>\n\n\n\n<li><a href='?page_no=56169'>56169<\/a><\/li>\n\n\n\n<li><a href='?page_no=56170'>56170<\/a><\/li>\n\n    \n\t\n\n<li >\n\t<a href='?page_no=40'>Next<\/a>\n\t<\/li>\n\n\n    \n\n<li><a href='?page_no=56170'>Last &rsaquo;&rsaquo;<\/a><\/li>\n\n<\/ul>\n\n\n--><br \/>\n<\/body><\/p>\n","protected":false},"excerpt":{"rendered":"<p>diariodominicano.com Santo Domingo, R. D., 23 de noviembre, 2020.- El Ministerio de Salud P\u00fablica inform\u00f3 este lunes que en las \u00faltimas cuatro se semanas se registra un aumento de la positividad a COVID-19, coloc\u00e1ndose en 11.03 por ciento, por lo que exhorta a la poblaci\u00f3n a no descuidarse y mantener las medidas de higiene y [&hellip;]<\/p>\n","protected":false},"author":3,"featured_media":0,"comment_status":"open","ping_status":"open","sticky":false,"template":"","format":"standard","meta":{"footnotes":""},"categories":[20],"tags":[],"class_list":["post-223481","post","type-post","status-publish","format-standard","hentry","category-dominicana-hoy"],"_links":{"self":[{"href":"https:\/\/diariodominicano.com\/index.php?rest_route=\/wp\/v2\/posts\/223481","targetHints":{"allow":["GET"]}}],"collection":[{"href":"https:\/\/diariodominicano.com\/index.php?rest_route=\/wp\/v2\/posts"}],"about":[{"href":"https:\/\/diariodominicano.com\/index.php?rest_route=\/wp\/v2\/types\/post"}],"author":[{"embeddable":true,"href":"https:\/\/diariodominicano.com\/index.php?rest_route=\/wp\/v2\/users\/3"}],"replies":[{"embeddable":true,"href":"https:\/\/diariodominicano.com\/index.php?rest_route=%2Fwp%2Fv2%2Fcomments&post=223481"}],"version-history":[{"count":0,"href":"https:\/\/diariodominicano.com\/index.php?rest_route=\/wp\/v2\/posts\/223481\/revisions"}],"wp:attachment":[{"href":"https:\/\/diariodominicano.com\/index.php?rest_route=%2Fwp%2Fv2%2Fmedia&parent=223481"}],"wp:term":[{"taxonomy":"category","embeddable":true,"href":"https:\/\/diariodominicano.com\/index.php?rest_route=%2Fwp%2Fv2%2Fcategories&post=223481"},{"taxonomy":"post_tag","embeddable":true,"href":"https:\/\/diariodominicano.com\/index.php?rest_route=%2Fwp%2Fv2%2Ftags&post=223481"}],"curies":[{"name":"wp","href":"https:\/\/api.w.org\/{rel}","templated":true}]}}