{"id":223259,"date":"2020-11-24T10:02:17","date_gmt":"2020-11-24T10:02:17","guid":{"rendered":"http:\/\/diariodominicano.ddns.net\/?p=223259"},"modified":"2020-11-24T10:02:17","modified_gmt":"2020-11-24T10:02:17","slug":"gobierno-dominicano-solicita-extension-del-estado-de-emergencia","status":"publish","type":"post","link":"https:\/\/diariodominicano.com\/?p=223259","title":{"rendered":"Gobierno dominicano solicita extensi\u00f3n del Estado de emergencia"},"content":{"rendered":"<p><body><\/p>\n<p><img decoding=\"async\" src=\"img3\/Luis-Abinader24-11-20.jpg\" \/>  <\/p>\n<p><span class=\"text1noticias\"> diariodominicano.com<\/span><\/p>\n<p><span class=\"text1noticias\"> <\/span><\/p>\n<p><span class=\"text1noticias\">Santo Domingo, 24 nov (Prensa Latina) El presidente dominicano, Luis Abinader, envi\u00f3 al Congreso una nueva solicitud de extensi\u00f3n del Estado de emergencia por 45 d\u00edas para continuar el enfrentamiento a la Covid-19, se divulg\u00f3 hoy en esta capital.<\/span><\/p>\n<p><span class=\"text1noticias\"> <\/span><\/p>\n<p><span class=\"text1noticias\">La actual emergencia nacional vence el pr\u00f3ximo 3 de diciembre, d\u00eda en que se cumplen los 45 d\u00edas aprobados en el Parlamento luego de la pr\u00f3rroga pedida por el jefe de Estado a partir del pasado 18 de octubre.<\/span><\/p>\n<p><span class=\"text1noticias\"> <\/span><\/p>\n<p><span class=\"text1noticias\">Dominicana vive bajo estados de emergencia para contener la pandemia desde el pasado 18 de marzo cuando el entonces presidente, Danilo Medina, lo solicit\u00f3 al Congreso Nacional y le fue aprobado por 25 d\u00edas.<\/span><\/p>\n<p><span class=\"text1noticias\"> <\/span><\/p>\n<p><span class=\"text1noticias\">Se espera que la solicitud presidencial sea conocida en la sesi\u00f3n de la C\u00e1mara de Diputados prevista para ma\u00f1ana y de aprobarse, los dominicanos vivir\u00edan bajo estado de emergencia hasta 2021.<\/span><\/p>\n<p><span class=\"text1noticias\"> <\/span><\/p>\n<p><span class=\"text1noticias\">ga\/ema<\/span><\/p>\n<h6> 2020-11-24 10:02:17 <\/h6>\n<p><!--\n<link rel=\"stylesheet\" href=\"css\/bootstrap.min.css\">\n\n\n<ul class=\"pagination\">\n\t    \n\t\n\n<li >\n\t<a href='?page_no=36'>Previous<\/a>\n\t<\/li>\n\n\n       \n    \n\n<li><a href='?page_no=1'>1<\/a><\/li>\n\n\n\n<li><a href='?page_no=2'>2<\/a><\/li>\n\n\n\n<li><a>...<\/a><\/li>\n\n\n\n<li><a href='?page_no=35'>35<\/a><\/li>\n\n\n\n<li><a href='?page_no=36'>36<\/a><\/li>\n\n\n\n<li class='active'><a>37<\/a><\/li>\n\n\n\n<li><a href='?page_no=38'>38<\/a><\/li>\n\n\n\n<li><a href='?page_no=39'>39<\/a><\/li>\n\n\n\n<li><a>...<\/a><\/li>\n\n\n\n<li><a href='?page_no=56169'>56169<\/a><\/li>\n\n\n\n<li><a href='?page_no=56170'>56170<\/a><\/li>\n\n    \n\t\n\n<li >\n\t<a href='?page_no=38'>Next<\/a>\n\t<\/li>\n\n\n    \n\n<li><a href='?page_no=56170'>Last &rsaquo;&rsaquo;<\/a><\/li>\n\n<\/ul>\n\n\n--><br \/>\n<\/body><\/p>\n","protected":false},"excerpt":{"rendered":"<p>diariodominicano.com Santo Domingo, 24 nov (Prensa Latina) El presidente dominicano, Luis Abinader, envi\u00f3 al Congreso una nueva solicitud de extensi\u00f3n del Estado de emergencia por 45 d\u00edas para continuar el enfrentamiento a la Covid-19, se divulg\u00f3 hoy en esta capital. La actual emergencia nacional vence el pr\u00f3ximo 3 de diciembre, d\u00eda en que se cumplen [&hellip;]<\/p>\n","protected":false},"author":3,"featured_media":0,"comment_status":"open","ping_status":"open","sticky":false,"template":"","format":"standard","meta":{"footnotes":""},"categories":[20],"tags":[],"class_list":["post-223259","post","type-post","status-publish","format-standard","hentry","category-dominicana-hoy"],"_links":{"self":[{"href":"https:\/\/diariodominicano.com\/index.php?rest_route=\/wp\/v2\/posts\/223259","targetHints":{"allow":["GET"]}}],"collection":[{"href":"https:\/\/diariodominicano.com\/index.php?rest_route=\/wp\/v2\/posts"}],"about":[{"href":"https:\/\/diariodominicano.com\/index.php?rest_route=\/wp\/v2\/types\/post"}],"author":[{"embeddable":true,"href":"https:\/\/diariodominicano.com\/index.php?rest_route=\/wp\/v2\/users\/3"}],"replies":[{"embeddable":true,"href":"https:\/\/diariodominicano.com\/index.php?rest_route=%2Fwp%2Fv2%2Fcomments&post=223259"}],"version-history":[{"count":0,"href":"https:\/\/diariodominicano.com\/index.php?rest_route=\/wp\/v2\/posts\/223259\/revisions"}],"wp:attachment":[{"href":"https:\/\/diariodominicano.com\/index.php?rest_route=%2Fwp%2Fv2%2Fmedia&parent=223259"}],"wp:term":[{"taxonomy":"category","embeddable":true,"href":"https:\/\/diariodominicano.com\/index.php?rest_route=%2Fwp%2Fv2%2Fcategories&post=223259"},{"taxonomy":"post_tag","embeddable":true,"href":"https:\/\/diariodominicano.com\/index.php?rest_route=%2Fwp%2Fv2%2Ftags&post=223259"}],"curies":[{"name":"wp","href":"https:\/\/api.w.org\/{rel}","templated":true}]}}