{"id":222926,"date":"2020-11-24T15:40:06","date_gmt":"2020-11-24T15:40:06","guid":{"rendered":"http:\/\/diariodominicano.ddns.net\/?p=222926"},"modified":"2020-11-24T15:40:06","modified_gmt":"2020-11-24T15:40:06","slug":"garcia-fermin-pide-trabajar-con-lealtad-al-presidente-luis-abinader-y-solidariamente-hacia-el-pueblo-dominicano","status":"publish","type":"post","link":"https:\/\/diariodominicano.com\/?p=222926","title":{"rendered":"Garc\u00eda Ferm\u00edn pide trabajar con lealtad al presidente Luis Abinader y solidariamente hacia el pueblo dominicano"},"content":{"rendered":"<p><body><\/p>\n<p><img decoding=\"async\" src=\"img3\/Garciafermin24-11-20.jpg\" \/><br \/><img decoding=\"async\" src=\"img3\/Misa24-11-20.jpg\" \/>  <\/p>\n<p><span class=\"text1noticias\">diariodominicano.com<\/span><\/p>\n<p><span class=\"text1noticias\"> <\/span><\/p>\n<p><span class=\"text1noticias\">Santo Domingo, R. D., 24 de noviembre, 2020.- En el marco de una misa de acci\u00f3n de gracias, con motivo de los 100 d\u00edas del gobierno del presidente Luis Abinader, el Ministro de Educaci\u00f3n, Ciencia y Tecnolog\u00eda (MESCYT), doctor Franklin Garc\u00eda Ferm\u00edn, exhort\u00f3 a los funcionarios y empleados a trabajar con lealtad al presidente Luis Abinader y al pueblo que est\u00e1 esperando actualmente su solidaridad.<\/span><\/p>\n<p><span class=\"text1noticias\"> <\/span><\/p>\n<p><span class=\"text1noticias\">La homil\u00eda fue oficiada en la Parroquia Universitaria Santa Mar\u00eda de la Asunci\u00f3n, de la Universidad Cat\u00f3lica de Santo Domingo, por su rector y obispo auxiliar de la Arquidi\u00f3cesis de Santo Domingo, monse\u00f1or Benito \u00c1ngeles Fern\u00e1ndez.<\/span><\/p>\n<p><span class=\"text1noticias\"> <\/span><\/p>\n<p><span class=\"text1noticias\">\u00abNos hemos reunido en este lugar sagrado, porque es justo y conveniente que demos gracias al Todopoderoso porque hemos llegado al cent\u00e9simo d\u00eda de la juramentaci\u00f3n del presente Gobierno\u00bb, signific\u00f3 Garc\u00eda Ferm\u00edn.<\/span><\/p>\n<p><span class=\"text1noticias\"> <\/span><\/p>\n<p><span class=\"text1noticias\">Asegur\u00f3 que los primeros cien d\u00edas de un gobierno constituyen el tiempo apropiado para resta\u00f1ar las heridas que suelen producirse en las campa\u00f1as electorales.<\/span><\/p>\n<p><span class=\"text1noticias\"> <\/span><\/p>\n<p><span class=\"text1noticias\">Tambi\u00e9n sirven para que el gobierno les muestre a los ciudadanos el camino que se propone transitar en el cuatrienio que comenz\u00f3 el 16 de agosto pasado.<\/span><\/p>\n<p><span class=\"text1noticias\"> <\/span><\/p>\n<p><span class=\"text1noticias\">\u00abLos he invitado a esta casa y les agradezco que hayan venido, porque este es un lugar apropiado para decir que nuestro Gobierno, bajo las directrices del Presidente Luis Abinader, est\u00e1 haciendo lo que hay que hacer para resolver los principales problemas que abaten a las mayor\u00edas desde antes de la fundaci\u00f3n de la Rep\u00fablica\u00bb, agreg\u00f3.<\/span><\/p>\n<p><span class=\"text1noticias\"> <\/span><\/p>\n<p><span class=\"text1noticias\">Expuso que los asuntos prioritarios del gobierno son la salud, la educaci\u00f3n en todos los niveles, el despegue de la econom\u00eda, la vivienda, la paz social y la creaci\u00f3n de nuevos empleos.<\/span><\/p>\n<p><span class=\"text1noticias\"> <\/span><\/p>\n<p><span class=\"text1noticias\">Plante\u00f3 que todo el que ha observado el accionar del presidente puede darse cuenta que el gobierno trabaja en todas las \u00e1reas de la administraci\u00f3n p\u00fablica, pero el \u00e9nfasis se har\u00e1 en esos puntos que constituyen las principales preocupaciones.<\/span><\/p>\n<p><span class=\"text1noticias\"> <\/span><\/p>\n<p><span class=\"text1noticias\">Afirm\u00f3 que la solidaridad no puede ser una palabra hueca ni letra muerta, sino un ejercicio de un buen gobierno que se expresa en las buenas pr\u00e1cticas, el trabajo continuo y de calidad a favor de los gobernados.<\/span><\/p>\n<p><span class=\"text1noticias\"> <\/span><\/p>\n<p><span class=\"text1noticias\">\u00abSi no trabajamos al ritmo del Presidente, corremos el riesgo de que muy pronto, m\u00e1s temprano que tarde, el pueblo nos retire el cari\u00f1o que nos hemos ganado y que debemos preservar\u00bb, subray\u00f3.<\/span><\/p>\n<p><span class=\"text1noticias\"> <\/span><\/p>\n<p><span class=\"text1noticias\">En el marco de la misa, monse\u00f1or Benito \u00c1ngeles Fern\u00e1ndez sostuvo que acoge con benepl\u00e1cito y con conciencia de misi\u00f3n, la iniciativa de Garc\u00eda Ferm\u00edn, de dirigir unidos a Dios con fe, con oraci\u00f3n y coraz\u00f3n agradeciendo al Todopoderoso por los primeros 100 d\u00edas de gobierno de servicio y de trabajo articulado y participativo.<\/span><\/p>\n<p><span class=\"text1noticias\"> <\/span><\/p>\n<p><span class=\"text1noticias\">\u00abEs un compromiso de todos y que acogemos gustosamente el comunicar y testimoniar valores intelectuales, espirituales y morales, potenciando a nuestras generaciones j\u00f3venes para conquistar una visi\u00f3n universal con sentido de unidad de la familia humana, comprometidos con la eficacia de la solidaridad, para la b\u00fasqueda de la equidad y la creaci\u00f3n de nuestro entorno de justicia y fraternidad\u00bb, adujo.<\/span><\/p>\n<p><span class=\"text1noticias\"> <\/span><\/p>\n<p><span class=\"text1noticias\">Indic\u00f3 que las universidades, por su naturaleza, est\u00e1n llamadas a ser laboratorios de di\u00e1logo y encuentro al servicio de la verdad, de la justicia y de defensa de la dignidad humana, promoviendo el crecimiento aut\u00e9ntico e integral de la familia humana hacia su definitiva plenitud en Dios.<\/span><\/p>\n<p><span class=\"text1noticias\"> <\/span><\/p>\n<p><span class=\"text1noticias\">En la misa estuvieron presentes los viceministros del MESCYT, Jos\u00e9 Cancel, Juan Francisco Viloria, Genaro Rodr\u00edguez, Carlos Mendieta, Mar\u00eda L\u00f3pez Polanco, el asesor especial, Julio Altagracia; el director de Gabinete, Juan Medina; la directora general administrativa y de finanzas, Dory Herrera; los rectores de universidades Apec (UNAPEC), Franklyn Holgu\u00edn Hach\u00e9; de Cat\u00f3lica Tecnol\u00f3gica del Cibao (UCATECI), Sergio de la Cruz; de la Universidad Cat\u00f3lica Tecnol\u00f3gica de Barahona (UCATEBA), Secilio Espinal; El rector del Instituto Superior Pedro Francisco Bon\u00f3, Cristian Espinal; el rector de la Universidad Federico Henr\u00edquez y Carvajal (UFHEC), Alberto Ram\u00edrez Cabral;  la rectora de la Universidad F\u00e9lix Adam (UNEFA), Nora Rubirosa; la rectora de la Escuela Nacional del Ministerio P\u00fablico, Marien Montero Beard;  el rector del Instituto Superior para la Defensa General Juan Pablo Duarte y D\u00edez (INSUDE), general de brigada Francisco Antonio Ovalle Pichardo: el Rector del Instituto Policial de Educaci\u00f3n (IPE), general de brigada Orison Olivence Minaya; y el rector de la Universidad Psicolog\u00eda Industrial Dominicana, Ricardo Winter; la rectora del Centro de Estudios Financieros (CEF), Patricia Portela; el rector de la Universidad Nacional Evang\u00e9lica, Epifanio Gonz\u00e1lez Minaya; el rector de la Universidad Adventista Dominicana, \u00c1ngel Guzm\u00e1n; y el Esteban Tiburcio G\u00f3mez, rector de la Universidad Tecnol\u00f3gica del Cibao Oriental (UTECO), entre otros.<\/span><\/p>\n<p><span class=\"text1noticias\"> <\/span><\/p>\n<p><span class=\"text1noticias\"> PIE DE FOTO: <\/span><\/p>\n<p><span class=\"text1noticias\">1.-  La misa por los primeros 100 d\u00edas del gobierno del presidente Luis Abinader fue oficiada por monse\u00f1or Benito \u00c1ngeles Fern\u00e1ndez.<\/span><\/p>\n<p><span class=\"text1noticias\"> <\/span><\/p>\n<p><span class=\"text1noticias\">2.- El ministro del MESCYT, doc<\/span>tor Franklin Garc\u00eda Ferm\u00edn,<\/p>\n<\/p>\n<p>Fuente: Federico Mendez Nova<\/p>\n<p>Ministro de Educaci\u00f3n, Ciencia y Tecnolog\u00eda (MESCYT)<\/p>\n<h6> 2020-11-24 15:40:06 <\/h6>\n<p><!--\n<link rel=\"stylesheet\" href=\"css\/bootstrap.min.css\">\n\n\n<ul class=\"pagination\">\n\t    \n\t\n\n<li >\n\t<a href='?page_no=33'>Previous<\/a>\n\t<\/li>\n\n\n       \n    \n\n<li><a href='?page_no=1'>1<\/a><\/li>\n\n\n\n<li><a href='?page_no=2'>2<\/a><\/li>\n\n\n\n<li><a>...<\/a><\/li>\n\n\n\n<li><a href='?page_no=32'>32<\/a><\/li>\n\n\n\n<li><a href='?page_no=33'>33<\/a><\/li>\n\n\n\n<li class='active'><a>34<\/a><\/li>\n\n\n\n<li><a href='?page_no=35'>35<\/a><\/li>\n\n\n\n<li><a href='?page_no=36'>36<\/a><\/li>\n\n\n\n<li><a>...<\/a><\/li>\n\n\n\n<li><a href='?page_no=56169'>56169<\/a><\/li>\n\n\n\n<li><a href='?page_no=56170'>56170<\/a><\/li>\n\n    \n\t\n\n<li >\n\t<a href='?page_no=35'>Next<\/a>\n\t<\/li>\n\n\n    \n\n<li><a href='?page_no=56170'>Last &rsaquo;&rsaquo;<\/a><\/li>\n\n<\/ul>\n\n\n--><br \/>\n<\/body><\/p>\n","protected":false},"excerpt":{"rendered":"<p>diariodominicano.com Santo Domingo, R. D., 24 de noviembre, 2020.- En el marco de una misa de acci\u00f3n de gracias, con motivo de los 100 d\u00edas del gobierno del presidente Luis Abinader, el Ministro de Educaci\u00f3n, Ciencia y Tecnolog\u00eda (MESCYT), doctor Franklin Garc\u00eda Ferm\u00edn, exhort\u00f3 a los funcionarios y empleados a trabajar con lealtad al presidente [&hellip;]<\/p>\n","protected":false},"author":3,"featured_media":0,"comment_status":"open","ping_status":"open","sticky":false,"template":"","format":"standard","meta":{"footnotes":""},"categories":[20],"tags":[],"class_list":["post-222926","post","type-post","status-publish","format-standard","hentry","category-dominicana-hoy"],"_links":{"self":[{"href":"https:\/\/diariodominicano.com\/index.php?rest_route=\/wp\/v2\/posts\/222926","targetHints":{"allow":["GET"]}}],"collection":[{"href":"https:\/\/diariodominicano.com\/index.php?rest_route=\/wp\/v2\/posts"}],"about":[{"href":"https:\/\/diariodominicano.com\/index.php?rest_route=\/wp\/v2\/types\/post"}],"author":[{"embeddable":true,"href":"https:\/\/diariodominicano.com\/index.php?rest_route=\/wp\/v2\/users\/3"}],"replies":[{"embeddable":true,"href":"https:\/\/diariodominicano.com\/index.php?rest_route=%2Fwp%2Fv2%2Fcomments&post=222926"}],"version-history":[{"count":0,"href":"https:\/\/diariodominicano.com\/index.php?rest_route=\/wp\/v2\/posts\/222926\/revisions"}],"wp:attachment":[{"href":"https:\/\/diariodominicano.com\/index.php?rest_route=%2Fwp%2Fv2%2Fmedia&parent=222926"}],"wp:term":[{"taxonomy":"category","embeddable":true,"href":"https:\/\/diariodominicano.com\/index.php?rest_route=%2Fwp%2Fv2%2Fcategories&post=222926"},{"taxonomy":"post_tag","embeddable":true,"href":"https:\/\/diariodominicano.com\/index.php?rest_route=%2Fwp%2Fv2%2Ftags&post=222926"}],"curies":[{"name":"wp","href":"https:\/\/api.w.org\/{rel}","templated":true}]}}