{"id":222815,"date":"2020-11-24T15:56:13","date_gmt":"2020-11-24T15:56:13","guid":{"rendered":"http:\/\/diariodominicano.ddns.net\/?p=222815"},"modified":"2020-11-24T15:56:13","modified_gmt":"2020-11-24T15:56:13","slug":"recuperados-de-covid-19-en-el-pais-superan-los-113134-casos","status":"publish","type":"post","link":"https:\/\/diariodominicano.com\/?p=222815","title":{"rendered":"Recuperados de COVID-19 en el pa\u00eds superan los 113,134 casos"},"content":{"rendered":"<p><body><\/p>\n<p><img decoding=\"async\" src=\"img3\/Salud-Publica24-11-20.jpg\" \/>  <\/p>\n<p><span class=\"text1noticias\">diariodominicano.com<\/span><\/p>\n<p><span class=\"text1noticias\">Santo Domingo, R. D., 24 de noviembre, 2020.- El Ministerio de Salud P\u00fablica inform\u00f3 este martes que en el pa\u00eds, las personas que se han recuperado de COVID-19 ya superan las 113,134 y que, gracias a la detecci\u00f3n temprana de casos, ha sido efectiva la recuperaci\u00f3n evitando complicaciones mayores en los pacientes.<\/span><\/p>\n<p><span class=\"text1noticias\"> <\/span><\/p>\n<p><span class=\"text1noticias\">El organismo de Salud dominicano indic\u00f3 que por medio de las acciones que desarrolla, como la captaci\u00f3n temprana de los casos, y el adecuado manejo domiciliario de pacientes positivos, se ha reducido la ocupaci\u00f3n de camas COVID-19 en los hospitales ofreciendo atenciones oportunas y con el seguimiento necesario desde sus hogares a pacientes con sintomatolog\u00eda leve.<\/span><\/p>\n<p><span class=\"text1noticias\"> <\/span><\/p>\n<p><span class=\"text1noticias\">Este 23 de noviembre en el Bolet\u00edn Especial Epidemiol\u00f3gico n\u00famero 250 se reportan 282 nuevos casos positivos a coronavirus, de las 2,632 muestras procesadas, lo que suma 139,111 casos acumulados y 23,664casos activos desde el inicio de la pandemia.<\/span><\/p>\n<p><span class=\"text1noticias\"> <\/span><\/p>\n<p><span class=\"text1noticias\">Informa que en el pa\u00eds ya se han realizado 687,292 muestras en total, y que los casos descartados son 548,181. Asimismo, detalla que la positividad a COVID-19 en las \u00faltimas cuatro semanas contin\u00faa en aumento con un 11.07 por ciento.<\/span><\/p>\n<p><span class=\"text1noticias\"> <\/span><\/p>\n<p><span class=\"text1noticias\">En el d\u00eda de ayer ocurri\u00f3 una muerte por COVID-19 y otras dos fueron reportadas en las \u00faltimas 24 horas. El total de defunciones es de 2,313 mientras que la mortalidad por mill\u00f3n de habitantes es de 221.37 y la tasa de letalidad es de 1.66 por ciento.<\/span><\/p>\n<p><span class=\"text1noticias\"> <\/span><\/p>\n<p><span class=\"text1noticias\">Ocupaci\u00f3n hospitalaria<\/span><\/p>\n<p><span class=\"text1noticias\"> <\/span><\/p>\n<p><span class=\"text1noticias\">Este indicador se fija en 24 por ciento de la disponibilidad, es decir 693 camas COVID-19 se encuentran en ocupaci\u00f3n de las 2,889 disponibles. El porcentaje de ocupaci\u00f3n en las Unidades de Cuidados Intensivos (UCI) se coloca en 35 por ciento, 172 ocupadas de las 492 disponibles.<\/span><\/p>\n<p><span class=\"text1noticias\"> <\/span><\/p>\n<p><span class=\"text1noticias\">El uso de ventiladores se fija en 23 por ciento de la disponibilidad, es decir 93 de los 411 se encuentran ocupados.<\/span><\/p>\n<p><span class=\"text1noticias\"> <\/span><\/p>\n<p><span class=\"text1noticias\">Grupos de riesgo<\/span><\/p>\n<p><span class=\"text1noticias\">Unos 588 trabajadores de la salud se han reportado positivos a la enfermedad. La cantidad de embarazadas es de 262 y 13,412 personasmenores de 20 a\u00f1os de edad.<\/span><\/p>\n<p><span class=\"text1noticias\"> <\/span><\/p>\n<p><span class=\"text1noticias\">Reporta que el 32.34 por ciento de fallecidos con hipertensi\u00f3n como comorbilidad y con diabetes 20.71 por ciento que resultaron mayor complicaci\u00f3n con el COVID-19.<\/span><\/p>\n<p><span class=\"text1noticias\"> <\/span><\/p>\n<p><span class=\"text1noticias\">El Ministerio de Salud P\u00fablica contin\u00faa exhortando a toda la poblaci\u00f3n a mantener las medidas de higiene para combatir y reducir el contagio por COVID-19. Recuerda que el lavado de manos frecuente es uno de los mecanismos m\u00e1s efectivos para cortar el contagio de esta y otras enfermedades virales. Asimismo el distanciamiento f\u00edsico y el uso de mascarillas deben ser permanentes.<\/span><\/p>\n<p><span class=\"text1noticias\"> <\/span><\/p>\n<p><span class=\"text1noticias\">Fuente: Direcci\u00f3n de Comunicaci\u00f3n.<\/span><\/p>\n<p><span class=\"text1noticias\">24 de noviembr<\/span>e de 2020.-<\/p>\n<\/p>\n<h6> 2020-11-24 15:56:13 <\/h6>\n<p><!--\n<link rel=\"stylesheet\" href=\"css\/bootstrap.min.css\">\n\n\n<ul class=\"pagination\">\n\t    \n\t\n\n<li >\n\t<a href='?page_no=32'>Previous<\/a>\n\t<\/li>\n\n\n       \n    \n\n<li><a href='?page_no=1'>1<\/a><\/li>\n\n\n\n<li><a href='?page_no=2'>2<\/a><\/li>\n\n\n\n<li><a>...<\/a><\/li>\n\n\n\n<li><a href='?page_no=31'>31<\/a><\/li>\n\n\n\n<li><a href='?page_no=32'>32<\/a><\/li>\n\n\n\n<li class='active'><a>33<\/a><\/li>\n\n\n\n<li><a href='?page_no=34'>34<\/a><\/li>\n\n\n\n<li><a href='?page_no=35'>35<\/a><\/li>\n\n\n\n<li><a>...<\/a><\/li>\n\n\n\n<li><a href='?page_no=56169'>56169<\/a><\/li>\n\n\n\n<li><a href='?page_no=56170'>56170<\/a><\/li>\n\n    \n\t\n\n<li >\n\t<a href='?page_no=34'>Next<\/a>\n\t<\/li>\n\n\n    \n\n<li><a href='?page_no=56170'>Last &rsaquo;&rsaquo;<\/a><\/li>\n\n<\/ul>\n\n\n--><br \/>\n<\/body><\/p>\n","protected":false},"excerpt":{"rendered":"<p>diariodominicano.com Santo Domingo, R. D., 24 de noviembre, 2020.- El Ministerio de Salud P\u00fablica inform\u00f3 este martes que en el pa\u00eds, las personas que se han recuperado de COVID-19 ya superan las 113,134 y que, gracias a la detecci\u00f3n temprana de casos, ha sido efectiva la recuperaci\u00f3n evitando complicaciones mayores en los pacientes. El organismo [&hellip;]<\/p>\n","protected":false},"author":3,"featured_media":0,"comment_status":"open","ping_status":"open","sticky":false,"template":"","format":"standard","meta":{"footnotes":""},"categories":[20],"tags":[],"class_list":["post-222815","post","type-post","status-publish","format-standard","hentry","category-dominicana-hoy"],"_links":{"self":[{"href":"https:\/\/diariodominicano.com\/index.php?rest_route=\/wp\/v2\/posts\/222815","targetHints":{"allow":["GET"]}}],"collection":[{"href":"https:\/\/diariodominicano.com\/index.php?rest_route=\/wp\/v2\/posts"}],"about":[{"href":"https:\/\/diariodominicano.com\/index.php?rest_route=\/wp\/v2\/types\/post"}],"author":[{"embeddable":true,"href":"https:\/\/diariodominicano.com\/index.php?rest_route=\/wp\/v2\/users\/3"}],"replies":[{"embeddable":true,"href":"https:\/\/diariodominicano.com\/index.php?rest_route=%2Fwp%2Fv2%2Fcomments&post=222815"}],"version-history":[{"count":0,"href":"https:\/\/diariodominicano.com\/index.php?rest_route=\/wp\/v2\/posts\/222815\/revisions"}],"wp:attachment":[{"href":"https:\/\/diariodominicano.com\/index.php?rest_route=%2Fwp%2Fv2%2Fmedia&parent=222815"}],"wp:term":[{"taxonomy":"category","embeddable":true,"href":"https:\/\/diariodominicano.com\/index.php?rest_route=%2Fwp%2Fv2%2Fcategories&post=222815"},{"taxonomy":"post_tag","embeddable":true,"href":"https:\/\/diariodominicano.com\/index.php?rest_route=%2Fwp%2Fv2%2Ftags&post=222815"}],"curies":[{"name":"wp","href":"https:\/\/api.w.org\/{rel}","templated":true}]}}