{"id":222704,"date":"2020-11-24T16:19:41","date_gmt":"2020-11-24T16:19:41","guid":{"rendered":"http:\/\/diariodominicano.ddns.net\/?p=222704"},"modified":"2020-11-24T16:19:41","modified_gmt":"2020-11-24T16:19:41","slug":"salud-publica-advierte-deben-ser-devueltos-vehiculos-del-ministerio-que-esten-en-manos-privadas","status":"publish","type":"post","link":"https:\/\/diariodominicano.com\/?p=222704","title":{"rendered":"Salud P\u00fablica advierte deben ser devueltos veh\u00edculos del Ministerio que est\u00e9n en manos privadas"},"content":{"rendered":"<p><body><\/p>\n<p><img decoding=\"async\" src=\"img3\/Salud-Publica24-11-20.jpg\" \/><br \/><img decoding=\"async\" src=\"img3\/Saludvehiculos24-11-20.jpg\" \/>  <\/p>\n<p><span class=\"text1noticias\">diariodominicano.com<\/span><\/p>\n<p><span class=\"text1noticias\"> <\/span><\/p>\n<p><span class=\"text1noticias\">Santo Domingo, R. D., 24 de noviembre, 2020.- El Ministerio de Salud P\u00fablica (MSP) advirti\u00f3 este martes que todos los veh\u00edculos institucionales que se encuentren en usufructo privado deben ser devueltos a la entidad en un plazo de 48 horas, o de lo contrario los detalles de cada irregularidad ser\u00e1n dados a conocer a trav\u00e9s de un espacio pagado publicado en los medios de comunicaci\u00f3n.<\/span><\/p>\n<p><span class=\"text1noticias\"> <\/span><\/p>\n<p><span class=\"text1noticias\">Las informaciones fueron ofrecidas a la prensa por el viceministro de DIGEMAPS, Dr. Claudio Brito; el director de Gabinete del Ministerio, ingeniero Robinson D\u00edaz, el licenciado Kelvin Peralta, director Jur\u00eddico; el mayor ERD Edward Helena, encargado de Seguridad y el ingeniero Benjam\u00edn Gil, responsable de Transportaci\u00f3n.<\/span><\/p>\n<p><span class=\"text1noticias\"> <\/span><\/p>\n<p><span class=\"text1noticias\">Seg\u00fan inform\u00f3 el director del Gabinete, ingeniero Robinson D\u00edaz, el parque vehicular de Salud P\u00fablica comprende 687 veh\u00edculos, que est\u00e1n registrados en el inventario del Departamento de Transportaci\u00f3n del Ministerio. De esos, 163 no han podido ser ubicados y se desconoce su situaci\u00f3n actual y quien est\u00e1 haciendo uso de ellos.<\/span><\/p>\n<p><span class=\"text1noticias\"> <\/span><\/p>\n<p><span class=\"text1noticias\">\u00abEstamos invitando a todas aquellas personas que tengan en su poder un bien vehicular del Ministerio de Salud P\u00fablica a que lo entregue lo antes posible, dentro de un plazo de 48, y por la v\u00eda que entienda conveniente, porque de lo contrario, procederemos a publicar los datos de estas unidades en un espacio pagado en medios escritos de circulaci\u00f3n nacional\u00bb.<\/span><\/p>\n<p><span class=\"text1noticias\"> <\/span><\/p>\n<p><span class=\"text1noticias\">Y continu\u00f3 diciendo: \u00abLuego procederemos a solicitar a las autoridades competentes a que detenga e incaute esos veh\u00edculos y procederemos a querellarnos contra esas personas\u00bb, dijo D\u00edaz.<\/span><\/p>\n<p><span class=\"text1noticias\"> <\/span><\/p>\n<p><span class=\"text1noticias\">Precis\u00f3 que luego de un exhaustivo proceso de inspecci\u00f3n y cateo, fueron identificados los usuarios de 368 veh\u00edculos, mientras 22 se encuentran para descargo, luego de haber sido excluidos del seguro y de que fuera emitida la nota de cr\u00e9dito.<\/span><\/p>\n<p><span class=\"text1noticias\"> <\/span><\/p>\n<p><span class=\"text1noticias\">Agreg\u00f3 que, adem\u00e1s, 7 veh\u00edculos tienen chasis duplicados en el inventario; 3 est\u00e1n en proceso de liquidaci\u00f3n por parte del seguro a causa de accidentes y da\u00f1os, en tanto 124 veh\u00edculos ya fueron ubicados y transferidos al Sistema Nacional de Atenci\u00f3n a Emergencias y Seguridad 911.<\/span><\/p>\n<p><span class=\"text1noticias\"> <\/span><\/p>\n<p><span class=\"text1noticias\">Fuente: Direcci\u00f3n de Comunicaciones Estrat\u00e9gicas<\/span><\/p>\n<p><span class=\"text1noticias\">Ministerio de Salud P\u00fablica (MSP)<\/span><\/p>\n<p><span class=\"text1noticias\">24 de noviembr<\/span>e de 2020<\/p>\n<h6> 2020-11-24 16:19:41 <\/h6>\n<p><!--\n<link rel=\"stylesheet\" href=\"css\/bootstrap.min.css\">\n\n\n<ul class=\"pagination\">\n\t    \n\t\n\n<li >\n\t<a href='?page_no=31'>Previous<\/a>\n\t<\/li>\n\n\n       \n    \n\n<li><a href='?page_no=1'>1<\/a><\/li>\n\n\n\n<li><a href='?page_no=2'>2<\/a><\/li>\n\n\n\n<li><a>...<\/a><\/li>\n\n\n\n<li><a href='?page_no=30'>30<\/a><\/li>\n\n\n\n<li><a href='?page_no=31'>31<\/a><\/li>\n\n\n\n<li class='active'><a>32<\/a><\/li>\n\n\n\n<li><a href='?page_no=33'>33<\/a><\/li>\n\n\n\n<li><a href='?page_no=34'>34<\/a><\/li>\n\n\n\n<li><a>...<\/a><\/li>\n\n\n\n<li><a href='?page_no=56169'>56169<\/a><\/li>\n\n\n\n<li><a href='?page_no=56170'>56170<\/a><\/li>\n\n    \n\t\n\n<li >\n\t<a href='?page_no=33'>Next<\/a>\n\t<\/li>\n\n\n    \n\n<li><a href='?page_no=56170'>Last &rsaquo;&rsaquo;<\/a><\/li>\n\n<\/ul>\n\n\n--><br \/>\n<\/body><\/p>\n","protected":false},"excerpt":{"rendered":"<p>diariodominicano.com Santo Domingo, R. D., 24 de noviembre, 2020.- El Ministerio de Salud P\u00fablica (MSP) advirti\u00f3 este martes que todos los veh\u00edculos institucionales que se encuentren en usufructo privado deben ser devueltos a la entidad en un plazo de 48 horas, o de lo contrario los detalles de cada irregularidad ser\u00e1n dados a conocer a [&hellip;]<\/p>\n","protected":false},"author":3,"featured_media":0,"comment_status":"open","ping_status":"open","sticky":false,"template":"","format":"standard","meta":{"footnotes":""},"categories":[20],"tags":[],"class_list":["post-222704","post","type-post","status-publish","format-standard","hentry","category-dominicana-hoy"],"_links":{"self":[{"href":"https:\/\/diariodominicano.com\/index.php?rest_route=\/wp\/v2\/posts\/222704","targetHints":{"allow":["GET"]}}],"collection":[{"href":"https:\/\/diariodominicano.com\/index.php?rest_route=\/wp\/v2\/posts"}],"about":[{"href":"https:\/\/diariodominicano.com\/index.php?rest_route=\/wp\/v2\/types\/post"}],"author":[{"embeddable":true,"href":"https:\/\/diariodominicano.com\/index.php?rest_route=\/wp\/v2\/users\/3"}],"replies":[{"embeddable":true,"href":"https:\/\/diariodominicano.com\/index.php?rest_route=%2Fwp%2Fv2%2Fcomments&post=222704"}],"version-history":[{"count":0,"href":"https:\/\/diariodominicano.com\/index.php?rest_route=\/wp\/v2\/posts\/222704\/revisions"}],"wp:attachment":[{"href":"https:\/\/diariodominicano.com\/index.php?rest_route=%2Fwp%2Fv2%2Fmedia&parent=222704"}],"wp:term":[{"taxonomy":"category","embeddable":true,"href":"https:\/\/diariodominicano.com\/index.php?rest_route=%2Fwp%2Fv2%2Fcategories&post=222704"},{"taxonomy":"post_tag","embeddable":true,"href":"https:\/\/diariodominicano.com\/index.php?rest_route=%2Fwp%2Fv2%2Ftags&post=222704"}],"curies":[{"name":"wp","href":"https:\/\/api.w.org\/{rel}","templated":true}]}}