{"id":222593,"date":"2020-11-24T22:38:38","date_gmt":"2020-11-24T22:38:38","guid":{"rendered":"http:\/\/diariodominicano.ddns.net\/?p=222593"},"modified":"2020-11-24T22:38:38","modified_gmt":"2020-11-24T22:38:38","slug":"presidente-abinader-a-industriales-solo-son-los-primeros-100-dias-les-aseguro-que-lo-mejor-esta-por-llegar","status":"publish","type":"post","link":"https:\/\/diariodominicano.com\/?p=222593","title":{"rendered":"Presidente Abinader a industriales: \u00abS\u00f3lo son los primeros 100 d\u00edas, les aseguro que lo mejor est\u00e1 por llegar\u00bb"},"content":{"rendered":"<p><body><\/p>\n<p><img decoding=\"async\" src=\"img3\/pteAninader ciendias24-11-20.jpeg\" \/>  <\/p>\n<p><span class=\"text1noticias\">diariodominicano.com<\/span><\/p>\n<p><span class=\"text1noticias\"> <\/span><\/p>\n<p><span class=\"text1noticias\">Santo Domingo, R. D., 24 de noviembre, 2020.- El presidente Luis Abinader resalt\u00f3 este martes que en los primeros 100 d\u00edas de su gesti\u00f3n no ha parado de trabajar para generar empleos de calidad, brindar nuevas oportunidades de crecimiento y demostrar que en el pa\u00eds se puede creer, crecer e invertir. <\/span><\/p>\n<p><span class=\"text1noticias\"> <\/span><\/p>\n<p><span class=\"text1noticias\">El mandatario habl\u00f3 en el acto de entrega de los Galardones Industriales 2020, que otorg\u00f3 la Asociaci\u00f3n de Industriales de la Rep\u00fablica Dominicana (AIRD), en su s\u00e9ptima edici\u00f3n realizada en el Teatro Nacional.<\/span><\/p>\n<p><span class=\"text1noticias\"> <\/span><\/p>\n<p><span class=\"text1noticias\">El gobernante fue recibido por el presidente de la AIRD, Celso Juan Marranizini y la vicepresidenta ejecutiva, Circe Alm\u00e1nzar. <\/span><\/p>\n<p><span class=\"text1noticias\"> <\/span><\/p>\n<p><span class=\"text1noticias\">\u00abQuiero expresar nuestro m\u00e1s sincero agradecimiento y felicitaci\u00f3n a todos los industriales por su esfuerzo, su dedicaci\u00f3n y por mantenerse sin desmayar ni renunciar en momentos tan complicados\u00bb, expres\u00f3 el jefe de Estado.<\/span><\/p>\n<p><span class=\"text1noticias\"> <\/span><\/p>\n<p><span class=\"text1noticias\">Abinader dijo que a pesar del enorme reto que enfrenta el Gobierno en medio de los estragos del COVID-19, debido a la confianza de la poblaci\u00f3n, el pa\u00eds saldr\u00e1 adelante m\u00e1s fuerte que nunca.<\/span><\/p>\n<p><span class=\"text1noticias\"> <\/span><\/p>\n<p><span class=\"text1noticias\">Su presencia en esa actividad, a 100 d\u00edas de gesti\u00f3n, es una se\u00f1al clara de la voluntad pol\u00edtica que ha marcado su administraci\u00f3n de caminar de la mano hacia la recuperaci\u00f3n econ\u00f3mica, escuchando e integrando al resiliente sector industrial. <\/span><\/p>\n<p><span class=\"text1noticias\"> <\/span><\/p>\n<p><span class=\"text1noticias\">Consider\u00f3 que los industriales han mostrado su mejor cara para dejar de lado las dificultades y decir que s\u00ed, que saldremos adelante con un sector fortalecido. <\/span><\/p>\n<p><span class=\"text1noticias\"> <\/span><\/p>\n<p><span class=\"text1noticias\">Sostuvo que el Gobierno no ser\u00e1 t\u00edmido ni vacilar\u00e1 para impulsar los planes y proyectos que dinamizar\u00e1n la econom\u00eda, as\u00ed como para tomar las medidas que promuevan las oportunidades de crecimiento de los sectores productivos. <\/span><\/p>\n<p><span class=\"text1noticias\"> <\/span><\/p>\n<p><span class=\"text1noticias\">El presidente insisti\u00f3 en que no dar\u00e1n espacio a la burocracia innecesaria que ralentiza el desarrollo de las industrias. <\/span><\/p>\n<p><span class=\"text1noticias\"> <\/span><\/p>\n<p><span class=\"text1noticias\">Cit\u00f3 acciones contundentes como la creaci\u00f3n de la Mesa Presidencial de la Industrializaci\u00f3n y la declaratoria de la industrializaci\u00f3n como prioridad nacional.<\/span><\/p>\n<p><span class=\"text1noticias\"> <\/span><\/p>\n<p><span class=\"text1noticias\">Record\u00f3 el anunci\u00f3 de hace unas semanas en el que inform\u00f3 que, a trav\u00e9s del Ministerio de Industria, Comercio y Mipymes, junto a los sectores p\u00fablico y privado, se dar\u00e1n pasos trascendentales en la aplicaci\u00f3n de pol\u00edticas para la reactivaci\u00f3n econ\u00f3mica. <\/span><\/p>\n<p><span class=\"text1noticias\"> <\/span><\/p>\n<p><span class=\"text1noticias\">Dijo que esta apuesta del Gobierno encuentra respuesta en el clima de confianza que se experimenta y que se manifiesta en las nuevas inversiones de capital nacional y extranjero en los primeros tres meses de gesti\u00f3n. <\/span><\/p>\n<p><span class=\"text1noticias\"> <\/span><\/p>\n<p><span class=\"text1noticias\"> <\/span><\/p>\n<p><span class=\"text1noticias\"> <\/span><\/p>\n<p><span class=\"text1noticias\">Al acto asistieron, la vicepresidenta de la Rep\u00fablica, Raquel Pe\u00f1a; Milton Ray Guevara, presidente del Tribunal Constitucional; los presidentes del Senado, Eduardo Estrella y de la C\u00e1mara de Diputados, Alfredo Pacheco.<\/span><\/p>\n<p><span class=\"text1noticias\"> <\/span><\/p>\n<p><span class=\"text1noticias\">Adem\u00e1s, los ministros y de la Presidencia, Lisandro Macarrulla y de Industrias y Comercio, V\u00edctor -Ito- Bison\u00f3. <\/span><\/p>\n<p><span class=\"text1noticias\"> <\/span><\/p>\n<p><span class=\"text1noticias\">Felicitaciones <\/span><\/p>\n<p><span class=\"text1noticias\"> <\/span><\/p>\n<p><span class=\"text1noticias\">El presidente Abinader felicit\u00f3 al Grupo SID por su Galard\u00f3n Nacional a la Industria Dominicana, a Celso Marranzini como M\u00e9rito Industrial y a ADOEXPO por su labor institucional.<\/span><\/p>\n<p><span class=\"text1noticias\"> <\/span><\/p>\n<p><span class=\"text1noticias\">Tambi\u00e9n, valor\u00f3 el m\u00e9rito de los 23 industriales nominados para el galard\u00f3n m\u00e9rito industrial; a las 9 entidades en la categor\u00eda Labor Institucional y las 24 empresas que se postularon para el Galard\u00f3n Nacional a la Industria Dominicana.<\/span><\/p>\n<p><span class=\"text1noticias\"> <\/span><\/p>\n<p><span class=\"text1noticias\">Resalt\u00f3 la labor que realiza la AIRD como promotora, apoyo y soporte del sector industrial del pa\u00eds.<\/span><\/p>\n<p><span class=\"text1noticias\"> <\/span><\/p>\n<p><span class=\"text1noticias\">Los galardones<\/span><\/p>\n<p><span class=\"text1noticias\"> <\/span><\/p>\n<p><span class=\"text1noticias\">Circe Alm\u00e1nzar, vicepresidenta ejecutiva de la AIRD, explic\u00f3 al presentar los galardonados, que fueron escogidos por un Consejo Nacional, luego de que las industrias y asociaciones miembros de la agrupaci\u00f3n hicieran sus propuestas. <\/span><\/p>\n<p><span class=\"text1noticias\"> <\/span><\/p>\n<p><span class=\"text1noticias\">Inform\u00f3 que el Consejo Nacional est\u00e1 constituido por el Ministerio de Industria y Comercio; la Direcci\u00f3n General de PROINDUSTRIA; el Presidente de la Comisi\u00f3n Permanente de Industria, Comercio y Zonas Francas del Senado; el Presidente de la Comisi\u00f3n de Industria y Comercio de la C\u00e1mara de Diputados; dos industriales, los cuales representan las diferentes regiones del pa\u00eds; un pasado presidente de la AIRD y un representante de la entidad.<\/span><\/p>\n<p><span class=\"text1noticias\"> <\/span><\/p>\n<p><span class=\"text1noticias\">Indic\u00f3 que en esta ocasi\u00f3n el Consejo Nacional estuvo compuesto por\u00d1 V\u00edctor (Ito) Bison\u00f3, ministro de Industria, Comercio y Mipymes; Jos\u00e9 Ulises Rodr\u00edguez, director general de Proindustria; el senador Alexis Victoria Yeb, presidente de la Comisi\u00f3n Permanente de Industria, Comercio y Zonas Francas del Senado y Dar\u00edo Zapata, presidente de la Comisi\u00f3n de Industria y Comercio de la C\u00e1mara de Diputados.<\/span><\/p>\n<p><span class=\"text1noticias\"> <\/span><\/p>\n<p><span class=\"text1noticias\">Tambi\u00e9n por Juan Jos\u00e9 Attias y Jorge Aguayo, miembros de la Directiva Nacional de la AIRD; Juan Ventura, presidente de la Asociaci\u00f3n de Industriales de la Regi\u00f3n Norte (AIREN) y Yandra Portela Vila, pasada presidente de la AIRD. <\/span><\/p>\n<p><span class=\"text1noticias\"> <\/span><\/p>\n<p><span class=\"text1noticias\">Adem\u00e1s, como apoyo institucional participaron, por el MICM: Fantino Polanco, viceministro de Desarrollo Industrial y Jonathan Bournigal, director del Despacho; por PROINDUSTRIA, la se\u00f1ora Yarisabel Marmolejos, Consultora Jur\u00eddica, por la AIRD, Circe Alm\u00e1nzar Melgen, Vicepresidente Ejecutiva y Carolina Cueto, G<\/span>erente de Comunicaciones.<\/p>\n<\/p>\n<p>Fuente: Presidencia de la Rep\u00fablica Dominicana<\/p>\n<p>Noticias<\/p>\n<h6> 2020-11-24 22:38:38 <\/h6>\n<p><!--\n<link rel=\"stylesheet\" href=\"css\/bootstrap.min.css\">\n\n\n<ul class=\"pagination\">\n\t    \n\t\n\n<li >\n\t<a href='?page_no=30'>Previous<\/a>\n\t<\/li>\n\n\n       \n    \n\n<li><a href='?page_no=1'>1<\/a><\/li>\n\n\n\n<li><a href='?page_no=2'>2<\/a><\/li>\n\n\n\n<li><a>...<\/a><\/li>\n\n\n\n<li><a href='?page_no=29'>29<\/a><\/li>\n\n\n\n<li><a href='?page_no=30'>30<\/a><\/li>\n\n\n\n<li class='active'><a>31<\/a><\/li>\n\n\n\n<li><a href='?page_no=32'>32<\/a><\/li>\n\n\n\n<li><a href='?page_no=33'>33<\/a><\/li>\n\n\n\n<li><a>...<\/a><\/li>\n\n\n\n<li><a href='?page_no=56169'>56169<\/a><\/li>\n\n\n\n<li><a href='?page_no=56170'>56170<\/a><\/li>\n\n    \n\t\n\n<li >\n\t<a href='?page_no=32'>Next<\/a>\n\t<\/li>\n\n\n    \n\n<li><a href='?page_no=56170'>Last &rsaquo;&rsaquo;<\/a><\/li>\n\n<\/ul>\n\n\n--><br \/>\n<\/body><\/p>\n","protected":false},"excerpt":{"rendered":"<p>diariodominicano.com Santo Domingo, R. D., 24 de noviembre, 2020.- El presidente Luis Abinader resalt\u00f3 este martes que en los primeros 100 d\u00edas de su gesti\u00f3n no ha parado de trabajar para generar empleos de calidad, brindar nuevas oportunidades de crecimiento y demostrar que en el pa\u00eds se puede creer, crecer e invertir. El mandatario habl\u00f3 [&hellip;]<\/p>\n","protected":false},"author":3,"featured_media":0,"comment_status":"open","ping_status":"open","sticky":false,"template":"","format":"standard","meta":{"footnotes":""},"categories":[20],"tags":[],"class_list":["post-222593","post","type-post","status-publish","format-standard","hentry","category-dominicana-hoy"],"_links":{"self":[{"href":"https:\/\/diariodominicano.com\/index.php?rest_route=\/wp\/v2\/posts\/222593","targetHints":{"allow":["GET"]}}],"collection":[{"href":"https:\/\/diariodominicano.com\/index.php?rest_route=\/wp\/v2\/posts"}],"about":[{"href":"https:\/\/diariodominicano.com\/index.php?rest_route=\/wp\/v2\/types\/post"}],"author":[{"embeddable":true,"href":"https:\/\/diariodominicano.com\/index.php?rest_route=\/wp\/v2\/users\/3"}],"replies":[{"embeddable":true,"href":"https:\/\/diariodominicano.com\/index.php?rest_route=%2Fwp%2Fv2%2Fcomments&post=222593"}],"version-history":[{"count":0,"href":"https:\/\/diariodominicano.com\/index.php?rest_route=\/wp\/v2\/posts\/222593\/revisions"}],"wp:attachment":[{"href":"https:\/\/diariodominicano.com\/index.php?rest_route=%2Fwp%2Fv2%2Fmedia&parent=222593"}],"wp:term":[{"taxonomy":"category","embeddable":true,"href":"https:\/\/diariodominicano.com\/index.php?rest_route=%2Fwp%2Fv2%2Fcategories&post=222593"},{"taxonomy":"post_tag","embeddable":true,"href":"https:\/\/diariodominicano.com\/index.php?rest_route=%2Fwp%2Fv2%2Ftags&post=222593"}],"curies":[{"name":"wp","href":"https:\/\/api.w.org\/{rel}","templated":true}]}}