{"id":222482,"date":"2020-11-25T10:54:45","date_gmt":"2020-11-25T10:54:45","guid":{"rendered":"http:\/\/diariodominicano.ddns.net\/?p=222482"},"modified":"2020-11-25T10:54:45","modified_gmt":"2020-11-25T10:54:45","slug":"adn-enciende-luces-naranja-en-ocasion-del-dia-de-la-eliminacion-de-toda-forma-de-violencia-contra-la-mujer","status":"publish","type":"post","link":"https:\/\/diariodominicano.com\/?p=222482","title":{"rendered":"ADN enciende luces naranja en ocasi\u00f3n del D\u00eda de la eliminaci\u00f3n de toda forma de violencia contra la mujer&#13;"},"content":{"rendered":"<p><body><\/p>\n<p><img decoding=\"async\" src=\"img3\/ADN-24-11-20 .jpg\" \/>  <\/p>\n<p> diariodominicano.com<span class=\"text1noticias\"> <\/span><\/p>\n<p><span class=\"text1noticias\"> <\/span><\/p>\n<p><span class=\"text1noticias\">Santo Domingo, R. D., 25 de noviembre, 2020.- La alcaldesa del Distrito Nacional Carolina Mej\u00eda encabez\u00f3 el acto de encendido de luces naranjas al conmemorarse este mi\u00e9rcoles 25 el D\u00eda Internacional de la Eliminaci\u00f3n de la Violencia contra la Mujer. <\/span><\/p>\n<p><span class=\"text1noticias\"> <\/span><\/p>\n<p><span class=\"text1noticias\">En medio del emotivo acto, las luces naranjas iluminaron el Palacio Consistorial, de la Ciudad Colonial en presencia de la embajadora de los pa\u00edses bajos, Annemieke A. Verrijp; Victor Ogando, presidente del Concejo de Regidores, asi como de las regidoras y regidores, directores y directoras del cabildo.<\/span><\/p>\n<p><span class=\"text1noticias\"> <\/span><\/p>\n<p><span class=\"text1noticias\">Desde inicios del mes de noviembre el cabildo de la capital modific\u00f3 su logo por el mes de noviembre, colocando tres mariposas naranjas en el escudo de la ciudad, como un llamado de conciencia sobre la violencia de g\u00e9nero y en homenaje a las Hermanas Mirabal. <\/span><\/p>\n<p><span class=\"text1noticias\"> <\/span><\/p>\n<p><span class=\"text1noticias\">Las palabras centrales estuvieron a cargo de la Alcaldesa Carolina Mej\u00eda. Asimismo se dirigieron a los presentes los regidores V\u00edctor Ogando, presidente del consejo de regidores; Sandra Grull\u00f3n y Milagros Pichardo. <\/span><\/p>\n<p><span class=\"text1noticias\"> <\/span><\/p>\n<p><span class=\"text1noticias\">\u00abHay muchas formas de violencia y la violencia f\u00edsica es una manifestaci\u00f3n, por lo que tenemos que estar alertas, para identificar otros tipos de violencia\u00bb, expres\u00f3 Carolina Mej\u00eda.  <\/span><\/p>\n<p><span class=\"text1noticias\"> <\/span><\/p>\n<p><span class=\"text1noticias\">A seguidas la Alcaldesa expres\u00f3 palabras de respeto y rindi\u00f3 honor a las hermanas Mirabal. <\/span><\/p>\n<p><span class=\"text1noticias\"> <\/span><\/p>\n<p><span class=\"text1noticias\">\u00abTras una visita a la casa museo de las hermanas Mirabal, cuando camin\u00e9 ese hogar lo que sent\u00ed all\u00ed fue la presencia de un espacio donde se form\u00f3 una familia hermosa, donde esas mujeres recibieron sus principios y valores,  donde constituyeron mujeres aguerridas que fueron capaces de enfrentar el r\u00e9gimen y todas esas formas de violencia que se comet\u00edan contra hombres y mujeres, por lo que digo que todos los d\u00edas las ense\u00f1anzas de Patria, Minerva y Mar\u00eda Teresa prevalecen\u00bb, indic\u00f3 Carolina. <\/span><\/p>\n<p><span class=\"text1noticias\"> <\/span><\/p>\n<p><span class=\"text1noticias\"> Recientemente el cabildo realiz\u00f3 los \u00abDi\u00e1logos Libre de Violencia\u00bb, uno en cada una de las tres circunscripciones en que se divide la ciudad, a los fines de elevar la autoestima de la mujer, sobre c\u00f3mo identificar la violencia, el camino para salir de esta, y algunos testimonios. <\/span><\/p>\n<p><span class=\"text1noticias\"> <\/span><\/p>\n<p><span class=\"text1noticias\">Los temas abordados en estos di\u00e1logos fue la conmemoraci\u00f3n del d\u00eda y utilizaci\u00f3n del color; debatir sobre qu\u00e9 es violencia; los tipos existentes; su identificaci\u00f3n; la autoestima; y tips para aumentar la autoestima<\/span><\/p>\n<p><span class=\"text1noticias\">  <\/span><\/p>\n<p><span class=\"text1noticias\">El D\u00eda Internacional de la Eliminaci\u00f3n de la Violencia contra la Mujer se celebra cada a\u00f1o el 25 de noviembre para motivar a todos los pa\u00edses del mundo a impulsar pol\u00edticas de combate a este flagelo. <\/span><\/p>\n<p><span class=\"text1noticias\"> <\/span><\/p>\n<p><span class=\"text1noticias\">Este movimiento fue impulsado por los grupos feministas latinoamericanos en el a\u00f1o 1981 al conmemorarse la fecha en que fueron asesinadas, en 1960, las tres hermanas Mirabal, -Patria, Minerva y Mar\u00eda Teresa, durante el r\u00e9gimen de Trujillo. Este a\u00f1o, se cumplen 60 a\u00f1os del asesinato de las hermanas. <\/span><\/p>\n<p><span class=\"text1noticias\">  <\/span><\/p>\n<p><span class=\"text1noticias\">Fuente: Direcci\u00f3n de Comunicaciones <\/span><\/p>\n<p><span class=\"text1noticias\">25 de <\/span>Noviembre  2020<\/p>\n<\/p>\n<\/p>\n<\/p>\n<p>&#8230;<\/p>\n<h6> 2020-11-25 10:54:45 <\/h6>\n<p><!--\n<link rel=\"stylesheet\" href=\"css\/bootstrap.min.css\">\n\n\n<ul class=\"pagination\">\n\t    \n\t\n\n<li >\n\t<a href='?page_no=29'>Previous<\/a>\n\t<\/li>\n\n\n       \n    \n\n<li><a href='?page_no=1'>1<\/a><\/li>\n\n\n\n<li><a href='?page_no=2'>2<\/a><\/li>\n\n\n\n<li><a>...<\/a><\/li>\n\n\n\n<li><a href='?page_no=28'>28<\/a><\/li>\n\n\n\n<li><a href='?page_no=29'>29<\/a><\/li>\n\n\n\n<li class='active'><a>30<\/a><\/li>\n\n\n\n<li><a href='?page_no=31'>31<\/a><\/li>\n\n\n\n<li><a href='?page_no=32'>32<\/a><\/li>\n\n\n\n<li><a>...<\/a><\/li>\n\n\n\n<li><a href='?page_no=56169'>56169<\/a><\/li>\n\n\n\n<li><a href='?page_no=56170'>56170<\/a><\/li>\n\n    \n\t\n\n<li >\n\t<a href='?page_no=31'>Next<\/a>\n\t<\/li>\n\n\n    \n\n<li><a href='?page_no=56170'>Last &rsaquo;&rsaquo;<\/a><\/li>\n\n<\/ul>\n\n\n--><br \/>\n<\/body><\/p>\n","protected":false},"excerpt":{"rendered":"<p>diariodominicano.com Santo Domingo, R. D., 25 de noviembre, 2020.- La alcaldesa del Distrito Nacional Carolina Mej\u00eda encabez\u00f3 el acto de encendido de luces naranjas al conmemorarse este mi\u00e9rcoles 25 el D\u00eda Internacional de la Eliminaci\u00f3n de la Violencia contra la Mujer. En medio del emotivo acto, las luces naranjas iluminaron el Palacio Consistorial, de la [&hellip;]<\/p>\n","protected":false},"author":3,"featured_media":0,"comment_status":"open","ping_status":"open","sticky":false,"template":"","format":"standard","meta":{"footnotes":""},"categories":[20],"tags":[],"class_list":["post-222482","post","type-post","status-publish","format-standard","hentry","category-dominicana-hoy"],"_links":{"self":[{"href":"https:\/\/diariodominicano.com\/index.php?rest_route=\/wp\/v2\/posts\/222482","targetHints":{"allow":["GET"]}}],"collection":[{"href":"https:\/\/diariodominicano.com\/index.php?rest_route=\/wp\/v2\/posts"}],"about":[{"href":"https:\/\/diariodominicano.com\/index.php?rest_route=\/wp\/v2\/types\/post"}],"author":[{"embeddable":true,"href":"https:\/\/diariodominicano.com\/index.php?rest_route=\/wp\/v2\/users\/3"}],"replies":[{"embeddable":true,"href":"https:\/\/diariodominicano.com\/index.php?rest_route=%2Fwp%2Fv2%2Fcomments&post=222482"}],"version-history":[{"count":0,"href":"https:\/\/diariodominicano.com\/index.php?rest_route=\/wp\/v2\/posts\/222482\/revisions"}],"wp:attachment":[{"href":"https:\/\/diariodominicano.com\/index.php?rest_route=%2Fwp%2Fv2%2Fmedia&parent=222482"}],"wp:term":[{"taxonomy":"category","embeddable":true,"href":"https:\/\/diariodominicano.com\/index.php?rest_route=%2Fwp%2Fv2%2Fcategories&post=222482"},{"taxonomy":"post_tag","embeddable":true,"href":"https:\/\/diariodominicano.com\/index.php?rest_route=%2Fwp%2Fv2%2Ftags&post=222482"}],"curies":[{"name":"wp","href":"https:\/\/api.w.org\/{rel}","templated":true}]}}