{"id":222481,"date":"2020-11-30T13:02:28","date_gmt":"2020-11-30T13:02:28","guid":{"rendered":"http:\/\/diariodominicano.ddns.net\/?p=222481"},"modified":"2020-11-30T13:02:28","modified_gmt":"2020-11-30T13:02:28","slug":"embajador-japon-en-rd-ofrecera-conferencia-este-jueves-sobre-situacion-covid-19-y-sus-proyectos","status":"publish","type":"post","link":"https:\/\/diariodominicano.com\/?p=222481","title":{"rendered":"Embajador Jap\u00f3n en RD ofrecer\u00e1 conferencia este jueves sobre situaci\u00f3n COVID-19 y sus proyectos"},"content":{"rendered":"<p><body><\/p>\n<p><img decoding=\"async\" src=\"img3\/Embajador japon RD30-11-20.jpg\" \/>  <\/p>\n<p><span class=\"text1noticias\">diariodominicano.com <\/span><\/p>\n<p><span class=\"text1noticias\"> <\/span><\/p>\n<p><span class=\"text1noticias\">Santo Domingo, R. D., 30 de noviembre, 2020.- El embajador de Jap\u00f3n en la Rep\u00fablica Dominicana, Hiroyuki Makiuchi, ofrecer\u00e1 este jueves, 03 de diciembre una conferencia virtual titulada la \u00abEducaci\u00f3n en Jap\u00f3n en situaci\u00f3n de pandemia COVID-19: Proyectos del Jap\u00f3n despu\u00e9s de la pandemia\u00bb.<\/span><\/p>\n<p><span class=\"text1noticias\"> <\/span><\/p>\n<p><span class=\"text1noticias\">La conferencia es organizada por la Embajada de Jap\u00f3n en la Rep\u00fablica Dominicana y la Academia de Ciencias de la Rep\u00fablica Dominicana (ACRD), completamente gratis, a trav\u00e9s de la plataforma Zoom   a las 7:00 de la noche.<\/span><\/p>\n<p><span class=\"text1noticias\"> <\/span><\/p>\n<p><span class=\"text1noticias\">Adem\u00e1s, pueden seguir las incidencias por el Facebook live de la ACRD y sus dem\u00e1s redes. <\/span><\/p>\n<p><span class=\"text1noticias\"> <\/span><\/p>\n<p><span class=\"text1noticias\">Hiroyuki Makiuchi tiene m\u00e1s de 40 a\u00f1os de ejercicio en la diplomacia. Esto le ha aportado m\u00e1s conocimientos en las costumbres, tradiciones y necesidades existentes en los pa\u00edses de la regi\u00f3n, especialmente en los hispanohablantes, que son sus predilectos. <\/span><\/p>\n<p><span class=\"text1noticias\"> <\/span><\/p>\n<p><span class=\"text1noticias\">Se inici\u00f3 en esta profesi\u00f3n en los albores de su juventud, pues en su natal Jap\u00f3n, para ser embajador solo se requer\u00eda tener el bachillerato aprobado y luego tomar un examen en la canciller\u00eda. Ya aprobado comienza con su primera experiencia en Espa\u00f1a, Barcelona; luego le siguen Venezuela, Cuba, Espa\u00f1a, Bolivia, Uruguay, Colombia y Per\u00fa.<\/span><\/p>\n<p><span class=\"text1noticias\"> <\/span><\/p>\n<p><span class=\"text1noticias\">Fuente: Prensa Academia de Ciencias de la Rep\u00fablica Dom<\/span>inicana (ACRD).<\/p>\n<p><span class=\"text1noticias\">Academia de Ciencias RD<\/span><\/p>\n<h6> 2020-11-30 13:02:28 <\/h6>\n<p><!--\n<link rel=\"stylesheet\" href=\"css\/bootstrap.min.css\">\n\n\n<ul class=\"pagination\">\n\t    \n\t\n\n<li >\n\t<a href='?page_no=2'>Previous<\/a>\n\t<\/li>\n\n\n       \n    \n\n<li><a href='?page_no=1'>1<\/a><\/li>\n\n\n\n<li><a href='?page_no=2'>2<\/a><\/li>\n\n\n\n<li class='active'><a>3<\/a><\/li>\n\n\n\n<li><a href='?page_no=4'>4<\/a><\/li>\n\n\n\n<li><a href='?page_no=5'>5<\/a><\/li>\n\n\n\n<li><a href='?page_no=6'>6<\/a><\/li>\n\n\n\n<li><a href='?page_no=7'>7<\/a><\/li>\n\n\n\n<li><a>...<\/a><\/li>\n\n\n\n<li><a href='?page_no=56169'>56169<\/a><\/li>\n\n\n\n<li><a href='?page_no=56170'>56170<\/a><\/li>\n\n    \n\t\n\n<li >\n\t<a href='?page_no=4'>Next<\/a>\n\t<\/li>\n\n\n    \n\n<li><a href='?page_no=56170'>Last &rsaquo;&rsaquo;<\/a><\/li>\n\n<\/ul>\n\n\n--><br \/>\n<\/body><\/p>\n","protected":false},"excerpt":{"rendered":"<p>diariodominicano.com Santo Domingo, R. D., 30 de noviembre, 2020.- El embajador de Jap\u00f3n en la Rep\u00fablica Dominicana, Hiroyuki Makiuchi, ofrecer\u00e1 este jueves, 03 de diciembre una conferencia virtual titulada la \u00abEducaci\u00f3n en Jap\u00f3n en situaci\u00f3n de pandemia COVID-19: Proyectos del Jap\u00f3n despu\u00e9s de la pandemia\u00bb. La conferencia es organizada por la Embajada de Jap\u00f3n en [&hellip;]<\/p>\n","protected":false},"author":3,"featured_media":0,"comment_status":"open","ping_status":"open","sticky":false,"template":"","format":"standard","meta":{"footnotes":""},"categories":[20],"tags":[],"class_list":["post-222481","post","type-post","status-publish","format-standard","hentry","category-dominicana-hoy"],"_links":{"self":[{"href":"https:\/\/diariodominicano.com\/index.php?rest_route=\/wp\/v2\/posts\/222481","targetHints":{"allow":["GET"]}}],"collection":[{"href":"https:\/\/diariodominicano.com\/index.php?rest_route=\/wp\/v2\/posts"}],"about":[{"href":"https:\/\/diariodominicano.com\/index.php?rest_route=\/wp\/v2\/types\/post"}],"author":[{"embeddable":true,"href":"https:\/\/diariodominicano.com\/index.php?rest_route=\/wp\/v2\/users\/3"}],"replies":[{"embeddable":true,"href":"https:\/\/diariodominicano.com\/index.php?rest_route=%2Fwp%2Fv2%2Fcomments&post=222481"}],"version-history":[{"count":0,"href":"https:\/\/diariodominicano.com\/index.php?rest_route=\/wp\/v2\/posts\/222481\/revisions"}],"wp:attachment":[{"href":"https:\/\/diariodominicano.com\/index.php?rest_route=%2Fwp%2Fv2%2Fmedia&parent=222481"}],"wp:term":[{"taxonomy":"category","embeddable":true,"href":"https:\/\/diariodominicano.com\/index.php?rest_route=%2Fwp%2Fv2%2Fcategories&post=222481"},{"taxonomy":"post_tag","embeddable":true,"href":"https:\/\/diariodominicano.com\/index.php?rest_route=%2Fwp%2Fv2%2Ftags&post=222481"}],"curies":[{"name":"wp","href":"https:\/\/api.w.org\/{rel}","templated":true}]}}