{"id":222370,"date":"2020-11-25T12:50:55","date_gmt":"2020-11-25T12:50:55","guid":{"rendered":"http:\/\/diariodominicano.ddns.net\/?p=222370"},"modified":"2020-11-25T12:50:55","modified_gmt":"2020-11-25T12:50:55","slug":"ministro-de-asuntos-exteriores-y-cultos-de-haiti-visitara-la-republica-dominicana-del-29-de-noviembre-al-6-de-diciembre-de-2020","status":"publish","type":"post","link":"https:\/\/diariodominicano.com\/?p=222370","title":{"rendered":"Ministro de Asuntos Exteriores y Cultos de Hait\u00ed visitar\u00e1 la Rep\u00fablica Dominicana del 29 de noviembre al 6 de diciembre de 2020"},"content":{"rendered":"<p><body><\/p>\n<p><span class=\"text1noticias\"> diariodominicano.com<\/span><\/p>\n<p><span class=\"text1noticias\"> <\/span><\/p>\n<p><span class=\"text1noticias\">Santo Domingo, R. D., 25 de noviembre, 2020.- El Doctor Claude Joseph, Ministro de Asuntos Exteriores y Cultos de Hait\u00ed, visitar\u00e1 la Rep\u00fablica Dominicana del domingo 29 de noviembre al 6 de diciembre, inform\u00f3 hoy la Embajada haitiana en un comunicado de prensa.<\/span><\/p>\n<p><span class=\"text1noticias\"> <\/span><\/p>\n<p><span class=\"text1noticias\">El canciller haitiano que se hace acompa\u00f1ar de una misi\u00f3n de alto nivel de la canciller\u00eda haitiana, agotar\u00e1  una apretada agenda de trabajo en Santo Domingo, Barahona, Dajab\u00f3n, Higuey y Santiago de los Caballeros.<\/span><\/p>\n<p><span class=\"text1noticias\"> <\/span><\/p>\n<p><span class=\"text1noticias\">El jefe de la diplomacia haitiana  arribar\u00e1 al pa\u00eds el domingo 29 de noviembre por el Aeropuerto Internacional La Isabela, tiene pautada dos reuniones de trabajo con su hom\u00f3logo dominicano, Roberto \u00c1lvarez. El canciller Doctor Roberto \u00c1lvarez lo recibir\u00e1 el martes 1 de de diciembre durante un encuentro en la sede de la canciller\u00eda dominicana. <\/span><\/p>\n<p><span class=\"text1noticias\"> <\/span><\/p>\n<p><span class=\"text1noticias\">Asimismo asistir\u00e1 el canciller haitiano a un almuerzo que le ofrecer\u00e1, a \u00e9l y su comitiva, el ministro \u00c1lvarez, adem\u00e1s de una reuni\u00f3n de trabajo que sostendr\u00e1n los dos cancilleres y delegaci\u00f3n de t\u00e9cnicos de alto nivel de ambos pa\u00edses.<\/span><\/p>\n<p><span class=\"text1noticias\">  <\/span><\/p>\n<p><span class=\"text1noticias\">El lunes 30 de noviembre, el canciller Claude Joseph se trasladar\u00e1 a la sede de la Embajada de su pa\u00eds donde sostendr\u00e1 reuniones de trabajo con el Embajador Smith Augustin, el personal de la legaci\u00f3n diplom\u00e1tica y de la di\u00e1spora haitiana en Santo Domingo. <\/span><\/p>\n<p><span class=\"text1noticias\"> <\/span><\/p>\n<p><span class=\"text1noticias\">El mi\u00e9rcoles 2 de diciembre, Claude Joseph se trasladar\u00e1 a la provincia de Barahona donde tiene programada una jornada de trabajo en la sede del Consulado haitiano. Sucesivamente, el Ministro de Relaciones Exteriores y Cultos de la Rep\u00fablica de Hait\u00ed, tiene programada visitas y reuniones de trabajo en los Consulados haitianos de la Provincia de La Altagracia (Higuey), de Dajab\u00f3n y de Santiago. <\/span><\/p>\n<p><span class=\"text1noticias\"> <\/span><\/p>\n<p><span class=\"text1noticias\">El domingo 6 de diciembre, el canciller Joseph retornar\u00e1 Hait\u00ed junto a la comitiva que le acompa\u00f1a.    <\/span><\/p>\n<p><span class=\"text1noticias\"> <\/span><\/p>\n<p><span class=\"text1noticias\">Fuente: Jos\u00e9 Luis Soto R<\/span><\/p>\n<p><span class=\"text1noticias\">Embajada haitiana<\/span> en Rep\u00fablica Dominicana<\/p>\n<\/p>\n<h6> 2020-11-25 12:50:55 <\/h6>\n<p><!--\n<link rel=\"stylesheet\" href=\"css\/bootstrap.min.css\">\n\n\n<ul class=\"pagination\">\n\t    \n\t\n\n<li >\n\t<a href='?page_no=28'>Previous<\/a>\n\t<\/li>\n\n\n       \n    \n\n<li><a href='?page_no=1'>1<\/a><\/li>\n\n\n\n<li><a href='?page_no=2'>2<\/a><\/li>\n\n\n\n<li><a>...<\/a><\/li>\n\n\n\n<li><a href='?page_no=27'>27<\/a><\/li>\n\n\n\n<li><a href='?page_no=28'>28<\/a><\/li>\n\n\n\n<li class='active'><a>29<\/a><\/li>\n\n\n\n<li><a href='?page_no=30'>30<\/a><\/li>\n\n\n\n<li><a href='?page_no=31'>31<\/a><\/li>\n\n\n\n<li><a>...<\/a><\/li>\n\n\n\n<li><a href='?page_no=56169'>56169<\/a><\/li>\n\n\n\n<li><a href='?page_no=56170'>56170<\/a><\/li>\n\n    \n\t\n\n<li >\n\t<a href='?page_no=30'>Next<\/a>\n\t<\/li>\n\n\n    \n\n<li><a href='?page_no=56170'>Last &rsaquo;&rsaquo;<\/a><\/li>\n\n<\/ul>\n\n\n--><br \/>\n<\/body><\/p>\n","protected":false},"excerpt":{"rendered":"<p>diariodominicano.com Santo Domingo, R. D., 25 de noviembre, 2020.- El Doctor Claude Joseph, Ministro de Asuntos Exteriores y Cultos de Hait\u00ed, visitar\u00e1 la Rep\u00fablica Dominicana del domingo 29 de noviembre al 6 de diciembre, inform\u00f3 hoy la Embajada haitiana en un comunicado de prensa. El canciller haitiano que se hace acompa\u00f1ar de una misi\u00f3n de [&hellip;]<\/p>\n","protected":false},"author":3,"featured_media":0,"comment_status":"open","ping_status":"open","sticky":false,"template":"","format":"standard","meta":{"footnotes":""},"categories":[20],"tags":[],"class_list":["post-222370","post","type-post","status-publish","format-standard","hentry","category-dominicana-hoy"],"_links":{"self":[{"href":"https:\/\/diariodominicano.com\/index.php?rest_route=\/wp\/v2\/posts\/222370","targetHints":{"allow":["GET"]}}],"collection":[{"href":"https:\/\/diariodominicano.com\/index.php?rest_route=\/wp\/v2\/posts"}],"about":[{"href":"https:\/\/diariodominicano.com\/index.php?rest_route=\/wp\/v2\/types\/post"}],"author":[{"embeddable":true,"href":"https:\/\/diariodominicano.com\/index.php?rest_route=\/wp\/v2\/users\/3"}],"replies":[{"embeddable":true,"href":"https:\/\/diariodominicano.com\/index.php?rest_route=%2Fwp%2Fv2%2Fcomments&post=222370"}],"version-history":[{"count":0,"href":"https:\/\/diariodominicano.com\/index.php?rest_route=\/wp\/v2\/posts\/222370\/revisions"}],"wp:attachment":[{"href":"https:\/\/diariodominicano.com\/index.php?rest_route=%2Fwp%2Fv2%2Fmedia&parent=222370"}],"wp:term":[{"taxonomy":"category","embeddable":true,"href":"https:\/\/diariodominicano.com\/index.php?rest_route=%2Fwp%2Fv2%2Fcategories&post=222370"},{"taxonomy":"post_tag","embeddable":true,"href":"https:\/\/diariodominicano.com\/index.php?rest_route=%2Fwp%2Fv2%2Ftags&post=222370"}],"curies":[{"name":"wp","href":"https:\/\/api.w.org\/{rel}","templated":true}]}}