{"id":222259,"date":"2020-11-25T13:38:43","date_gmt":"2020-11-25T13:38:43","guid":{"rendered":"http:\/\/diariodominicano.ddns.net\/?p=222259"},"modified":"2020-11-25T13:38:43","modified_gmt":"2020-11-25T13:38:43","slug":"embajador-de-panama-dice-su-nacion-utilizara-estrategias-dominicanas-de-produccion-agricola","status":"publish","type":"post","link":"https:\/\/diariodominicano.com\/?p=222259","title":{"rendered":"Embajador de Panam\u00e1 dice su naci\u00f3n utilizar\u00e1 estrategias dominicanas de producci\u00f3n agr\u00edcola"},"content":{"rendered":"<p><body><\/p>\n<p><img decoding=\"async\" src=\"img3\/Limber-EmbPanama25-11-20.jpeg\" \/>  <\/p>\n<p><span class=\"text1noticias\"> diariodominicano.com <\/span><\/p>\n<p><span class=\"text1noticias\"> <\/span><\/p>\n<p><span class=\"text1noticias\">Santo Domingo, R. D., 25 de noviembre, 2020.- El Ministro de Agricultura, Limber Cruz, se reuni\u00f3 con el Embajador de la Rep\u00fablica de Panam\u00e1 en el pa\u00eds, Pablo P\u00e9rez Campos, para trazar las pautas para la firma de un acuerdo multinacional de cooperaci\u00f3n. <\/span><\/p>\n<p><span class=\"text1noticias\"> <\/span><\/p>\n<p><span class=\"text1noticias\">El mismo tendr\u00e1 la finalidad de que la naci\u00f3n centroamericana implemente las estrategias de producci\u00f3n agropecuaria de la Rep\u00fablica Dominicana. <\/span><\/p>\n<p><span class=\"text1noticias\"> <\/span><\/p>\n<p><span class=\"text1noticias\">El embajador dijo que ser\u00eda un gran avance para su pa\u00eds poder contar con las estrategias y experiencias del sector agr\u00edcola dominicano, ya que en las \u00faltimas d\u00e9cadas ha mermado la producci\u00f3n de rubros tradicionales de manera significativa en su pa\u00eds y como consecuencia afecta la econom\u00eda de Panam\u00e1. <\/span><\/p>\n<p><span class=\"text1noticias\"> <\/span><\/p>\n<p><span class=\"text1noticias\">\u00abEn nuestro pa\u00eds tenemos deficiencia en la producci\u00f3n de arroz, ma\u00edz, cacao y llevamos m\u00e1s de 30 a\u00f1os que no sembramos de manera comercial el tabaco; esas son \u00e1reas donde Panam\u00e1 puede tener una gran experiencia de cooperaci\u00f3n y el aumento de la productividad como tiene Rep\u00fablica Dominicana\u00bb, sostuvo. <\/span><\/p>\n<p><span class=\"text1noticias\"> <\/span><\/p>\n<p><span class=\"text1noticias\">El titular de la cartera agr\u00edcola del pa\u00eds, Limber Cruz, expres\u00f3 que es un importante pacto desarrollar un programa en que ambos pa\u00edses se pueden ayudar mutuamente. Adem\u00e1s, con el acuerdo la Rep\u00fablica Dominicana podr\u00eda tener una mayor presencia de exportaci\u00f3n de los principales alimentos agr\u00edcolas que se producen aqu\u00ed. <\/span><\/p>\n<p><span class=\"text1noticias\"> <\/span><\/p>\n<p><span class=\"text1noticias\">\u00abPara nosotros desarrollar al sector agropecuario necesariamente debemos sacar nuestros productos al extranjero, para as\u00ed tener un mayor impacto positivo en la econom\u00eda nacional\u00bb, dijo el <\/span>Ministro. <\/p>\n<\/p>\n<p>Fuente: Prensa Agricultura <\/p>\n<h6> 2020-11-25 13:38:43 <\/h6>\n<p><!--\n<link rel=\"stylesheet\" href=\"css\/bootstrap.min.css\">\n\n\n<ul class=\"pagination\">\n\t    \n\t\n\n<li >\n\t<a href='?page_no=27'>Previous<\/a>\n\t<\/li>\n\n\n       \n    \n\n<li><a href='?page_no=1'>1<\/a><\/li>\n\n\n\n<li><a href='?page_no=2'>2<\/a><\/li>\n\n\n\n<li><a>...<\/a><\/li>\n\n\n\n<li><a href='?page_no=26'>26<\/a><\/li>\n\n\n\n<li><a href='?page_no=27'>27<\/a><\/li>\n\n\n\n<li class='active'><a>28<\/a><\/li>\n\n\n\n<li><a href='?page_no=29'>29<\/a><\/li>\n\n\n\n<li><a href='?page_no=30'>30<\/a><\/li>\n\n\n\n<li><a>...<\/a><\/li>\n\n\n\n<li><a href='?page_no=56169'>56169<\/a><\/li>\n\n\n\n<li><a href='?page_no=56170'>56170<\/a><\/li>\n\n    \n\t\n\n<li >\n\t<a href='?page_no=29'>Next<\/a>\n\t<\/li>\n\n\n    \n\n<li><a href='?page_no=56170'>Last &rsaquo;&rsaquo;<\/a><\/li>\n\n<\/ul>\n\n\n--><br \/>\n<\/body><\/p>\n","protected":false},"excerpt":{"rendered":"<p>diariodominicano.com Santo Domingo, R. D., 25 de noviembre, 2020.- El Ministro de Agricultura, Limber Cruz, se reuni\u00f3 con el Embajador de la Rep\u00fablica de Panam\u00e1 en el pa\u00eds, Pablo P\u00e9rez Campos, para trazar las pautas para la firma de un acuerdo multinacional de cooperaci\u00f3n. El mismo tendr\u00e1 la finalidad de que la naci\u00f3n centroamericana implemente [&hellip;]<\/p>\n","protected":false},"author":3,"featured_media":0,"comment_status":"open","ping_status":"open","sticky":false,"template":"","format":"standard","meta":{"footnotes":""},"categories":[20],"tags":[],"class_list":["post-222259","post","type-post","status-publish","format-standard","hentry","category-dominicana-hoy"],"_links":{"self":[{"href":"https:\/\/diariodominicano.com\/index.php?rest_route=\/wp\/v2\/posts\/222259","targetHints":{"allow":["GET"]}}],"collection":[{"href":"https:\/\/diariodominicano.com\/index.php?rest_route=\/wp\/v2\/posts"}],"about":[{"href":"https:\/\/diariodominicano.com\/index.php?rest_route=\/wp\/v2\/types\/post"}],"author":[{"embeddable":true,"href":"https:\/\/diariodominicano.com\/index.php?rest_route=\/wp\/v2\/users\/3"}],"replies":[{"embeddable":true,"href":"https:\/\/diariodominicano.com\/index.php?rest_route=%2Fwp%2Fv2%2Fcomments&post=222259"}],"version-history":[{"count":0,"href":"https:\/\/diariodominicano.com\/index.php?rest_route=\/wp\/v2\/posts\/222259\/revisions"}],"wp:attachment":[{"href":"https:\/\/diariodominicano.com\/index.php?rest_route=%2Fwp%2Fv2%2Fmedia&parent=222259"}],"wp:term":[{"taxonomy":"category","embeddable":true,"href":"https:\/\/diariodominicano.com\/index.php?rest_route=%2Fwp%2Fv2%2Fcategories&post=222259"},{"taxonomy":"post_tag","embeddable":true,"href":"https:\/\/diariodominicano.com\/index.php?rest_route=%2Fwp%2Fv2%2Ftags&post=222259"}],"curies":[{"name":"wp","href":"https:\/\/api.w.org\/{rel}","templated":true}]}}