{"id":222148,"date":"2020-11-25T22:32:10","date_gmt":"2020-11-25T22:32:10","guid":{"rendered":"http:\/\/diariodominicano.ddns.net\/?p=222148"},"modified":"2020-11-25T22:32:10","modified_gmt":"2020-11-25T22:32:10","slug":"abinader-encabeza-inauguracion-de-oficina-de-dgii-en-salcedo","status":"publish","type":"post","link":"https:\/\/diariodominicano.com\/?p=222148","title":{"rendered":"Abinader encabeza inauguraci\u00f3n de oficina de DGII en Salcedo"},"content":{"rendered":"<p><body><\/p>\n<p><img decoding=\"async\" src=\"img3\/abinadeDGII25-11-20.jpeg\" \/>  <\/p>\n<p><span class=\"text1noticias\">diariodominicano.com<\/span><\/p>\n<p><span class=\"text1noticias\"> <\/span><\/p>\n<p><span class=\"text1noticias\">Salcedo, Hermanas Mirabal, R. D., 25 de noviembre, 2020.- El presidente Luis Abinader encabez\u00f3 la inauguraci\u00f3n de la oficina local de la Direcci\u00f3n General de Impuestos Internos (DGII), en este municipio.<\/span><\/p>\n<p><span class=\"text1noticias\"> <\/span><\/p>\n<p><span class=\"text1noticias\">El director de la DGII, Luis Valdez, indic\u00f3 que el monto de la obra y su equipamiento completo fue de 15 millones de pesos. Precis\u00f3 que la edificaci\u00f3n fue remodelada y adecuada con el objetivo de mejorar la atenci\u00f3n a los contribuyentes y ampliar los servicios que ofrece.<\/span><\/p>\n<p><span class=\"text1noticias\"> <\/span><\/p>\n<p><span class=\"text1noticias\">Valdez inform\u00f3 que las administraciones locales son unidades operativas provinciales a gran escala, responsables de recaudar los impuestos de acuerdo con lo dispuesto en el C\u00f3digo Tributario. <\/span><\/p>\n<p><span class=\"text1noticias\"> <\/span><\/p>\n<p><span class=\"text1noticias\">Dijo, adem\u00e1s, que la administraci\u00f3n local Salcedo cuenta con un \u00e1rea aproximada de 405 metros cuadrados, donde se brinda atenci\u00f3n presencial a un promedio de 400 contribuyentes al mes. <\/span><\/p>\n<p><span class=\"text1noticias\"> <\/span><\/p>\n<p><span class=\"text1noticias\">Agreg\u00f3 que tambi\u00e9n se ofrecen los servicios de transferencias inmobiliarias, pagos de derechos sucesorales, certificaciones, tr\u00e1mites de veh\u00edculos de motor, consultas, incorporaci\u00f3n, modificaci\u00f3n, cese de operaciones y reactivaci\u00f3n del Registro Nacional del Contribuyente (RNC). <\/span><\/p>\n<p><span class=\"text1noticias\"> <\/span><\/p>\n<p><span class=\"text1noticias\"> Adem\u00e1s, los servicios para entrega de n\u00fameros de Comprobantes Fiscales, pagos, rectificativas de declaraciones, solicitudes de acuerdos, recursos de reconsideraci\u00f3n y reclamos tributarios. <\/span><\/p>\n<p><span class=\"text1noticias\"> <\/span><\/p>\n<p><span class=\"text1noticias\">Signific\u00f3 que otras solicitudes que atienden son las de compensaciones, reembolsos y exenciones, entre otras. <\/span><\/p>\n<p><span class=\"text1noticias\"> <\/span><\/p>\n<p><span class=\"text1noticias\">El funcionario revel\u00f3 que las pr\u00f3ximas oficinas a intervenir son las de Azua y Saman\u00e1.<\/span><\/p>\n<p><span class=\"text1noticias\"> <\/span><\/p>\n<p><span class=\"text1noticias\">En la inauguraci\u00f3n de la oficina de la DGII, el presidente estuvo acompa\u00f1ado de la primera dama, Raquel Arbaje y de la vicepresidenta Raquel Pe\u00f1a. <\/span><\/p>\n<p><span class=\"text1noticias\"> <\/span><\/p>\n<p><span class=\"text1noticias\">Adem\u00e1s, participaron Jos\u00e9 Ignacio Paliza, ministro Administrativo de la Presidencia; Mayra Jim\u00e9nez, ministra de la Mujer; Lissette Nicasio, gobernadora provincial y Mercedes Ortiz, alcaldesa del municipio de Salcedo.<\/span><\/p>\n<p><span class=\"text1noticias\"> <\/span><\/p>\n<p><span class=\"text1noticias\">Recaudaciones<\/span><\/p>\n<p><span class=\"text1noticias\"> <\/span><\/p>\n<p><span class=\"text1noticias\"> En el discurso de inauguraci\u00f3n, el director de la DGII destac\u00f3 los principales ejes de la gesti\u00f3n que encabeza, entre los que cit\u00f3, acercarse a los contribuyentes y mejorar las recaudaciones. <\/span><\/p>\n<p><span class=\"text1noticias\"> <\/span><\/p>\n<p><span class=\"text1noticias\"> Valdez signific\u00f3 que, sin concluir el mes de noviembre, han crecido un 144% y en lo que va del a\u00f1o, un 113%. <\/span><\/p>\n<p><span class=\"text1noticias\"> <\/span><\/p>\n<p><span class=\"text1noticias\"> Proyect\u00f3 que para el a\u00f1o 2021, la participaci\u00f3n de la DGII en los ingresos tributarios alcanzar\u00e1 RD$485 mil millones, de los RD$746 mil millones que espera recibir el gobierno. <\/span><\/p>\n<p><span class=\"text1noticias\"> <\/span><\/p>\n<p><span class=\"text1noticias\">\u00abSe\u00f1or presidente, se\u00f1ora vicepresidenta, si no hay un rebrote de la pandemia que haya que cerrar la econom\u00eda, est\u00e1n garantizados esos 485 mil millones de pesos proyectados\u00bb, expres\u00f3. <\/span><\/p>\n<p><span class=\"text1noticias\"> <\/span><\/p>\n<p><span class=\"text1noticias\">Destac\u00f3 que ha sostenido 115 reuniones con empresarios y comerciales, lo que ha dado a la DGII una nueva visi\u00f3n. <\/span><\/p>\n<p><span class=\"text1noticias\"> <\/span><\/p>\n<p><span class=\"text1noticias\">Fuente: Presidencia de la Rep\u00fablica Dominicana<\/span><\/p>\n<p><span class=\"text1noticias\">Noticia<\/span>s<\/p>\n<h6> 2020-11-25 22:32:10 <\/h6>\n<p><!--\n<link rel=\"stylesheet\" href=\"css\/bootstrap.min.css\">\n\n\n<ul class=\"pagination\">\n\t    \n\t\n\n<li >\n\t<a href='?page_no=26'>Previous<\/a>\n\t<\/li>\n\n\n       \n    \n\n<li><a href='?page_no=1'>1<\/a><\/li>\n\n\n\n<li><a href='?page_no=2'>2<\/a><\/li>\n\n\n\n<li><a>...<\/a><\/li>\n\n\n\n<li><a href='?page_no=25'>25<\/a><\/li>\n\n\n\n<li><a href='?page_no=26'>26<\/a><\/li>\n\n\n\n<li class='active'><a>27<\/a><\/li>\n\n\n\n<li><a href='?page_no=28'>28<\/a><\/li>\n\n\n\n<li><a href='?page_no=29'>29<\/a><\/li>\n\n\n\n<li><a>...<\/a><\/li>\n\n\n\n<li><a href='?page_no=56169'>56169<\/a><\/li>\n\n\n\n<li><a href='?page_no=56170'>56170<\/a><\/li>\n\n    \n\t\n\n<li >\n\t<a href='?page_no=28'>Next<\/a>\n\t<\/li>\n\n\n    \n\n<li><a href='?page_no=56170'>Last &rsaquo;&rsaquo;<\/a><\/li>\n\n<\/ul>\n\n\n--><br \/>\n<\/body><\/p>\n","protected":false},"excerpt":{"rendered":"<p>diariodominicano.com Salcedo, Hermanas Mirabal, R. D., 25 de noviembre, 2020.- El presidente Luis Abinader encabez\u00f3 la inauguraci\u00f3n de la oficina local de la Direcci\u00f3n General de Impuestos Internos (DGII), en este municipio. El director de la DGII, Luis Valdez, indic\u00f3 que el monto de la obra y su equipamiento completo fue de 15 millones de [&hellip;]<\/p>\n","protected":false},"author":3,"featured_media":0,"comment_status":"open","ping_status":"open","sticky":false,"template":"","format":"standard","meta":{"footnotes":""},"categories":[20],"tags":[],"class_list":["post-222148","post","type-post","status-publish","format-standard","hentry","category-dominicana-hoy"],"_links":{"self":[{"href":"https:\/\/diariodominicano.com\/index.php?rest_route=\/wp\/v2\/posts\/222148","targetHints":{"allow":["GET"]}}],"collection":[{"href":"https:\/\/diariodominicano.com\/index.php?rest_route=\/wp\/v2\/posts"}],"about":[{"href":"https:\/\/diariodominicano.com\/index.php?rest_route=\/wp\/v2\/types\/post"}],"author":[{"embeddable":true,"href":"https:\/\/diariodominicano.com\/index.php?rest_route=\/wp\/v2\/users\/3"}],"replies":[{"embeddable":true,"href":"https:\/\/diariodominicano.com\/index.php?rest_route=%2Fwp%2Fv2%2Fcomments&post=222148"}],"version-history":[{"count":0,"href":"https:\/\/diariodominicano.com\/index.php?rest_route=\/wp\/v2\/posts\/222148\/revisions"}],"wp:attachment":[{"href":"https:\/\/diariodominicano.com\/index.php?rest_route=%2Fwp%2Fv2%2Fmedia&parent=222148"}],"wp:term":[{"taxonomy":"category","embeddable":true,"href":"https:\/\/diariodominicano.com\/index.php?rest_route=%2Fwp%2Fv2%2Fcategories&post=222148"},{"taxonomy":"post_tag","embeddable":true,"href":"https:\/\/diariodominicano.com\/index.php?rest_route=%2Fwp%2Fv2%2Ftags&post=222148"}],"curies":[{"name":"wp","href":"https:\/\/api.w.org\/{rel}","templated":true}]}}