{"id":221926,"date":"2020-11-26T13:31:58","date_gmt":"2020-11-26T13:31:58","guid":{"rendered":"http:\/\/diariodominicano.ddns.net\/?p=221926"},"modified":"2020-11-26T13:31:58","modified_gmt":"2020-11-26T13:31:58","slug":"hipolito-mejia-recibe-reconocimiento-del-senado-por-sus-aportes-al-pais","status":"publish","type":"post","link":"https:\/\/diariodominicano.com\/?p=221926","title":{"rendered":"Hip\u00f3lito Mej\u00eda recibe reconocimiento del Senado por sus aportes al pa\u00eds"},"content":{"rendered":"<p><body><\/p>\n<p><img decoding=\"async\" src=\"img3\/HipolitoReconocimiento26-11-20.jpg\" \/>  <\/p>\n<p><span class=\"text1noticias\">diariodominicano.com<\/span><\/p>\n<p><span class=\"text1noticias\"> <\/span><\/p>\n<p><span class=\"text1noticias\">Santo Domingo, R. D., 26 de noviembre, 2020.- El expresidente Hip\u00f3lito Mej\u00eda recibi\u00f3 hoy el reconocimiento del Senado de la Rep\u00fablica Dominicana, por su trayectoria sus aportes al desarrollo econ\u00f3mico, institucional y social del pa\u00eds, en un acto en el que estuvo el presidente de la Rep\u00fablica, Luis Abinader y presidido por el ingeniero Eduardo Estrella, presidente del organismo legislativo. <\/span><\/p>\n<p><span class=\"text1noticias\"> <\/span><\/p>\n<p><span class=\"text1noticias\">Al hablar el acto, celebrado en el sal\u00f3n de la Asamblea Nacional, el exmandatario resalt\u00f3 que su vida profesional, familiar y de ciudadano est\u00e1 cimentada en los valores adquiridos de sus progenitores, de la escuela de los sacerdotes jesuitas del Loyola y su cercan\u00eda con l\u00edderes como Jos\u00e9 Francisco Pe\u00f1a G\u00f3mez y Don Antonio Guzm\u00e1n. <\/span><\/p>\n<p><span class=\"text1noticias\"> <\/span><\/p>\n<p><span class=\"text1noticias\">\u00abFueron esas ense\u00f1anzas las que contribuyeron a definir lo que significa ser leal, solidario, honrado, tolerante, veraz y justo. Mi amor por el trabajo y por el mundo rural se sustentan en esos valores\u00bb. <\/span><\/p>\n<p><span class=\"text1noticias\"> <\/span><\/p>\n<p><span class=\"text1noticias\"> En su discurso de gracias por el reconocimiento, Mej\u00eda resalt\u00f3 sus aportes como profesional de la agropecuaria, como gremialista de la Asociaci\u00f3n de Profesionales Agropecuarios, Anpa, como funcionario p\u00fablico y como dirigente pol\u00edtico. <\/span><\/p>\n<\/p>\n<p><span class=\"text1noticias\">Al referirse a su querid\u00edsimo compa\u00f1ero y amigo doctor Jos\u00e9 Francisco Pe\u00f1a G\u00f3mez, a quien ya conoc\u00eda desde sus a\u00f1os como estudiante en el Instituto Polit\u00e9cnico Loyola, se\u00f1al\u00f3 que a su lado, tuvo la oportunidad de hacer vida partidaria y agudizar mi visi\u00f3n pol\u00edtica, viajar por todo el pa\u00eds en tareas organizativas, visitar numerosos pa\u00edses ubicados en diferentes latitudes, participar en eventos donde se debat\u00edan ideas y paradigmas sobre la democracia, y nutrirme de las ideas suyas y de muchos otros l\u00edderes de renombre internacional. <\/span><\/p>\n<p><span class=\"text1noticias\"> <\/span><\/p>\n<p><span class=\"text1noticias\">Destac\u00f3 que en el pa\u00eds no es bien conocido el inter\u00e9s que el doctor Pe\u00f1a G\u00f3mez ten\u00eda por el mundo rural, especialmente por los temas vinculados al medio ambiente y los recursos naturales. \u00abLo cierto es que \u00e9l estudi\u00f3 esos temas, y aprendi\u00f3 de lo que observ\u00f3 en los pa\u00edses visitados, particularmente en Europa y Asia\u00bb,dijo. <\/span><\/p>\n<p><span class=\"text1noticias\"> <\/span><\/p>\n<p><span class=\"text1noticias\">Insisti\u00f3 en la necesidad del fortalecimiento de la institucionalidad del Estado como forme de afianzar el proceso de desarrollo pleno de la Rep\u00fablica. <\/span><\/p>\n<p><span class=\"text1noticias\"> <\/span><\/p>\n<p><span class=\"text1noticias\">\u00abEn mi opini\u00f3n, dijo, cada presidente de la rep\u00fablica tiene el derecho a cultivar su estilo propio de relacionarse con el mundo rural. Pero es deseable, sin embargo, que al hacerlo no se vulnere la capacidad de las instituciones para cumplir sus roles respectivos. Los gobernantes pasan, las instituciones quedan\u00bb.<\/span><\/p>\n<p><span class=\"text1noticias\">  <\/span><\/p>\n<p><span class=\"text1noticias\">A\u00f1adi\u00f3: \u00abTambi\u00e9n quiero destacar la impostergable necesidad de fortalecer la capacitaci\u00f3n de una nueva generaci\u00f3n de profesionales agr\u00edcolas, cuya formaci\u00f3n debe estar acorde con los nuevos tiempos fuertemente marcados por la tecnolog\u00eda y la comunicaci\u00f3n. Solo si tenemos recursos humanos capacitados podremos robustecer la agropecuaria dominicana\u00bb. <\/span><\/p>\n<\/p>\n<p><span class=\"text1noticias\">Fuente: Andres Matos<\/span><\/p>\n<\/p>\n<\/p>\n<p><span class=\"text1noticias\">A continuaci\u00f3n, el texto \u00edntegro del discurso del exmandatario Hip\u00f3lito Mej\u00eda. <\/span><\/p>\n<p><span class=\"text1noticias\"> <\/span><\/p>\n<p><span class=\"text1noticias\">Hip\u00f3lito Mej\u00eda Dom\u00ednguez<\/span><\/p>\n<p><span class=\"text1noticias\"> <\/span><\/p>\n<p><span class=\"text1noticias\">Expresidente de la Rep\u00fablica Dominicana <\/span><\/p>\n<p><span class=\"text1noticias\"> <\/span><\/p>\n<p><span class=\"text1noticias\">Santo Domingo, D.N<\/span><\/p>\n<p><span class=\"text1noticias\">26 de noviembre de 2020<\/span><\/p>\n<p><span class=\"text1noticias\"> <\/span><\/p>\n<p><span class=\"text1noticias\">  <\/span><\/p>\n<p><span class=\"text1noticias\">Mis Aportes al Mundo Rural Dominicano <\/span><\/p>\n<p><span class=\"text1noticias\"> <\/span><\/p>\n<p><span class=\"text1noticias\">Discurso pronunciado en ocasi\u00f3n de recibir un reconocimiento por sus aportes a la agropecuaria nacional de parte del Senado de la Rep\u00fablica <\/span><\/p>\n<p><span class=\"text1noticias\"> <\/span><\/p>\n<p><span class=\"text1noticias\"> <\/span><\/p>\n<p><span class=\"text1noticias\">Excelent\u00edsimo Se\u00f1or Presidente de la Rep\u00fablica<\/span><\/p>\n<p><span class=\"text1noticias\">Luis Abinader<\/span><\/p>\n<p><span class=\"text1noticias\">  <\/span><\/p>\n<p><span class=\"text1noticias\">Honorable Se\u00f1or Eduardo Estrella <\/span><\/p>\n<p><span class=\"text1noticias\">Presidente del Senado de la Rep\u00fablica <\/span><\/p>\n<p><span class=\"text1noticias\"> <\/span><\/p>\n<p><span class=\"text1noticias\">Honorable Se\u00f1or Alfredo Pacheco<\/span><\/p>\n<p><span class=\"text1noticias\"> <\/span><\/p>\n<p><span class=\"text1noticias\">Presidente de la C\u00e1mara de Diputados<\/span><\/p>\n<p><span class=\"text1noticias\"> <\/span><\/p>\n<p><span class=\"text1noticias\"> <\/span><\/p>\n<p><span class=\"text1noticias\"> <\/span><\/p>\n<p><span class=\"text1noticias\">Estimados Senadores Santiago Zorrilla y Adriano S\u00e1nchez Roa, Proponentes del reconocimiento que hoy se me otorga<\/span><\/p>\n<p><span class=\"text1noticias\"> <\/span><\/p>\n<p><span class=\"text1noticias\"> <\/span><\/p>\n<p><span class=\"text1noticias\"> <\/span><\/p>\n<p><span class=\"text1noticias\">Honorables Senadores de la Rep\u00fablica<\/span><\/p>\n<p><span class=\"text1noticias\"> <\/span><\/p>\n<p><span class=\"text1noticias\"> <\/span><\/p>\n<p><span class=\"text1noticias\"> <\/span><\/p>\n<p><span class=\"text1noticias\">Honorable Se\u00f1ora Carolina Mej\u00eda G\u00f3mez<\/span><\/p>\n<p><span class=\"text1noticias\"> <\/span><\/p>\n<p><span class=\"text1noticias\">Alcaldesa del Distrito Nacional<\/span><\/p>\n<p><span class=\"text1noticias\"> <\/span><\/p>\n<p><span class=\"text1noticias\"> <\/span><\/p>\n<p><span class=\"text1noticias\"> <\/span><\/p>\n<p><span class=\"text1noticias\">Se\u00f1ores funcionarios de la naci\u00f3n que hoy nos acompa\u00f1an<\/span><\/p>\n<p><span class=\"text1noticias\"> <\/span><\/p>\n<p><span class=\"text1noticias\"> <\/span><\/p>\n<p><span class=\"text1noticias\"> <\/span><\/p>\n<p><span class=\"text1noticias\">Do\u00f1a Rosa G\u00f3mez de Mej\u00eda<\/span><\/p>\n<p><span class=\"text1noticias\"> <\/span><\/p>\n<p><span class=\"text1noticias\"> <\/span><\/p>\n<p><span class=\"text1noticias\"> <\/span><\/p>\n<p><span class=\"text1noticias\">Amigas y amigos todos:<\/span><\/p>\n<p><span class=\"text1noticias\"> <\/span><\/p>\n<p><span class=\"text1noticias\"> <\/span><\/p>\n<p><span class=\"text1noticias\"> <\/span><\/p>\n<p><span class=\"text1noticias\"> <\/span><\/p>\n<p><span class=\"text1noticias\"> <\/span><\/p>\n<p><span class=\"text1noticias\">Hace veinte, a\u00f1os acud\u00ed a este solemne escenario a prestar juramento como Presidente Constitucional de la Rep\u00fablica Dominicana.<\/span><\/p>\n<p><span class=\"text1noticias\"> <\/span><\/p>\n<p><span class=\"text1noticias\"> <\/span><\/p>\n<p><span class=\"text1noticias\"> <\/span><\/p>\n<p><span class=\"text1noticias\">Ese d\u00eda hice el juramento de \u00abcumplir y hacer cumplir la Constituci\u00f3n y las leyes de la Rep\u00fablica, proteger y defender su independencia, respetar los derechos y las libertades de los ciudadanos y ciudadanas, y cumplir fielmente los deberes de mi cargo\u00bb.<\/span><\/p>\n<p><span class=\"text1noticias\"> <\/span><\/p>\n<p><span class=\"text1noticias\"> <\/span><\/p>\n<p><span class=\"text1noticias\"> <\/span><\/p>\n<p><span class=\"text1noticias\">Tengo la satisfacci\u00f3n de haber cumplido con ese juramento que hice ante Dios y el pueblo dominicano.<\/span><\/p>\n<p><span class=\"text1noticias\"> <\/span><\/p>\n<p><span class=\"text1noticias\"> <\/span><\/p>\n<p><span class=\"text1noticias\"> <\/span><\/p>\n<p><span class=\"text1noticias\">Hoy, acudo a este mismo escenario para recibir y agradecer el generoso reconocimiento que se me hace por los aportes que, a juicio de este honorable Senado, he realizado a favor de los profesionales agr\u00edcolas, la agropecuaria de la naci\u00f3n y, consecuentemente, del progreso social y econ\u00f3mico de nuestra sociedad.<\/span><\/p>\n<p><span class=\"text1noticias\"> <\/span><\/p>\n<p><span class=\"text1noticias\"> <\/span><\/p>\n<p><span class=\"text1noticias\"> <\/span><\/p>\n<p><span class=\"text1noticias\">Asimismo, voy a referirme, brevemente, a algunos aspectos de mi aporte a la sociedad como expresidente de la rep\u00fablica.<\/span><\/p>\n<p><span class=\"text1noticias\"> <\/span><\/p>\n<p><span class=\"text1noticias\"> <\/span><\/p>\n<p><span class=\"text1noticias\"> <\/span><\/p>\n<p><span class=\"text1noticias\">Agradezco al senador Santiago Zorrilla la ilustrativa exposici\u00f3n que ha hecho sobre mi relaci\u00f3n con el mundo rural dominicano durante pr\u00e1cticamente toda mi existencia, empezando por mis primeros pasos en el seno de una familia campesina en mi querido Gurabo.<\/span><\/p>\n<p><span class=\"text1noticias\"> <\/span><\/p>\n<p><span class=\"text1noticias\"> <\/span><\/p>\n<p><span class=\"text1noticias\"> <\/span><\/p>\n<p><span class=\"text1noticias\">Fue justamente en ese mundo rural, en el que nac\u00ed y crec\u00ed, que aprend\u00ed e hice m\u00edos muchos de los valores que han dado sustento \u00e9tico a la trayectoria de vida que se reconoce en esta ceremonia.<\/span><\/p>\n<p><span class=\"text1noticias\"> <\/span><\/p>\n<p><span class=\"text1noticias\"> <\/span><\/p>\n<p><span class=\"text1noticias\"> <\/span><\/p>\n<p><span class=\"text1noticias\">As\u00ed como valoro mis ra\u00edces campesinas, no me canso de repetir, con mucho orgullo, el lugar destacado que han tenido en mi vida la educaci\u00f3n profesional y la formaci\u00f3n en valores que recib\u00ed de los jesuitas en el Instituto Polit\u00e9cnico Loyola.<\/span><\/p>\n<p><span class=\"text1noticias\"> <\/span><\/p>\n<p><span class=\"text1noticias\"> <\/span><\/p>\n<p><span class=\"text1noticias\"> <\/span><\/p>\n<p><span class=\"text1noticias\">Fueron esas ense\u00f1anzas las que contribuyeron a definir lo que significa ser leal, solidario, honrado, tolerante, veraz y justo.<\/span><\/p>\n<p><span class=\"text1noticias\"> <\/span><\/p>\n<p><span class=\"text1noticias\"> <\/span><\/p>\n<p><span class=\"text1noticias\"> <\/span><\/p>\n<p><span class=\"text1noticias\">Mi amor por el trabajo y por el mundo rural se sustentan en esos valores.<\/span><\/p>\n<p><span class=\"text1noticias\"> <\/span><\/p>\n<p><span class=\"text1noticias\"> <\/span><\/p>\n<p><span class=\"text1noticias\"> <\/span><\/p>\n<p><span class=\"text1noticias\">Quiero ahora referirme a mi relaci\u00f3n con la vida gremial y laboral de los profesionales agr\u00edcolas dominicano, a fin de ilustrar una de las dimensiones del reconocimiento que hoy se me otorga.<\/span><\/p>\n<p><span class=\"text1noticias\"> <\/span><\/p>\n<p><span class=\"text1noticias\"> <\/span><\/p>\n<p><span class=\"text1noticias\"> <\/span><\/p>\n<p><span class=\"text1noticias\">Hace ya cincuenta a\u00f1os, en octubre del a\u00f1o 1970 para ser exactos, un reducido grupo de profesionales agr\u00edcolas decidi\u00f3 constit<\/span>uir la Asociaci\u00f3n Nacional de Profesionales Agr\u00edcolas, conocida como la ANPA.<\/p>\n<\/p>\n<\/p>\n<p>Desde sus inicios, la ANPA trabaj\u00f3 con entusiasmo y firmeza en procurar mejores condiciones laborales para sus integrantes, que en su mayor\u00eda prestaba servicios en el sector p\u00fablico.<\/p>\n<\/p>\n<\/p>\n<p>Tambi\u00e9n formaba parte de su agenda la celebraci\u00f3n de jornadas para facilitar el intercambio de informaci\u00f3n e ideas sobre temas relevantes de sector agropecuario, particularmente la investigaci\u00f3n como instrumento clave para incrementar la productividad, la rentabilidad y la eficiencia.<\/p>\n<\/p>\n<\/p>\n<p>Al ser elegido presidente de ese gremio en el a\u00f1o 1971, defin\u00ed como prioritario el asegurar que no hubiera agr\u00f3nomos desempleados, que recibieran salarios justos, y que se respetara su derecho a tener militancia en cualquier partido pol\u00edtico.<\/p>\n<\/p>\n<\/p>\n<p>Recordemos que en esa \u00e9poca el pa\u00eds no disfrutaba de la calidad de la democracia que hoy tenemos. De hecho, la mayor\u00eda de los agr\u00f3nomos disent\u00eda de la ideolog\u00eda del partido gobernante y del presidente de la rep\u00fablica, el doctor Joaqu\u00edn Balaguer.<\/p>\n<\/p>\n<\/p>\n<p>En ese contexto, la solidaridad con mis colegas era innegociable, como lo es hoy. Por esa raz\u00f3n, trabajamos sin descanso organizando la ANPA en todo el territorio nacional.<\/p>\n<\/p>\n<\/p>\n<p>En ese esfuerzo, siempre procuramos el di\u00e1logo franco y el consenso con los funcionarios que dirig\u00edan las instituciones p\u00fablicas del sector agropecuario. Como resultado, nuestro gremio creci\u00f3 y se fortaleci\u00f3.<\/p>\n<\/p>\n<\/p>\n<p>Esa misma actitud de solidaridad, lealtad y tolerancia caracteriz\u00f3 la gesti\u00f3n que encabec\u00e9 como Secretario de Estado de Agricultura durante el per\u00edodo 1978-1982.<\/p>\n<\/p>\n<\/p>\n<p>En efecto, digo con especial satisfacci\u00f3n que en mi gesti\u00f3n se abrieron las puertas de la SEA a todos los profesionales agr\u00edcolas, independientemente de su militancia pol\u00edtica.<\/p>\n<\/p>\n<\/p>\n<p>El sectarismo no tuvo lugar en nuestra administraci\u00f3n. Trabajamos con los que valoraban el trabajo, con los que practicaban la honradez, con los m\u00e1s competentes, y con los que amaban al campo.<\/p>\n<\/p>\n<\/p>\n<p>Y lo hicimos como un equipo. Por eso tuvimos \u00e9xito en la misi\u00f3n de transformar el sector agropecuario. Ese sentido de equipo nos permiti\u00f3 superar retos tan tremendos como el cicl\u00f3n David, la tormenta Federico, y la fiebre porcina africana que sacudieron los cimientos de la agropecuaria nacional.<\/p>\n<\/p>\n<\/p>\n<p>No me corresponde a mi en esta ocasi\u00f3n desglosar los logros de la gesti\u00f3n que encabec\u00e9 como secretario de estado de agricultura. Ya quien me antecedi\u00f3 en el uso de la palabra present\u00f3 las l\u00edneas generales del trabajo realizado en esos intensos y cuatro a\u00f1os.<\/p>\n<\/p>\n<\/p>\n<p>Lo que s\u00ed quiero compartir con ustedes es el lugar que en esa extraordinaria e inolvidable vivencia jugaron los valores \u00e9ticos, as\u00ed como algunas de las lecciones y ense\u00f1anzas aprendidas.<\/p>\n<\/p>\n<\/p>\n<p>Para empezar, mi designaci\u00f3n en ese cargo ocurri\u00f3 como resultado de mi relaci\u00f3n personal con el presidente Silvestre Antonio Guzm\u00e1n Fern\u00e1ndez. Ese v\u00ednculo, que era pr\u00e1cticamente familiar, se fortaleci\u00f3 con la amistad que cultiv\u00e9 con Iv\u00e1n Guzm\u00e1n, el brillante profesional agr\u00edcola hijo de don Antonio.<\/p>\n<\/p>\n<\/p>\n<p>Por esa raz\u00f3n, mis acciones como secretario de estado siempre estuvieron mediadas por el sentimiento de lealtad con el presidente, a quien consideraba mi padre afectivo. Esa lealtad, que era rec\u00edproca, me obligaba a decirle la verdad, trabajar con dedicaci\u00f3n, y velar por la pulcritud en el uso de los recursos y la libertad de acci\u00f3n que recib\u00ed.<\/p>\n<\/p>\n<\/p>\n<p>Nunca abus\u00e9 de esa posici\u00f3n privilegiada en el gabinete. Al contrario, la utilic\u00e9 para consolidar y coordinar todas las instituciones p\u00fablicas del sector agropecuario, elaborar planes y proyectos coherentes y factibles, y apoyar la agropecuaria con los recursos humanos y financieros necesarios para su desarrollo.<\/p>\n<\/p>\n<\/p>\n<p>Entend\u00ed que, para tener \u00e9xito, el recurso humano m\u00e1s valioso eran los profesionales, especialmente los agr\u00f3nomos y veterinarios. Por eso, apegado al principio de la justicia, entend\u00ed que, para poder exigir a mis colegas su entrega al trabajo, era necesario mejorar sus condiciones laborales.<\/p>\n<\/p>\n<\/p>\n<p>Consecuentemente, hicimos todo lo posible por mejorar los salarios, el transporte, los lugares de trabajo, y la disponibilidad de equipos y maquinarias para hacer un buen trabajo.<\/p>\n<\/p>\n<\/p>\n<p>De mi paso por la secretar\u00eda de agricultura aprend\u00ed muchas lecciones, tales como:<\/p>\n<\/p>\n<\/p>\n<p>En primer lugar, es necesario fortalecer las instituciones, trabajar en equipo, crear consenso, as\u00ed como elaborar planes y proyectos de mediano y largo plazo que respondan a una estrategia coherente.<\/p>\n<\/p>\n<\/p>\n<p>En segundo lugar, es imperativo tener recursos humanos calificados en lo profesional y con integridad \u00e9tica.<\/p>\n<\/p>\n<\/p>\n<p>Esos servidores p\u00fablicos deben sentir que las instituciones reconocen su trabajo, especialmente en lo relacionado con los salarios, las condiciones laborales, y los recursos financieros y materiales para hacer cumplir con sus responsabilidades.<\/p>\n<\/p>\n<\/p>\n<p>En tercer lugar, debemos aplicar la descentralizaci\u00f3n en t\u00e9rminos territoriales. Esa fue una pieza clave de mi gesti\u00f3n como secretario de estado.<\/p>\n<\/p>\n<\/p>\n<p>En efecto, cada direcci\u00f3n regional ten\u00eda un plan regional vinculado al plan nacional de todo el sector agropecuario.<\/p>\n<\/p>\n<\/p>\n<p>Nosotros nos aseguramos que los recursos financieros llegaran a las regionales. Ten\u00edamos controles financieros para asegurar la pulcritud. Los profesionales agr\u00edcolas dieron muestras claras de honestidad y voluntad de trabajo, con la fuerza del idealismo propio de esa \u00e9poca.<\/p>\n<\/p>\n<\/p>\n<p>En cuarto lugar, y esto es particularmente relevante para el sector agropecuario de entonces y de hoy, debemos apoyar las organizaciones campesinas, gremiales, y empresariales que existen en el mundo rural.<\/p>\n<\/p>\n<\/p>\n<p>De hecho, esas organizaciones participaron con voz propia en los consejos regionales de desarrollo. Esa tambi\u00e9n fue una pieza clave de nuestra gesti\u00f3n.<\/p>\n<\/p>\n<\/p>\n<p>Por \u00faltimo, los incumbentes deben predicar con el ejemplo, especialmente en lo referente a la probidad en el manejo de los recursos p\u00fablicos, en la dedicaci\u00f3n al trabajo, y en el respeto a la dignidad de sus subalternos.<\/p>\n<\/p>\n<\/p>\n<p>Quiero ahora referirme a la tercera dimensi\u00f3n de este reconocimiento, es decir, los aportes que hizo el gobierno que presid\u00ed a la agropecuaria dominicana.<\/p>\n<\/p>\n<\/p>\n<p>Durante los diez y ocho a\u00f1os transcurridos entre 1982 y mi ascensi\u00f3n a la presidencia de la rep\u00fablica en el a\u00f1o 2000, mi v\u00ednculo con la agropecuaria nacional lo mantuve en mi calidad de empresario y productor agropecuario.<\/p>\n<\/p>\n<\/p>\n<p>Durante esos a\u00f1os, constru\u00ed v\u00ednculos s\u00f3lidos e imperecederos con uno de los seres humanos m\u00e1s excepcionales que he conocido y admirado.<\/p>\n<\/p>\n<\/p>\n<p>Me refiero, por supuesto, al querid\u00edsimo compa\u00f1ero y amigo doctor Jos\u00e9 Francisco Pe\u00f1a G\u00f3mez, a quien ya conoc\u00eda desde mis a\u00f1os como estudiante en el Instituto Polit\u00e9cnico Loyola.<\/p>\n<\/p>\n<\/p>\n<p>A su lado, tuve la oportunidad de hacer vida partidaria y agudizar mi visi\u00f3n pol\u00edtica, viajar por todo el pa\u00eds en tareas organizativas, visitar numerosos pa\u00edses ubicados en diferentes latitudes, participar en eventos donde se debat\u00edan ideas y paradigmas sobre la democracia, y nutrirme de las ideas suyas y de muchos otros l\u00edderes de renombre internacional.<\/p>\n<\/p>\n<\/p>\n<p>No es bien conocido el inter\u00e9s que el doctor Pe\u00f1a G\u00f3mez ten\u00eda por el mundo rural, especialmente por los temas vinculados al medio ambiente y los recursos naturales. Lo cierto es que \u00e9l estudi\u00f3 esos temas, y aprendi\u00f3 de lo que observ\u00f3 en los pa\u00edses visitados, particularmente en Europa y Asia.<\/p>\n<\/p>\n<\/p>\n<p>Ese aprendizaje pol\u00edtico junto al doctor Pe\u00f1a G\u00f3mez, combinado con lo aprendido en mi calidad de empresario y productor, sirvieron para ampliar y madurar mi visi\u00f3n integral del desarrollo agropecuario dominicano en el contexto de la globalizaci\u00f3n.<\/p>\n<\/p>\n<\/p>\n<p>De manera particular, esas vivencias me ayudaron a comprender la relaci\u00f3n estrecha que existe entre el bienestar de los habitantes rurales y la reducci\u00f3n de la pobreza en todo el pa\u00eds.<\/p>\n<\/p>\n<\/p>\n<p>Un elemento central de esa visi\u00f3n era y sigue siendo la necesidad de potenciar la productividad agropecuaria nacional a partir de la innovaci\u00f3n, la protecci\u00f3n y el cuidado del medio ambiente y los recursos naturales, la capacitaci\u00f3n de todos los actores de esa actividad, el incremento y la diversificaci\u00f3n de las exportaciones, y la b\u00fasqueda de la eficiencia y la rentabilidad.<\/p>\n<\/p>\n<\/p>\n<p>Por todo lo anterior, al juramentarme como Presidente Constitucional de la Rep\u00fablica el 16 de agosto del 2000, lo hice con una visi\u00f3n y una estrategia claras y coherentes sobre el mundo rural dominicano.<\/p>\n<\/p>\n<\/p>\n<p>Perm\u00edtanme citar lo que dije al respecto en mi discurso de ese d\u00eda. Cito:<\/p>\n<\/p>\n<\/p>\n<p>\u00abHar\u00e9 todo el esfuerzo necesario para alcanzar la seguridad alimentaria de la poblaci\u00f3n, y en ese sentido modernizaremos las estructuras econ\u00f3micas del pa\u00eds, cambiaremos nuestro potencial productivo con obras de infraestructura que nos permitir\u00e1n ampliar nuestra frontera agr\u00edcola\u00bb.<\/p>\n<\/p>\n<\/p>\n<p>\u00abReordenaremos el sistema nacional de investigaci\u00f3n, dinamizaremos la oferta crediticia, crearemos una cultura exportadora\u00bb.<\/p>\n<\/p>\n<\/p>\n<p>\u00abEl impulso al desarrollo agropecuario marchar\u00e1 de la mano de un componente indispensable que asumimos con todas sus consecuencias: la rentabilidad de la noble actividad de producir alimentos\u00bb. Fin de la cita.<\/p>\n<\/p>\n<\/p>\n<p>Obviamente, desde la presidencia no pod\u00edamos ver la agropecuaria aislada de los otros sectores productivos. En los hechos, sectores como el turismo, las zonas francas y la miner\u00eda ya mostraban un dinamismo extraordinario.<\/p>\n<\/p>\n<\/p>\n<p>Consecuentemente, est\u00e1bamos compelidos a definir pol\u00edticas p\u00fablicas que sirvieran para articular el sector primario con los dem\u00e1s sectores productivos, incluyendo el emergente sector de la tecnolog\u00eda y las comunicaciones de ese entonces.<\/p>\n<\/p>\n<\/p>\n<p>M\u00e1s a\u00fan, era imperativo vincular el desarrollo agropecuario con la reducci\u00f3n de la pobreza tanto a nivel rural como urbano.<\/p>\n<\/p>\n<\/p>\n<p>Est\u00e1bamos convencidos, como lo estamos hoy, que la pobreza urbana se gesta en la pobreza rural que expulsa a quienes no encuentran en su lugar de origen las oportunidades necesarias para mejorar sus vidas.<\/p>\n<\/p>\n<\/p>\n<p>Fue justamente a partir de esa visi\u00f3n de la desigualdad territorial que apoyamos sin reservas los ayuntamientos.<\/p>\n<\/p>\n<\/p>\n<p>En los hechos, decenas de distritos municipales tienen en la agropecuaria su principal actividad econ\u00f3mica.<\/p>\n<\/p>\n<\/p>\n<p>Los que conocemos ese mundo sabemos que, con frecuencia, se pierden productos agr\u00edcolas por la falta de una maquinaria para reparar un camino vecinal. Eso no pod\u00edamos aceptarlo pasivamente.<\/p>\n<\/p>\n<\/p>\n<p>En cuanto al funcionamiento de las instituciones p\u00fablicas del sector agropecuario, durante mi presidencia continu\u00e9 la pr\u00e1ctica que tuvo \u00e9xito durante mi gesti\u00f3n como secretario de agricultura. Es decir, respet\u00e9 a sus incumbentes y los apoy\u00e9 todo lo necesario.<\/p>\n<\/p>\n<\/p>\n<p>Por eso, el financiamiento fluy\u00f3 hacia los productores. Lo mismo ocurri\u00f3 con la comercializaci\u00f3n agr\u00edcola, que tuvo en el Instituto de Estabilizaci\u00f3n de Precios (INESPRE) un aliado efectivo para beneficio de los productores y de los consumidores.<\/p>\n<\/p>\n<\/p>\n<p>Las instituciones responsables del riego agr\u00edcola hicieron un magn\u00edfico trabajo. Se hicieron esfuerzos notables a favor de los parceleros de los proyectos agrarios.<\/p>\n<\/p>\n<\/p>\n<p>Un aporte notable del Ministerio de Agricultura fue implementar un plan de agricultura en invernaderos, con excelentes resultados.<\/p>\n<\/p>\n<\/p>\n<p>Una iniciativa trascendente que tomamos fue la creaci\u00f3n del Ministerio de Medio Ambiente y Recursos Naturales, instituci\u00f3n que sent\u00f3 las bases para enfrentar hoy los desaf\u00edos derivados del cambio clim\u00e1tico y la degradaci\u00f3n de nuestras costas, r\u00edos y bosques.<\/p>\n<\/p>\n<\/p>\n<p>Quiero insistir sobre el tema del fortalecimiento institucional.<\/p>\n<\/p>\n<\/p>\n<p>En mi opini\u00f3n, cada presidente de la rep\u00fablica tiene el derecho a cultivar su estilo propio de relacionarse con el mundo rural. Pero es deseable, sin embargo, que al hacerlo no se vulnere la capacidad de las instituciones para cumplir sus roles respectivos. Los gobernantes pasan, las instituciones quedan.<\/p>\n<\/p>\n<\/p>\n<p>Tambi\u00e9n quiero destacar la impostergable necesidad de fortalecer la capacitaci\u00f3n de una nueva generaci\u00f3n de profesionales agr\u00edcolas, cuya formaci\u00f3n debe estar acorde con los nuevos tiempos fuertemente marcados por la tecnolog\u00eda y la comunicaci\u00f3n. Solo si tenemos recursos humanos capacitados podremos robustecer la agropecuaria dominicana.<\/p>\n<\/p>\n<\/p>\n<p>Se\u00f1oras y se\u00f1ores:<\/p>\n<\/p>\n<\/p>\n<p>Al t\u00e9rmino de mi mandato presidencial, en un claro recordatorio de lo ocurrido cuando concluy\u00f3 mi gesti\u00f3n como secretario de estado de agricultura, sent\u00ed que hab\u00eda honrado mi compromiso con la agropecuaria nacional.<\/p>\n<\/p>\n<\/p>\n<p>De manera particular, en ambas ocasiones sent\u00ed que hab\u00eda dado lo mejor de mi para mejorar las condiciones de vida de los pobladores rurales y de los profesionales agr\u00edcolas.<\/p>\n<\/p>\n<\/p>\n<p>Amigas y amigos:<\/p>\n<\/p>\n<\/p>\n<p>Por \u00faltimo, quiero referirme brevemente a algunos aportes que, como expresidente de la rep\u00fablica, he intentado hacer durante los \u00faltimos dieciseis a\u00f1os, a fin de consolidar nuestra democracia y fortalecer el sentido de ciudadan\u00eda.<\/p>\n<\/p>\n<\/p>\n<p>En primer lugar, coherente con mi trayectoria de hombre p\u00fablico, he hecho todo lo necesario para enriquecer la pr\u00e1ctica del libre debate de las ideas, a fin de lograr un consenso que sirva para construir la democracia plena en nuestro pa\u00eds.<\/p>\n<\/p>\n<\/p>\n<p>Ese debate debe estar acompa\u00f1ado de la toma de decisiones de manera colectiva a fin de propiciar la participaci\u00f3n de todos los sectores involucrados.<\/p>\n<\/p>\n<\/p>\n<p>Consecuentemente, en diferentes escenarios, dentro y fuera del pa\u00eds, he planteado que para construir esa democracia es necesario garantizar iguales oportunidades a todos los ciudadanos y ciudadanas, as\u00ed como procurar el desarrollo humano, especialmente en lo relacionado con la educaci\u00f3n, la salud, la alimentaci\u00f3n, la vivienda y el empleo.<\/p>\n<\/p>\n<\/p>\n<p>En segundo lugar, a fin de fortalecer nuestra democracia, he sabido respetar, con valent\u00eda y pragmatismo, el resultado de los procesos electorales en que he participado, tanto a lo interno de la instancia partidaria como en las elecciones generales.<\/p>\n<\/p>\n<\/p>\n<p>M\u00e1s a\u00fan, con esa actitud he puesto en pr\u00e1ctica mi convicci\u00f3n de que, no solo es importante saber reconocer los resultados favorables o desfavorables de los procesos electorales, sino que tambi\u00e9n es fundamental integrarse a la tarea de trabajar por el bien com\u00fan.<\/p>\n<\/p>\n<\/p>\n<p>Quiero destacar el hecho de haber tomado la decisi\u00f3n, junto a muchos prestigiosos compa\u00f1eros, de construir el Partido Revolucionario Moderno como un instrumento a favor de la democracia.<\/p>\n<\/p>\n<\/p>\n<p>Evidencia de la justeza de esa decisi\u00f3n lo constituye el hecho de que, en apenas seis a\u00f1os desde su fundaci\u00f3n, nuestro partido recibi\u00f3 el apoyo de la mayor\u00eda de la poblaci\u00f3n para hacer realidad su aspiraci\u00f3n de vivir en una democracia, inclusiva, justa y transparente.<\/p>\n<\/p>\n<\/p>\n<p>Ahora, cuando ya hemos llegado al gobierno, encabezado por el compa\u00f1ero Luis Abinader, tengo renovadas razones para continuar ofreciendo mis modestos aportes a favor del pa\u00eds.<\/p>\n<\/p>\n<\/p>\n<p>Seguir\u00e9 promoviendo el di\u00e1logo y el consenso, dentro y fuera del partido. De manera relevante, seguir\u00e9 haciendo todo lo necesario para fortalecer el desarrollo agropecuario nacional.<\/p>\n<\/p>\n<\/p>\n<p>Soy consciente de que el mundo rural de hoy es sustancialmente distinto al de hace veinte a\u00f1os. M\u00e1s a\u00fan, no ignoro que el aporte de la agricultura al Producto Bruto Interno (PIB) es proporcionalmente menor al de otros sectores productivos.<\/p>\n<\/p>\n<\/p>\n<p>No obstante, la agricultura es y continuar\u00e1 siendo un componente fundamental de la vida econ\u00f3mica y social del pa\u00eds.<\/p>\n<\/p>\n<\/p>\n<p>Es ah\u00ed donde est\u00e1 la principal garant\u00eda de nuestra seguridad alimentaria. Es ah\u00ed donde tambi\u00e9n est\u00e1 la posibilidad de proveer los bienes alimenticios que demanda la industria tur\u00edstica dominicana.<\/p>\n<\/p>\n<\/p>\n<p>Entiendo que el trabajo que tenemos que realizar no consiste solamente en hacer de nuestra agricultura una actividad rentable, que aumente las exportaciones, incremente la generaci\u00f3n de divisas, y asegure nuestra seguridad alimentaria.<\/p>\n<\/p>\n<\/p>\n<p>Tambi\u00e9n tenemos que trabajar, juntos, para que esa noble actividad contribuya a dignificar la vida de los hombres y las mujeres del campo dominicano.<\/p>\n<\/p>\n<\/p>\n<p>Tambi\u00e9n necesitamos planes y proyectos que favorezcan el cultivo de rubros de alta demanda en el mercado, tales como cacao, tabaco, ca\u00f1a de az\u00facar, frutales, vegetales, y v\u00edveres, entre otros. La promoci\u00f3n de la agricultura en la modalidad de invernaderos es una opci\u00f3n beneficiosa, especialmente para la siembra de vegetales.<\/p>\n<\/p>\n<\/p>\n<p>Obviamente, para que esas iniciativas sean exitosas, estamos compelidos a fortalecer la investigaci\u00f3n, la capacitaci\u00f3n y la sanidad vegetal la sanidad animal.<\/p>\n<\/p>\n<\/p>\n<p>Por \u00faltimo, me siento en el deber de sugerir que veamos al mundo rural dominicano como un espacio donde nos conviene potenciar actividades productivas m\u00e1s all\u00e1 de la producci\u00f3n de bienes alimenticios.<\/p>\n<\/p>\n<\/p>\n<p>Ya tenemos el ejemplo del turismo, cuyas principales instalaciones est\u00e1n ubicadas en zonas que antes eran formalmente rurales, y que es una actividad vital para la econom\u00eda nacional. Promover el turismo ecol\u00f3gico, respetuoso del medio ambiente, es una tarea inaplazable que puede mejorar la vida en las zonas rurales.<\/p>\n<\/p>\n<\/p>\n<p>Algo similar podr\u00eda ocurrir con la explotaci\u00f3n minera responsable, como ocurre en muchos otros pa\u00edses. En los hechos, hoy la industria minera est\u00e1 haciendo un aporte sustancial a la generaci\u00f3n de divisas.<\/p>\n<\/p>\n<\/p>\n<p>No ignoro que este es un tema sensible. Pero tampoco ignoro que este es un buen momento para sentarnos a trabajar, juntos, para buscar modelos de explotaci\u00f3n minera que aporten beneficios econ\u00f3micos y sociales, son arriesgar la sostenibilidad del medioambiente y los recursos naturales.<\/p>\n<\/p>\n<\/p>\n<p>Por esa raz\u00f3n quiero compartir brevemente con ustedes los resultados de la pol\u00edtica minera iniciada en mi gesti\u00f3n, as\u00ed como, enunciar el potencial de esa industria en el pa\u00eds para los pr\u00f3ximos veinte a\u00f1os.<\/p>\n<\/p>\n<\/p>\n<p>Para empezar, en los primeros d\u00edas de mi gobierno firm\u00e9 un Decreto estableciendo que la miner\u00eda era un sector de mucha importancia para el desarrollo econ\u00f3mico del pa\u00eds, y que esa actividad pod\u00eda ser realizada con respeto al medioambiente y dentro del marco del desarrollo sustentable.<\/p>\n<\/p>\n<\/p>\n<p>Para explicar mi punto de vista, voy a utilizar como ejemplos ilustrativos lo ocurrido en los \u00faltimos veinte a\u00f1os en la mina de oro de pueblo viejo, y en la mina conocida como CORMIDOM, situada en Maim\u00f3n, ambas ubicadas en la provincia S\u00e1nchez Ram\u00edrez.<\/p>\n<\/p>\n<\/p>\n<p>En primer lugar, propiciamos un relanzamiento del sector minero, con el prop\u00f3sito de atraer la inversi\u00f3n privada requerida, e incrementar la participaci\u00f3n del sector minero en el PIB del 0.54 porciento en el a\u00f1o 2000, al 2.4 porciento para el a\u00f1o 2008, con una proyecci\u00f3n al 5.0 porciento para el a\u00f1o 2024.<\/p>\n<\/p>\n<\/p>\n<p>Ese relanzamiento tuvo como su componente m\u00e1s relevante la recuperaci\u00f3n ambiental y el financiamiento de la mina de oro de Pueblo Viejo, en Cotu\u00ed, as\u00ed como la creaci\u00f3n del marco jur\u00eddico indispensable para garantizar la seguridad jur\u00eddica de esas inversiones, as\u00ed como establecer las reglas para la implementaci\u00f3n de una miner\u00eda ambientalmente responsable.<\/p>\n<\/p>\n<\/p>\n<p>Las acciones antes mencionadas han dado como resultado una considerable inversi\u00f3n de capital en proyectos mineros en diversos puntos de la geograf\u00eda nacional, entre las cuales, al a\u00f1o 2020, se destaca la mina de oro de Pueblo Viejo, en la cual se ha realizado una inversi\u00f3n de capital de unos cinco mil seiscientos millones de d\u00f3lares, con un aporte en impuestos al Estado dominicano de dos mil seiscientos millones de d\u00f3lares.<\/p>\n<\/p>\n<\/p>\n<p>Por su parte, la Corporaci\u00f3n Minera Dominicana (CORMIDOM), que explota yacimientos de cobre y oro en las inmediaciones de Maim\u00f3n, y la cual el pasado a\u00f1o inici\u00f3 operaciones de miner\u00eda subterr\u00e1nea, por primera vez en el pa\u00eds, ha realizado hasta hoy inversiones por mil quinientos millones de d\u00f3lares, aportando al Estado por v\u00eda de impuestos unos mil cien millones de d\u00f3lares.<\/p>\n<\/p>\n<\/p>\n<p>Estas cifras que acabamos de ver demuestran la relevancia del aporte que la industria minera hace a la econom\u00eda del pa\u00eds. Ese porte est\u00e1 siendo crucial en la coyuntura especial de incertidumbre econ\u00f3mica causada por el Covid-10.<\/p>\n<\/p>\n<\/p>\n<p>En efecto, en lo que va de a\u00f1o, el sector econ\u00f3mico que m\u00e1s divisas est\u00e1 generando es, justamente, el sector minero. Ese hecho es una r\u00e9plica de lo ocurrido en el a\u00f1o 2019, cuando el valor de las exportaciones mineras casi triplic\u00f3 el de todos los productos agropecuarios que exportamos,<\/p>\n<\/p>\n<\/p>\n<p>Frente a esa realidad insoslayable, no nos queda otro camino racional que el de situar la miner\u00eda como un aliado de nuestra estabilidad econ\u00f3mica, y, de manera particular como una generadora de recursos para ser invertidos en mejorar sustancialmente nuestra agricultura y la calidad de vida de nuestros hermanos y hermanas del campo.<\/p>\n<\/p>\n<\/p>\n<p>Gracias, honorables senadores, por haberme escuchado y por creer que soy merecedor de este reconocimiento.<\/p>\n<\/p>\n<\/p>\n<p>Gracias, Excelent\u00edsimo Se\u00f1or Presidente Luis Abinader, por acompa\u00f1arnos en esta significativa ceremonia.<\/p>\n<\/p>\n<\/p>\n<p>Con su presencia, usted est\u00e1 dando muestras claras de su compromiso con la agropecuaria nacional, con los pobladores del mundo rural, y con el desarrollo integral de la Rep\u00fablica Dominicana<\/p>\n<\/p>\n<\/p>\n<p>Gracias, de coraz\u00f3n, a todos los presentes.<\/p>\n<\/p>\n<\/p>\n<p>Hip\u00f3lito Mej\u00eda<\/p>\n<\/p>\n<\/p>\n<p>Santo Domingo, D.N.<\/p>\n<\/p>\n<p>26 de noviembre de 2020<\/p>\n<h6> 2020-11-26 13:31:58 <\/h6>\n<p><!--\n<link rel=\"stylesheet\" href=\"css\/bootstrap.min.css\">\n\n\n<ul class=\"pagination\">\n\t    \n\t\n\n<li >\n\t<a href='?page_no=24'>Previous<\/a>\n\t<\/li>\n\n\n       \n    \n\n<li><a href='?page_no=1'>1<\/a><\/li>\n\n\n\n<li><a href='?page_no=2'>2<\/a><\/li>\n\n\n\n<li><a>...<\/a><\/li>\n\n\n\n<li><a href='?page_no=23'>23<\/a><\/li>\n\n\n\n<li><a href='?page_no=24'>24<\/a><\/li>\n\n\n\n<li class='active'><a>25<\/a><\/li>\n\n\n\n<li><a href='?page_no=26'>26<\/a><\/li>\n\n\n\n<li><a href='?page_no=27'>27<\/a><\/li>\n\n\n\n<li><a>...<\/a><\/li>\n\n\n\n<li><a href='?page_no=56169'>56169<\/a><\/li>\n\n\n\n<li><a href='?page_no=56170'>56170<\/a><\/li>\n\n    \n\t\n\n<li >\n\t<a href='?page_no=26'>Next<\/a>\n\t<\/li>\n\n\n    \n\n<li><a href='?page_no=56170'>Last &rsaquo;&rsaquo;<\/a><\/li>\n\n<\/ul>\n\n\n--><br \/>\n<\/body><\/p>\n","protected":false},"excerpt":{"rendered":"<p>diariodominicano.com Santo Domingo, R. D., 26 de noviembre, 2020.- El expresidente Hip\u00f3lito Mej\u00eda recibi\u00f3 hoy el reconocimiento del Senado de la Rep\u00fablica Dominicana, por su trayectoria sus aportes al desarrollo econ\u00f3mico, institucional y social del pa\u00eds, en un acto en el que estuvo el presidente de la Rep\u00fablica, Luis Abinader y presidido por el ingeniero [&hellip;]<\/p>\n","protected":false},"author":3,"featured_media":0,"comment_status":"open","ping_status":"open","sticky":false,"template":"","format":"standard","meta":{"footnotes":""},"categories":[20],"tags":[],"class_list":["post-221926","post","type-post","status-publish","format-standard","hentry","category-dominicana-hoy"],"_links":{"self":[{"href":"https:\/\/diariodominicano.com\/index.php?rest_route=\/wp\/v2\/posts\/221926","targetHints":{"allow":["GET"]}}],"collection":[{"href":"https:\/\/diariodominicano.com\/index.php?rest_route=\/wp\/v2\/posts"}],"about":[{"href":"https:\/\/diariodominicano.com\/index.php?rest_route=\/wp\/v2\/types\/post"}],"author":[{"embeddable":true,"href":"https:\/\/diariodominicano.com\/index.php?rest_route=\/wp\/v2\/users\/3"}],"replies":[{"embeddable":true,"href":"https:\/\/diariodominicano.com\/index.php?rest_route=%2Fwp%2Fv2%2Fcomments&post=221926"}],"version-history":[{"count":0,"href":"https:\/\/diariodominicano.com\/index.php?rest_route=\/wp\/v2\/posts\/221926\/revisions"}],"wp:attachment":[{"href":"https:\/\/diariodominicano.com\/index.php?rest_route=%2Fwp%2Fv2%2Fmedia&parent=221926"}],"wp:term":[{"taxonomy":"category","embeddable":true,"href":"https:\/\/diariodominicano.com\/index.php?rest_route=%2Fwp%2Fv2%2Fcategories&post=221926"},{"taxonomy":"post_tag","embeddable":true,"href":"https:\/\/diariodominicano.com\/index.php?rest_route=%2Fwp%2Fv2%2Ftags&post=221926"}],"curies":[{"name":"wp","href":"https:\/\/api.w.org\/{rel}","templated":true}]}}