{"id":221815,"date":"2020-11-26T13:45:44","date_gmt":"2020-11-26T13:45:44","guid":{"rendered":"http:\/\/diariodominicano.ddns.net\/?p=221815"},"modified":"2020-11-26T13:45:44","modified_gmt":"2020-11-26T13:45:44","slug":"autoridades-militares-participan-de-14va-reunion-ordinaria-del-comite-nacional-de-aviacion-civil-conasac","status":"publish","type":"post","link":"https:\/\/diariodominicano.com\/?p=221815","title":{"rendered":"Autoridades Militares participan de 14va. Reuni\u00f3n Ordinaria del Comit\u00e9 Nacional de Aviaci\u00f3n Civil (CONASAC)"},"content":{"rendered":"<p><body><\/p>\n<p><img decoding=\"async\" src=\"img3\/MIDE-DiazMorfa26-11-20.jpg\" \/>  <\/p>\n<p><span class=\"text1noticias\"> diariodominicano.com<\/span><\/p>\n<\/p>\n<p>Santo Domingo, R. D., 26 de noviembre, 2020.- <span class=\"text1noticias\">Las autoridades militares dominicanas participaron en la 14va. Reuni\u00f3n Ordinaria del Comit\u00e9 Nacional de Aviaci\u00f3n Civil (CONASAC), realizada en la modalidad virtual, encabezada por el Ministro de Defensa Teniente General Carlos Luciano D\u00edaz Morfa, ERD, quien preside el organismo.<\/span><\/p>\n<p><span class=\"text1noticias\"> <\/span><\/p>\n<p><span class=\"text1noticias\">Durante el encuentro D\u00edaz Morfa estuvo acompa\u00f1ado del General de Brigada, T\u00e9cnico de Aviaci\u00f3n Carlos Ram\u00f3n Febrillet Rodr\u00edguez, FARD, Director General del Cuerpo Especializado de Seguridad Aeroportuaria y de la Aviaci\u00f3n Civil (CESAC), \u00f3rgano responsable del cumplimiento de las disposiciones de la Ley 188-11.<\/span><\/p>\n<p><span class=\"text1noticias\"> <\/span><\/p>\n<p><span class=\"text1noticias\">La Reuni\u00f3n Ordinaria fue la primera en la historia realizada en modalidad online, acorde  a las disposiciones del Ministerio de Salud P\u00fablica sobre el distanciamiento social, por motivo de la pandemia causada por la enfermedad Covid-19.<\/span><\/p>\n<p><span class=\"text1noticias\"> <\/span><\/p>\n<p><span class=\"text1noticias\">En el encuentro se abordaron temas concernientes al progreso e implementaci\u00f3n del Plan Global para la Seguridad de la Aviaci\u00f3n, (GASeP), presentado por el CESAC, cuyo objetivo fundamental es la implementaci\u00f3n de medidas globales para reforzar la seguridad de la industria de la aviaci\u00f3n civil.<\/span><\/p>\n<p><span class=\"text1noticias\"> <\/span><\/p>\n<p><span class=\"text1noticias\"> En la actividad le fue entregado un presente al Teniente General  D\u00edaz Morfa, ERD, quien luego hizo un recorrido por las instalaciones del CESAC y donde la Unidad canina K9 present\u00f3 una exhibici\u00f3n demostrando  la destreza que poseen los caninos para detectar armas y sustancias narc\u00f3ticas.<\/span><\/p>\n<p><span class=\"text1noticias\"> <\/span><\/p>\n<p><span class=\"text1noticias\">MIDE Datos<\/span><\/p>\n<p><span class=\"text1noticias\"> <\/span><\/p>\n<p><span class=\"text1noticias\">El Comit\u00e9 Nacional de Seguridad de la Aviaci\u00f3n Civil, (CONASAC), es el organismo  que agrupa a los directivos de las entidades del sector en la Rep\u00fablica Dominicana, y otras importantes autoridades civiles y militares para tratar temas de seguridad y facilitaci\u00f3n de la aviaci\u00f3n civil del pa\u00eds. En esta ocasi\u00f3n, la Sede Principal del Cuerpo Especializado en Seguridad Aeroportuaria y de la Aviaci\u00f3n Civil, (CESAC), fue el escenario donde se celebr\u00f3 la 14va. Sesi\u00f3n ordinaria y primera del presente a\u00f1<\/span>o 2020.<\/p>\n<\/p>\n<p>Fuente; Prensa Mide<\/p>\n<h6> 2020-11-26 13:45:44 <\/h6>\n<p><!--\n<link rel=\"stylesheet\" href=\"css\/bootstrap.min.css\">\n\n\n<ul class=\"pagination\">\n\t    \n\t\n\n<li >\n\t<a href='?page_no=23'>Previous<\/a>\n\t<\/li>\n\n\n       \n    \n\n<li><a href='?page_no=1'>1<\/a><\/li>\n\n\n\n<li><a href='?page_no=2'>2<\/a><\/li>\n\n\n\n<li><a>...<\/a><\/li>\n\n\n\n<li><a href='?page_no=22'>22<\/a><\/li>\n\n\n\n<li><a href='?page_no=23'>23<\/a><\/li>\n\n\n\n<li class='active'><a>24<\/a><\/li>\n\n\n\n<li><a href='?page_no=25'>25<\/a><\/li>\n\n\n\n<li><a href='?page_no=26'>26<\/a><\/li>\n\n\n\n<li><a>...<\/a><\/li>\n\n\n\n<li><a href='?page_no=56169'>56169<\/a><\/li>\n\n\n\n<li><a href='?page_no=56170'>56170<\/a><\/li>\n\n    \n\t\n\n<li >\n\t<a href='?page_no=25'>Next<\/a>\n\t<\/li>\n\n\n    \n\n<li><a href='?page_no=56170'>Last &rsaquo;&rsaquo;<\/a><\/li>\n\n<\/ul>\n\n\n--><br \/>\n<\/body><\/p>\n","protected":false},"excerpt":{"rendered":"<p>diariodominicano.com Santo Domingo, R. D., 26 de noviembre, 2020.- Las autoridades militares dominicanas participaron en la 14va. Reuni\u00f3n Ordinaria del Comit\u00e9 Nacional de Aviaci\u00f3n Civil (CONASAC), realizada en la modalidad virtual, encabezada por el Ministro de Defensa Teniente General Carlos Luciano D\u00edaz Morfa, ERD, quien preside el organismo. Durante el encuentro D\u00edaz Morfa estuvo acompa\u00f1ado [&hellip;]<\/p>\n","protected":false},"author":3,"featured_media":0,"comment_status":"open","ping_status":"open","sticky":false,"template":"","format":"standard","meta":{"footnotes":""},"categories":[20],"tags":[],"class_list":["post-221815","post","type-post","status-publish","format-standard","hentry","category-dominicana-hoy"],"_links":{"self":[{"href":"https:\/\/diariodominicano.com\/index.php?rest_route=\/wp\/v2\/posts\/221815","targetHints":{"allow":["GET"]}}],"collection":[{"href":"https:\/\/diariodominicano.com\/index.php?rest_route=\/wp\/v2\/posts"}],"about":[{"href":"https:\/\/diariodominicano.com\/index.php?rest_route=\/wp\/v2\/types\/post"}],"author":[{"embeddable":true,"href":"https:\/\/diariodominicano.com\/index.php?rest_route=\/wp\/v2\/users\/3"}],"replies":[{"embeddable":true,"href":"https:\/\/diariodominicano.com\/index.php?rest_route=%2Fwp%2Fv2%2Fcomments&post=221815"}],"version-history":[{"count":0,"href":"https:\/\/diariodominicano.com\/index.php?rest_route=\/wp\/v2\/posts\/221815\/revisions"}],"wp:attachment":[{"href":"https:\/\/diariodominicano.com\/index.php?rest_route=%2Fwp%2Fv2%2Fmedia&parent=221815"}],"wp:term":[{"taxonomy":"category","embeddable":true,"href":"https:\/\/diariodominicano.com\/index.php?rest_route=%2Fwp%2Fv2%2Fcategories&post=221815"},{"taxonomy":"post_tag","embeddable":true,"href":"https:\/\/diariodominicano.com\/index.php?rest_route=%2Fwp%2Fv2%2Ftags&post=221815"}],"curies":[{"name":"wp","href":"https:\/\/api.w.org\/{rel}","templated":true}]}}