{"id":221704,"date":"2020-11-27T00:03:35","date_gmt":"2020-11-27T00:03:35","guid":{"rendered":"http:\/\/diariodominicano.ddns.net\/?p=221704"},"modified":"2020-11-27T00:03:35","modified_gmt":"2020-11-27T00:03:35","slug":"presidente-asistira-a-la-clausura-de-la-asamblea-de-fedomu-en-punta-cana","status":"publish","type":"post","link":"https:\/\/diariodominicano.com\/?p=221704","title":{"rendered":"Presidente asistir\u00e1 a la clausura de la asamblea de FEDOMU en Punta Cana"},"content":{"rendered":"<p><body><\/p>\n<p><img decoding=\"async\" src=\"img3\/pte.Abinader va al Este27-11-20.jpeg\" \/>  <\/p>\n<p><span class=\"text1noticias\">diariodominicano.com<\/span><\/p>\n<p><span class=\"text1noticias\"> <\/span><\/p>\n<p><span class=\"text1noticias\">Santo Domingo, R. D., 27 de noviembre, 2020.- El presidente Luis Abinader estar\u00e1 este viernes en Punta Cana y el s\u00e1bado en La Romana, donde agotar\u00e1 una agenda de trabajo.<\/span><\/p>\n<p><span class=\"text1noticias\"> <\/span><\/p>\n<p><span class=\"text1noticias\">El mandatario asistir\u00e1 este viernes a la clausura de la asamblea de la Federaci\u00f3n Dominicana de Municipios (Fedomu) y la Liga Municipal Dominicana, a las siete de la noche en Punta Cana.<\/span><\/p>\n<p><span class=\"text1noticias\"> <\/span><\/p>\n<p><span class=\"text1noticias\">El s\u00e1bado se desplazar\u00e1 a La Romana para iniciar\u00e1 su agenda, a partir de la tres de la tarde, con un encuentro con presidentes de juntas de vecinos. Tras finalizar esta actividad, ofrecer\u00e1 una rueda de prensa.<\/span><\/p>\n<p><span class=\"text1noticias\"> <\/span><\/p>\n<p><span class=\"text1noticias\">El gobernante tambi\u00e9n asistir\u00e1 a la inauguraci\u00f3n del complejo deportivo Virgilio Castillo (Chola), donde ser\u00e1 recibido por el pelotero de Grandes Ligas, Edwin Encarnaci\u00f3n, en donde lanzar\u00e1 la primera bola en un encuentro de s\u00f3ftbol.<\/span><\/p>\n<p><span class=\"text1noticias\"> <\/span><\/p>\n<p><span class=\"text1noticias\">Terminar\u00e1 su jornada en La Romana con una visita al hospital Villa Hermosa, en donde supervisar\u00e1 los trabajos que realiza el INVI.<\/span><\/p>\n<p><span class=\"text1noticias\"> <\/span><\/p>\n<p><span class=\"text1noticias\">Fuente: Presidencia de la Rep\u00fablica Dominicna<\/span><\/p>\n<p><span class=\"text1noticias\">Noticias<\/span><\/p>\n<h6> 2020-11-27 00:03:35 <\/h6>\n<p><!--\n<link rel=\"stylesheet\" href=\"css\/bootstrap.min.css\">\n\n\n<ul class=\"pagination\">\n\t    \n\t\n\n<li >\n\t<a href='?page_no=22'>Previous<\/a>\n\t<\/li>\n\n\n       \n    \n\n<li><a href='?page_no=1'>1<\/a><\/li>\n\n\n\n<li><a href='?page_no=2'>2<\/a><\/li>\n\n\n\n<li><a>...<\/a><\/li>\n\n\n\n<li><a href='?page_no=21'>21<\/a><\/li>\n\n\n\n<li><a href='?page_no=22'>22<\/a><\/li>\n\n\n\n<li class='active'><a>23<\/a><\/li>\n\n\n\n<li><a href='?page_no=24'>24<\/a><\/li>\n\n\n\n<li><a href='?page_no=25'>25<\/a><\/li>\n\n\n\n<li><a>...<\/a><\/li>\n\n\n\n<li><a href='?page_no=56169'>56169<\/a><\/li>\n\n\n\n<li><a href='?page_no=56170'>56170<\/a><\/li>\n\n    \n\t\n\n<li >\n\t<a href='?page_no=24'>Next<\/a>\n\t<\/li>\n\n\n    \n\n<li><a href='?page_no=56170'>Last &rsaquo;&rsaquo;<\/a><\/li>\n\n<\/ul>\n\n\n--><br \/>\n<\/body><\/p>\n","protected":false},"excerpt":{"rendered":"<p>diariodominicano.com Santo Domingo, R. D., 27 de noviembre, 2020.- El presidente Luis Abinader estar\u00e1 este viernes en Punta Cana y el s\u00e1bado en La Romana, donde agotar\u00e1 una agenda de trabajo. El mandatario asistir\u00e1 este viernes a la clausura de la asamblea de la Federaci\u00f3n Dominicana de Municipios (Fedomu) y la Liga Municipal Dominicana, a [&hellip;]<\/p>\n","protected":false},"author":3,"featured_media":0,"comment_status":"open","ping_status":"open","sticky":false,"template":"","format":"standard","meta":{"footnotes":""},"categories":[20],"tags":[],"class_list":["post-221704","post","type-post","status-publish","format-standard","hentry","category-dominicana-hoy"],"_links":{"self":[{"href":"https:\/\/diariodominicano.com\/index.php?rest_route=\/wp\/v2\/posts\/221704","targetHints":{"allow":["GET"]}}],"collection":[{"href":"https:\/\/diariodominicano.com\/index.php?rest_route=\/wp\/v2\/posts"}],"about":[{"href":"https:\/\/diariodominicano.com\/index.php?rest_route=\/wp\/v2\/types\/post"}],"author":[{"embeddable":true,"href":"https:\/\/diariodominicano.com\/index.php?rest_route=\/wp\/v2\/users\/3"}],"replies":[{"embeddable":true,"href":"https:\/\/diariodominicano.com\/index.php?rest_route=%2Fwp%2Fv2%2Fcomments&post=221704"}],"version-history":[{"count":0,"href":"https:\/\/diariodominicano.com\/index.php?rest_route=\/wp\/v2\/posts\/221704\/revisions"}],"wp:attachment":[{"href":"https:\/\/diariodominicano.com\/index.php?rest_route=%2Fwp%2Fv2%2Fmedia&parent=221704"}],"wp:term":[{"taxonomy":"category","embeddable":true,"href":"https:\/\/diariodominicano.com\/index.php?rest_route=%2Fwp%2Fv2%2Fcategories&post=221704"},{"taxonomy":"post_tag","embeddable":true,"href":"https:\/\/diariodominicano.com\/index.php?rest_route=%2Fwp%2Fv2%2Ftags&post=221704"}],"curies":[{"name":"wp","href":"https:\/\/api.w.org\/{rel}","templated":true}]}}