{"id":221482,"date":"2020-11-27T00:38:27","date_gmt":"2020-11-27T00:38:27","guid":{"rendered":"http:\/\/diariodominicano.ddns.net\/?p=221482"},"modified":"2020-11-27T00:38:27","modified_gmt":"2020-11-27T00:38:27","slug":"obras-publicas-inicio-hoy-construccion-de-la-circunvalacion-de-bani","status":"publish","type":"post","link":"https:\/\/diariodominicano.com\/?p=221482","title":{"rendered":"Obras P\u00fablicas inici\u00f3 hoy construcci\u00f3n de la circunvalaci\u00f3n de Ban\u00ed"},"content":{"rendered":"<p><body><\/p>\n<p><img decoding=\"async\" src=\"img3\/ObraspublicasBANI27-11-20.jpg\" \/><br \/><img decoding=\"async\" src=\"img3\/MOCP27-11-20.jpg\" \/>  <\/p>\n<p><span class=\"text1noticias\">diariodominicano.com<\/span><\/p>\n<p><span class=\"text1noticias\"> <\/span><\/p>\n<p><span class=\"text1noticias\">Ban\u00ed, Peravia, R. D., 27 de noviembre, 2020.- El Ministerio de Obras P\u00fablicas, dej\u00f3 iniciados este mi\u00e9rcoles los trabajos de construcci\u00f3n de la Circunvalaci\u00f3n de Ban\u00ed, por un monto de 2,200 millones de pesos, obra que contribuir\u00e1 con el desarrollo econ\u00f3mico, social y tur\u00edstico de las distintas provincias de la regi\u00f3n Sur, y que era reclamada desde hace varios a\u00f1os.<\/span><\/p>\n<p><span class=\"text1noticias\"> <\/span><\/p>\n<p><span class=\"text1noticias\">El ministro Deligne Ascenci\u00f3n, al encabezar el acto de apertura, dijo que la Circunvalaci\u00f3n de Ban\u00ed contribuir\u00e1 con el desarrollo econ\u00f3mico no solo de la provincia Peravia, sino tambi\u00e9n de las nueve provincias de la regi\u00f3n Sur del pa\u00eds, con la cual, cumple la promesa del presidente Luis Abinader.<\/span><\/p>\n<p><span class=\"text1noticias\"> <\/span><\/p>\n<p><span class=\"text1noticias\">Adelant\u00f3 que pondr\u00e1n los mayores esfuerzos para que la circunvalaci\u00f3n est\u00e9 concluida antes del final a\u00f1o 2021, ya que con la misma refuerza las garant\u00edas de que el gobierno del Presidente Abinader  est\u00e1 comprometido con los intereses de la ciudadan\u00eda, y que dar\u00e1 continuidad a las obras que por muchos a\u00f1os ha demandado la poblaci\u00f3n dominicana.<\/span><\/p>\n<p><span class=\"text1noticias\"> <\/span><\/p>\n<p><span class=\"text1noticias\">Garantiz\u00f3 que por falta de recursos, esta obra no se detendr\u00e1, debido a que los fondosest\u00e1n contemplados en el Presupuesto del a\u00f1o 2021.<\/span><\/p>\n<p><span class=\"text1noticias\"> <\/span><\/p>\n<p><span class=\"text1noticias\">\u00abHay que agradecer al Presidente Luis Abinader, por la construcci\u00f3n de esta obra, y a \u00e9l le corresponde el m\u00e9rito, porque desde que fue proclamado como presidente de la Rep\u00fablica dio instrucciones precisas para que fuera puesta en ejecuci\u00f3n\u00bb, resalt\u00f3.<\/span><\/p>\n<p><span class=\"text1noticias\"> <\/span><\/p>\n<p><span class=\"text1noticias\">Destac\u00f3 los beneficios  a corto, mediano y largo plazos  que  va a generar esa v\u00eda, como son el desahogo del tr\u00e1nsito en la zona urbana de la ciudad de Ban\u00ed, y en lo que se refiere a ahorro de combustibles y disminuci\u00f3n considerable de los tiempos de recorrido.<\/span><\/p>\n<p><span class=\"text1noticias\"> <\/span><\/p>\n<p><span class=\"text1noticias\">Explic\u00f3 que la Circunvalaci\u00f3n de Ban\u00ed tendr\u00e1 una longitud aproximada de 19.60 kil\u00f3metros, una calzada de dos carriles por sentido de circulaci\u00f3n, con un ancho de 3.65 metros cada uno; paseos laterales de 2.50 metros, sistemas de drenaje, se\u00f1alizaci\u00f3n vial y obras complementarias (barreras de defensa).<\/span><\/p>\n<p><span class=\"text1noticias\"> <\/span><\/p>\n<p><span class=\"text1noticias\">La obra ser\u00e1 construida con una calzada de dos carriles, uno en cada sentido, con un ancho de 3.65 metros cada una, paseos externos de 2.50 metros, bermas externas de 0.50 metros, un distribuidor de tr\u00e1fico (tipo diamante) con la carretera a Nizao, ocho cajones viales, cuatro puentes sobre r\u00edos y arroyos.<\/span><\/p>\n<p><span class=\"text1noticias\"> <\/span><\/p>\n<p><span class=\"text1noticias\">De igual forma, se trabajar\u00e1 en la construcci\u00f3n de caminos a ambos lados de la circunvalaci\u00f3n, como v\u00edas marginales para el control de acceso a la misma y que faciliten la integraci\u00f3n de los usuarios de los caminos existentes al cruzar de uno y otro lado de la v\u00eda.<\/span><\/p>\n<p><span class=\"text1noticias\"> <\/span><\/p>\n<p><span class=\"text1noticias\">La gobernadora provincial, \u00c1ngela Yadira B\u00e1ez, al pronunciar las palabras de agradecimiento, afirm\u00f3 que esta obra \u00abse convierte en un hecho de gran impacto social y econ\u00f3mico, y adem\u00e1s va a descongestionar un tr\u00e1nsito que d\u00eda a d\u00eda es m\u00e1s ca\u00f3tico y agotador para todos los transe\u00fantes de esta regi\u00f3n.<\/span><\/p>\n<p><span class=\"text1noticias\"> <\/span><\/p>\n<p><span class=\"text1noticias\"> <\/span><\/p>\n<p><span class=\"text1noticias\"> <\/span><\/p>\n<p><span class=\"text1noticias\">El senador Milc\u00edades Franjul consider\u00f3 que el desarrollo inicia en Ban\u00ed con la construcci\u00f3n de la circunvalaci\u00f3n, y que este es un gobierno de transparencia, adem\u00e1s de que esta es una de las grandes contribuciones que har\u00e1 el Presidente Abinader a la regi\u00f3n Sur y al pa\u00eds.<\/span><\/p>\n<p><span class=\"text1noticias\"> <\/span><\/p>\n<p><span class=\"text1noticias\">El alcalde de Ban\u00ed, Santo Ignacio Ram\u00edrez, agradeci\u00f3 en nombre de su comunidad y de la provincia al Presidente Abinader y al ministro de Obras P\u00fablicas por el inicio de los trabajos de la circunvalaci\u00f3n, y dijo que era una obra que ven\u00eda siendo reclamada desde hac\u00eda varios a\u00f1os, debido al fuerte congestionamiento que se registra en el tr\u00e1nsito vehicular en esa ciudad.<\/span><\/p>\n<p><span class=\"text1noticias\"> <\/span><\/p>\n<p><span class=\"text1noticias\">Por el MOPC acompa\u00f1aron al ministro en la actividad los viceministros Nelson Col\u00f3n, de Infraestructura Vial, y Roberto Herrera, de Supervisi\u00f3n y Fiscalizaci\u00f3n, entre otros.<\/span><\/p>\n<p><span class=\"text1noticias\"> <\/span><\/p>\n<p><span class=\"text1noticias\">Asimismo, el senador por la provincia Peravia, Milc\u00edades Franjul; el diputado Luis Alcides B\u00e1ez; la gobernadora provincial Angela Yadira B\u00e1ez, y el alcalde de Ban\u00ed, Santo Ignacio Ram\u00edrez, entre otros.  <\/span><\/p>\n<p><span class=\"text1noticias\"> <\/span><\/p>\n<p><span class=\"text1noticias\">Direcci\u00f3n de Comunicaciones<\/span><\/p>\n<p><span class=\"text1noticias\"> <\/span><\/p>\n<p><span class=\"text1noticias\">26 de <\/span>noviembre de 2020.<\/p>\n<\/p>\n<h6> 2020-11-27 00:38:27 <\/h6>\n<p><!--\n<link rel=\"stylesheet\" href=\"css\/bootstrap.min.css\">\n\n\n<ul class=\"pagination\">\n\t    \n\t\n\n<li >\n\t<a href='?page_no=20'>Previous<\/a>\n\t<\/li>\n\n\n       \n    \n\n<li><a href='?page_no=1'>1<\/a><\/li>\n\n\n\n<li><a href='?page_no=2'>2<\/a><\/li>\n\n\n\n<li><a>...<\/a><\/li>\n\n\n\n<li><a href='?page_no=19'>19<\/a><\/li>\n\n\n\n<li><a href='?page_no=20'>20<\/a><\/li>\n\n\n\n<li class='active'><a>21<\/a><\/li>\n\n\n\n<li><a href='?page_no=22'>22<\/a><\/li>\n\n\n\n<li><a href='?page_no=23'>23<\/a><\/li>\n\n\n\n<li><a>...<\/a><\/li>\n\n\n\n<li><a href='?page_no=56169'>56169<\/a><\/li>\n\n\n\n<li><a href='?page_no=56170'>56170<\/a><\/li>\n\n    \n\t\n\n<li >\n\t<a href='?page_no=22'>Next<\/a>\n\t<\/li>\n\n\n    \n\n<li><a href='?page_no=56170'>Last &rsaquo;&rsaquo;<\/a><\/li>\n\n<\/ul>\n\n\n--><br \/>\n<\/body><\/p>\n","protected":false},"excerpt":{"rendered":"<p>diariodominicano.com Ban\u00ed, Peravia, R. D., 27 de noviembre, 2020.- El Ministerio de Obras P\u00fablicas, dej\u00f3 iniciados este mi\u00e9rcoles los trabajos de construcci\u00f3n de la Circunvalaci\u00f3n de Ban\u00ed, por un monto de 2,200 millones de pesos, obra que contribuir\u00e1 con el desarrollo econ\u00f3mico, social y tur\u00edstico de las distintas provincias de la regi\u00f3n Sur, y que [&hellip;]<\/p>\n","protected":false},"author":3,"featured_media":0,"comment_status":"open","ping_status":"open","sticky":false,"template":"","format":"standard","meta":{"footnotes":""},"categories":[20],"tags":[],"class_list":["post-221482","post","type-post","status-publish","format-standard","hentry","category-dominicana-hoy"],"_links":{"self":[{"href":"https:\/\/diariodominicano.com\/index.php?rest_route=\/wp\/v2\/posts\/221482","targetHints":{"allow":["GET"]}}],"collection":[{"href":"https:\/\/diariodominicano.com\/index.php?rest_route=\/wp\/v2\/posts"}],"about":[{"href":"https:\/\/diariodominicano.com\/index.php?rest_route=\/wp\/v2\/types\/post"}],"author":[{"embeddable":true,"href":"https:\/\/diariodominicano.com\/index.php?rest_route=\/wp\/v2\/users\/3"}],"replies":[{"embeddable":true,"href":"https:\/\/diariodominicano.com\/index.php?rest_route=%2Fwp%2Fv2%2Fcomments&post=221482"}],"version-history":[{"count":0,"href":"https:\/\/diariodominicano.com\/index.php?rest_route=\/wp\/v2\/posts\/221482\/revisions"}],"wp:attachment":[{"href":"https:\/\/diariodominicano.com\/index.php?rest_route=%2Fwp%2Fv2%2Fmedia&parent=221482"}],"wp:term":[{"taxonomy":"category","embeddable":true,"href":"https:\/\/diariodominicano.com\/index.php?rest_route=%2Fwp%2Fv2%2Fcategories&post=221482"},{"taxonomy":"post_tag","embeddable":true,"href":"https:\/\/diariodominicano.com\/index.php?rest_route=%2Fwp%2Fv2%2Ftags&post=221482"}],"curies":[{"name":"wp","href":"https:\/\/api.w.org\/{rel}","templated":true}]}}