{"id":221371,"date":"2020-11-27T13:13:11","date_gmt":"2020-11-27T13:13:11","guid":{"rendered":"http:\/\/diariodominicano.ddns.net\/?p=221371"},"modified":"2020-11-27T13:13:11","modified_gmt":"2020-11-27T13:13:11","slug":"sismos-sacuden-provincia-azua-de-la-republica-dominicana","status":"publish","type":"post","link":"https:\/\/diariodominicano.com\/?p=221371","title":{"rendered":"Sismos sacuden provincia Azua de la Rep\u00fablica Dominicana"},"content":{"rendered":"<p><body><\/p>\n<p><img decoding=\"async\" src=\"img3\/AZUA27-11-20.jpg\" \/>  <\/p>\n<p> diariodominicano.com<\/p>\n<p> <span class=\"text1noticias\">Santo Domingo, 27 nov (Prensa Latina) Sismos de alrededor de 4,0 grados en la escala de Richter se sintieron hoy en la provincia dominicana de Azua, y el mayor, de 4,2 grados, se produjo a las 08:19, hora local.<\/span><\/p>\n<p><span class=\"text1noticias\"> <\/span><\/p>\n<p><span class=\"text1noticias\">Los movimientos tel\u00faricos se sintieron en esta capital, la provincia La Vega y otras regiones del pa\u00eds, aunque hasta el momento no se reportan da\u00f1os .<\/span><\/p>\n<p><span class=\"text1noticias\"> <\/span><\/p>\n<p><span class=\"text1noticias\">Seg\u00fan el director del Centro Nacional de Sismolog\u00eda, Ram\u00f3n Delanoy, el temblor de 4,2 grados ocurri\u00f3 al sureste de Guayabal en Azua, y los otros registrados est\u00e1n cerca de Peralta, en ese mismo territorio y en el municipio Constanza, en la cordillera central.<\/span><\/p>\n<p><span class=\"text1noticias\"> <\/span><\/p>\n<p><span class=\"text1noticias\">Esos sismos se producen en el llamado &#8216;cintur\u00f3n de Peralta, que de acuerdo con Delanoy, es una falla que cruza desde Peravia, Azua, El\u00edas Pi\u00f1a hasta el vecino pa\u00eds de Hait\u00ed.<\/span><\/p>\n<p><span class=\"text1noticias\"> <\/span><\/p>\n<p><span class=\"text1noticias\">El especialista explic\u00f3 que los temblores fueron superficiales porque fueron a menos de 30 kil\u00f3metros de profundidad y alert\u00f3 que los terremotos de poca profundidad en esa zona donde se localiza el epicentro, produce m\u00e1s da\u00f1os que cuando son profundos<\/span><\/p>\n<p><span class=\"text1noticias\"> <\/span><\/p>\n<p><span class=\"text1noticias\">ag<\/span>p\/ema<\/p>\n<h6> 2020-11-27 13:13:11 <\/h6>\n<p><!--\n<link rel=\"stylesheet\" href=\"css\/bootstrap.min.css\">\n\n\n<ul class=\"pagination\">\n\t    \n\t\n\n<li >\n\t<a href='?page_no=19'>Previous<\/a>\n\t<\/li>\n\n\n       \n    \n\n<li><a href='?page_no=1'>1<\/a><\/li>\n\n\n\n<li><a href='?page_no=2'>2<\/a><\/li>\n\n\n\n<li><a>...<\/a><\/li>\n\n\n\n<li><a href='?page_no=18'>18<\/a><\/li>\n\n\n\n<li><a href='?page_no=19'>19<\/a><\/li>\n\n\n\n<li class='active'><a>20<\/a><\/li>\n\n\n\n<li><a href='?page_no=21'>21<\/a><\/li>\n\n\n\n<li><a href='?page_no=22'>22<\/a><\/li>\n\n\n\n<li><a>...<\/a><\/li>\n\n\n\n<li><a href='?page_no=56169'>56169<\/a><\/li>\n\n\n\n<li><a href='?page_no=56170'>56170<\/a><\/li>\n\n    \n\t\n\n<li >\n\t<a href='?page_no=21'>Next<\/a>\n\t<\/li>\n\n\n    \n\n<li><a href='?page_no=56170'>Last &rsaquo;&rsaquo;<\/a><\/li>\n\n<\/ul>\n\n\n--><br \/>\n<\/body><\/p>\n","protected":false},"excerpt":{"rendered":"<p>diariodominicano.com Santo Domingo, 27 nov (Prensa Latina) Sismos de alrededor de 4,0 grados en la escala de Richter se sintieron hoy en la provincia dominicana de Azua, y el mayor, de 4,2 grados, se produjo a las 08:19, hora local. Los movimientos tel\u00faricos se sintieron en esta capital, la provincia La Vega y otras regiones [&hellip;]<\/p>\n","protected":false},"author":3,"featured_media":0,"comment_status":"open","ping_status":"open","sticky":false,"template":"","format":"standard","meta":{"footnotes":""},"categories":[20],"tags":[],"class_list":["post-221371","post","type-post","status-publish","format-standard","hentry","category-dominicana-hoy"],"_links":{"self":[{"href":"https:\/\/diariodominicano.com\/index.php?rest_route=\/wp\/v2\/posts\/221371","targetHints":{"allow":["GET"]}}],"collection":[{"href":"https:\/\/diariodominicano.com\/index.php?rest_route=\/wp\/v2\/posts"}],"about":[{"href":"https:\/\/diariodominicano.com\/index.php?rest_route=\/wp\/v2\/types\/post"}],"author":[{"embeddable":true,"href":"https:\/\/diariodominicano.com\/index.php?rest_route=\/wp\/v2\/users\/3"}],"replies":[{"embeddable":true,"href":"https:\/\/diariodominicano.com\/index.php?rest_route=%2Fwp%2Fv2%2Fcomments&post=221371"}],"version-history":[{"count":0,"href":"https:\/\/diariodominicano.com\/index.php?rest_route=\/wp\/v2\/posts\/221371\/revisions"}],"wp:attachment":[{"href":"https:\/\/diariodominicano.com\/index.php?rest_route=%2Fwp%2Fv2%2Fmedia&parent=221371"}],"wp:term":[{"taxonomy":"category","embeddable":true,"href":"https:\/\/diariodominicano.com\/index.php?rest_route=%2Fwp%2Fv2%2Fcategories&post=221371"},{"taxonomy":"post_tag","embeddable":true,"href":"https:\/\/diariodominicano.com\/index.php?rest_route=%2Fwp%2Fv2%2Ftags&post=221371"}],"curies":[{"name":"wp","href":"https:\/\/api.w.org\/{rel}","templated":true}]}}