{"id":221148,"date":"2020-11-27T14:44:34","date_gmt":"2020-11-27T14:44:34","guid":{"rendered":"http:\/\/diariodominicano.ddns.net\/?p=221148"},"modified":"2020-11-27T14:44:34","modified_gmt":"2020-11-27T14:44:34","slug":"ministerio-garantiza-que-tiene-disponibilidad-de-cuantas-pruebas-sean-necesarias-para-toda-la-poblacion","status":"publish","type":"post","link":"https:\/\/diariodominicano.com\/?p=221148","title":{"rendered":"Ministerio garantiza que tiene disponibilidad de cuantas pruebas sean necesarias para toda la poblaci\u00f3n"},"content":{"rendered":"<p><body><\/p>\n<p><img decoding=\"async\" src=\"img3\/MSP-con-Azul27-11-20.jpg\" \/>  <\/p>\n<p>diariodominicano.com<\/p>\n<p>.<\/p>\n<p>Santo Domingo, R. D., 27 de noviembre, 2020.- El Ministerio de Salud P\u00fablica, a trav\u00e9s de su Direcci\u00f3n General de Epidemiologia inform\u00f3 que el n\u00famero de muestras para pruebas PCR procesadas ha ido en aumento en todo el pa\u00eds, y que el total ya alcanza las 704,580 desde que se inici\u00f3 la pandemia.<\/p>\n<\/p>\n<p>En el Bolet\u00edn Especial Epidemiol\u00f3gico n\u00famero 253 se informa que el total de muestras realizadas en las \u00faltimas 24 horas fue de 8,014, de las cuales 5,590 corresponden a primeras pruebas y 2,424 son ex\u00e1menes subsecuentes.<\/p>\n<\/p>\n<p>Tambi\u00e9n refleja el informe que los nuevos casos positivos a COVID-19 se colocaron en 885 en el mismo lapso de tiempo, los que fueron sometidos al protocolo establecido en esta situaci\u00f3n, que va desde aislamiento por prevenci\u00f3n y aplicaci\u00f3n de los medicamentos de lugar.<\/p>\n<p>El reporte refleja que la positividad diaria se fij\u00f3 en 15.30 por ciento, quedando por encima de las \u00faltimas cuatro semanas establecida en 11.89 por ciento. Mientras que por el momento los casos activos ascienden a 25,636.<\/p>\n<\/p>\n<p>Por otro lado, informa que en las \u00faltimas 24 horas no se han registrado muertes a causa del virus y que del total de casos acumulados son 141,777, se han recuperado 113,817 y 562,803 han sido descartados.<\/p>\n<\/p>\n<p>En cuanto a la disponibilidad de camas COVID-19 en este momento est\u00e1 en 75 por ciento y un 25 est\u00e1n ocupadas, ya que de 2,882 camas, en 707 son atendidos pacientes.<\/p>\n<\/p>\n<p>Sobre las camas en unidades de cuidados intensivos (UCI), el nivel de disponibilidad se encuentra en 62 por ciento y 38 por ciento se registran como ocupadas, pues de 501 solo 190 est\u00e1n siendo utilizadas por pacientes.<\/p>\n<\/p>\n<p>Los ventiladores disponibles para pacientes de estados complicados con el COVID-19 y otras enfermedades son 316 y 95 se encuentran en uso por pacientes, arrojando un porcentaje de disponibilidad de 77 por ciento y 23 en servicio.<\/p>\n<p>Grupos de riesgo<\/p>\n<\/p>\n<p>El n\u00famero de trabajadores de la salud reportados positivos a la enfermedad ahora son 587. La cantidad de embarazadas es de 273 y 13,676 menores de 20 a\u00f1os de edad han resultados positivos a la COVID-19.<\/p>\n<\/p>\n<p>El Bolet\u00edn detalla que el 32.27 por ciento de los fallecidos eran pacientes con hipertensi\u00f3n como comorbilidad y el 20.65 por ciento padec\u00edan de diabetes.<\/p>\n<\/p>\n<p>El Ministerio de Salud P\u00fablica contin\u00faa exhortando a toda la poblaci\u00f3n a mantener las medidas de higiene para combatir y reducir el contagio por COVID-19. Reitera la necesidad de seguir con el uso de las mascarillas, respetando el distanciamiento f\u00edsico, y recuerda que el lavado de manos frecuente es uno de los mecanismos m\u00e1s efectivos para cortar el contagio de esta y otras enfermedades virales.<\/p>\n<\/p>\n<p>Fuente: Direcci\u00f3n de Comunicaci\u00f3n Estrat\u00e9gica<\/p>\n<p>Ministerio de Salud P\u00fablica<\/p>\n<p>27 de noviembre de 2020<\/p>\n<h6> 2020-11-27 14:44:34 <\/h6>\n<p><!--\n<link rel=\"stylesheet\" href=\"css\/bootstrap.min.css\">\n\n\n<ul class=\"pagination\">\n\t    \n\t\n\n<li >\n\t<a href='?page_no=17'>Previous<\/a>\n\t<\/li>\n\n\n       \n    \n\n<li><a href='?page_no=1'>1<\/a><\/li>\n\n\n\n<li><a href='?page_no=2'>2<\/a><\/li>\n\n\n\n<li><a>...<\/a><\/li>\n\n\n\n<li><a href='?page_no=16'>16<\/a><\/li>\n\n\n\n<li><a href='?page_no=17'>17<\/a><\/li>\n\n\n\n<li class='active'><a>18<\/a><\/li>\n\n\n\n<li><a href='?page_no=19'>19<\/a><\/li>\n\n\n\n<li><a href='?page_no=20'>20<\/a><\/li>\n\n\n\n<li><a>...<\/a><\/li>\n\n\n\n<li><a href='?page_no=56169'>56169<\/a><\/li>\n\n\n\n<li><a href='?page_no=56170'>56170<\/a><\/li>\n\n    \n\t\n\n<li >\n\t<a href='?page_no=19'>Next<\/a>\n\t<\/li>\n\n\n    \n\n<li><a href='?page_no=56170'>Last &rsaquo;&rsaquo;<\/a><\/li>\n\n<\/ul>\n\n\n--><br \/>\n<\/body><\/p>\n","protected":false},"excerpt":{"rendered":"<p>diariodominicano.com . Santo Domingo, R. D., 27 de noviembre, 2020.- El Ministerio de Salud P\u00fablica, a trav\u00e9s de su Direcci\u00f3n General de Epidemiologia inform\u00f3 que el n\u00famero de muestras para pruebas PCR procesadas ha ido en aumento en todo el pa\u00eds, y que el total ya alcanza las 704,580 desde que se inici\u00f3 la pandemia. [&hellip;]<\/p>\n","protected":false},"author":3,"featured_media":0,"comment_status":"open","ping_status":"open","sticky":false,"template":"","format":"standard","meta":{"footnotes":""},"categories":[20],"tags":[],"class_list":["post-221148","post","type-post","status-publish","format-standard","hentry","category-dominicana-hoy"],"_links":{"self":[{"href":"https:\/\/diariodominicano.com\/index.php?rest_route=\/wp\/v2\/posts\/221148","targetHints":{"allow":["GET"]}}],"collection":[{"href":"https:\/\/diariodominicano.com\/index.php?rest_route=\/wp\/v2\/posts"}],"about":[{"href":"https:\/\/diariodominicano.com\/index.php?rest_route=\/wp\/v2\/types\/post"}],"author":[{"embeddable":true,"href":"https:\/\/diariodominicano.com\/index.php?rest_route=\/wp\/v2\/users\/3"}],"replies":[{"embeddable":true,"href":"https:\/\/diariodominicano.com\/index.php?rest_route=%2Fwp%2Fv2%2Fcomments&post=221148"}],"version-history":[{"count":0,"href":"https:\/\/diariodominicano.com\/index.php?rest_route=\/wp\/v2\/posts\/221148\/revisions"}],"wp:attachment":[{"href":"https:\/\/diariodominicano.com\/index.php?rest_route=%2Fwp%2Fv2%2Fmedia&parent=221148"}],"wp:term":[{"taxonomy":"category","embeddable":true,"href":"https:\/\/diariodominicano.com\/index.php?rest_route=%2Fwp%2Fv2%2Fcategories&post=221148"},{"taxonomy":"post_tag","embeddable":true,"href":"https:\/\/diariodominicano.com\/index.php?rest_route=%2Fwp%2Fv2%2Ftags&post=221148"}],"curies":[{"name":"wp","href":"https:\/\/api.w.org\/{rel}","templated":true}]}}