{"id":221037,"date":"2020-11-27T15:36:15","date_gmt":"2020-11-27T15:36:15","guid":{"rendered":"http:\/\/diariodominicano.ddns.net\/?p=221037"},"modified":"2020-11-27T15:36:15","modified_gmt":"2020-11-27T15:36:15","slug":"salud-publica-realizara-pruebas-a-mas-de-55-mil-trabajadores-del-transporte-publico","status":"publish","type":"post","link":"https:\/\/diariodominicano.com\/?p=221037","title":{"rendered":"Salud P\u00fablica realizar\u00e1 pruebas a m\u00e1s de 55 mil trabajadores del transporte p\u00fablico"},"content":{"rendered":"<p><body><\/p>\n<p><img decoding=\"async\" src=\"img3\/PruebaChoferes27-11-20.jpg\" \/>  <\/p>\n<p><span class=\"text1noticias\"> <\/span><\/p>\n<p><span class=\"text1noticias\">diariodominicano.com <\/span><\/p>\n<\/p>\n<p><span class=\"text1noticias\">Santo Domingo, R. D., 27 de noviembre, 2020.- El ministro de Salud P\u00fablica, doctor Plutarco Arias, encabez\u00f3 este viernes un operativo de detecci\u00f3n de COVID-19 dirigida a colaboradores de la Confederaci\u00f3n Nacional de Organizaciones del Transporte (CONATRA), entidad en la que se ha dispuesto atender a m\u00e1s de 55 mil choferes.<\/span><\/p>\n<\/p>\n<p><span class=\"text1noticias\">El operativo, que fue coordinado por el \u00c1rea VI de Salud, buscaba detectar casos positivos y evitar la propagaci\u00f3n de la enfermedad entre los trabajadores y usuarios del transporte.<\/span><\/p>\n<\/p>\n<p><span class=\"text1noticias\">En el acto formal, el titular de Salud precis\u00f3 que con estas acciones se asume la posici\u00f3n del presidente Luis Abinader, con el compromiso de que la salud llegue a donde est\u00e1 la gente y que el ministerio se acerque a los diferentes sectores.<\/span><\/p>\n<\/p>\n<p><span class=\"text1noticias\">\u00abEste es un sector en gran parte olvidado, hoy con esta jornada damos respuesta, llevamos salud, porque esta campa\u00f1a de contenci\u00f3n de COVID-19 es parte de nuestro trabajo, detectar temprano los casos, aislar a los positivos y su tratamiento a tiempo es lo que procede\u00bb, resalt\u00f3.<\/span><\/p>\n<\/p>\n<p><span class=\"text1noticias\">El funcionario dijo que paralelo a esto se aplicar\u00e1 la vacuna de la influenza al personal de CONATRA que sobrepase los 60 a\u00f1os de edad, como forma de reducir complicaciones por enfermedades respiratorias.<\/span><\/p>\n<\/p>\n<p><span class=\"text1noticias\">\u00abHoy, adem\u00e1s, llevamos una parte muy importante, la medicina preventiva, la aplicaci\u00f3n de la influenza, esa inmunizaci\u00f3n que va liberar de muchos procesos virales y enfermedades respiratorias a los colaboradores de CONATRA\u00bb, manifest\u00f3.<\/span><\/p>\n<p><span class=\"text1noticias\"> <\/span><\/p>\n<p><span class=\"text1noticias\">El ministro Arias resalt\u00f3 que por medio de la detecci\u00f3n a tiempo de casos positivos, se evita la propagaci\u00f3n de la enfermedad, por ello est\u00e1n disponibles las pruebas, que tambi\u00e9n ser\u00e1n aplicadas a los miembros de CONATRA en todo el territorio nacional, a fin de contener la pandemia en el pa\u00eds.<\/span><\/p>\n<\/p>\n<p><span class=\"text1noticias\">En tanto que el presidente de CONATRA y senador por la provincia Santiago Rodr\u00edguez, Antonio Marte, agradeci\u00f3 la facilidad y disposici\u00f3n del Ministerio de Salud P\u00fablica para que la salud tambi\u00e9n llegue a este importante sector de la sociedad.<\/span><\/p>\n<\/p>\n<p><span class=\"text1noticias\">\u00abLe agradecemos por mostrar inter\u00e9s en llevar salud a los choferes, un sector olvidado y sin dolientes, pero que ofrece un importante servicio como es transportar pasajeros\u00bb, indic\u00f3 Marte.<\/span><\/p>\n<\/p>\n<p><span class=\"text1noticias\">Se\u00f1al\u00f3 que unos 55 mil empleados de ese gremio est\u00e1n diseminados en toda la geograf\u00eda nacional y que con este operativo se lleva salud y prevenci\u00f3n, tanto para ellos como para sus familias.<\/span><\/p>\n<\/p>\n<p><span class=\"text1noticias\">La jornada<\/span><\/p>\n<p><span class=\"text1noticias\">En la intervenci\u00f3n se tomaron m\u00e1s de 300 muestras PCR, se distribuyeron mascarillas y material informativo sobre las medidas preventivas del coronavirus, con el prop\u00f3sito de que los afiliados a CONATRA asuman y multipliquen el mensaje de prevenci\u00f3n a sus familias y los usuarios de transporte.<\/span><\/p>\n<\/p>\n<p><span class=\"text1noticias\">En la actividad estuvieron presentes la doctora Ivelisse Acosta, viceministra de Salud Colectiva; la doctora Mar\u00eda Isabel Tav\u00e1rez, directora del \u00c1rea VI de Salud; Gabriel del R\u00edo Do\u00f1\u00e9, presidente de la Confederaci\u00f3n Aut\u00f3noma Sindical Clasista (CASC); el licenciado Julio C\u00e9sar De Le\u00f3n, coordinador del Programa de Reducci\u00f3n de la Mortalidad por Accidentes de Tr\u00e1nsito (PREMAT), entre otros invitados.<\/span><\/p>\n<p><span class=\"text1noticias\"> <\/span><\/p>\n<p><span class=\"text1noticias\">Fuente: Direcci\u00f3n de Comunicaci\u00f3n<\/span><\/p>\n<p><span class=\"text1noticias\">Ministerio de Salud P\u00fablica<\/span><\/p>\n<p><span class=\"text1noticias\">27 de noviembre de <\/span>2020<\/p>\n<h6> 2020-11-27 15:36:15 <\/h6>\n<p><!--\n<link rel=\"stylesheet\" href=\"css\/bootstrap.min.css\">\n\n\n<ul class=\"pagination\">\n\t    \n\t\n\n<li >\n\t<a href='?page_no=16'>Previous<\/a>\n\t<\/li>\n\n\n       \n    \n\n<li><a href='?page_no=1'>1<\/a><\/li>\n\n\n\n<li><a href='?page_no=2'>2<\/a><\/li>\n\n\n\n<li><a>...<\/a><\/li>\n\n\n\n<li><a href='?page_no=15'>15<\/a><\/li>\n\n\n\n<li><a href='?page_no=16'>16<\/a><\/li>\n\n\n\n<li class='active'><a>17<\/a><\/li>\n\n\n\n<li><a href='?page_no=18'>18<\/a><\/li>\n\n\n\n<li><a href='?page_no=19'>19<\/a><\/li>\n\n\n\n<li><a>...<\/a><\/li>\n\n\n\n<li><a href='?page_no=56169'>56169<\/a><\/li>\n\n\n\n<li><a href='?page_no=56170'>56170<\/a><\/li>\n\n    \n\t\n\n<li >\n\t<a href='?page_no=18'>Next<\/a>\n\t<\/li>\n\n\n    \n\n<li><a href='?page_no=56170'>Last &rsaquo;&rsaquo;<\/a><\/li>\n\n<\/ul>\n\n\n--><br \/>\n<\/body><\/p>\n","protected":false},"excerpt":{"rendered":"<p>diariodominicano.com Santo Domingo, R. D., 27 de noviembre, 2020.- El ministro de Salud P\u00fablica, doctor Plutarco Arias, encabez\u00f3 este viernes un operativo de detecci\u00f3n de COVID-19 dirigida a colaboradores de la Confederaci\u00f3n Nacional de Organizaciones del Transporte (CONATRA), entidad en la que se ha dispuesto atender a m\u00e1s de 55 mil choferes. El operativo, que [&hellip;]<\/p>\n","protected":false},"author":3,"featured_media":0,"comment_status":"open","ping_status":"open","sticky":false,"template":"","format":"standard","meta":{"footnotes":""},"categories":[20],"tags":[],"class_list":["post-221037","post","type-post","status-publish","format-standard","hentry","category-dominicana-hoy"],"_links":{"self":[{"href":"https:\/\/diariodominicano.com\/index.php?rest_route=\/wp\/v2\/posts\/221037","targetHints":{"allow":["GET"]}}],"collection":[{"href":"https:\/\/diariodominicano.com\/index.php?rest_route=\/wp\/v2\/posts"}],"about":[{"href":"https:\/\/diariodominicano.com\/index.php?rest_route=\/wp\/v2\/types\/post"}],"author":[{"embeddable":true,"href":"https:\/\/diariodominicano.com\/index.php?rest_route=\/wp\/v2\/users\/3"}],"replies":[{"embeddable":true,"href":"https:\/\/diariodominicano.com\/index.php?rest_route=%2Fwp%2Fv2%2Fcomments&post=221037"}],"version-history":[{"count":0,"href":"https:\/\/diariodominicano.com\/index.php?rest_route=\/wp\/v2\/posts\/221037\/revisions"}],"wp:attachment":[{"href":"https:\/\/diariodominicano.com\/index.php?rest_route=%2Fwp%2Fv2%2Fmedia&parent=221037"}],"wp:term":[{"taxonomy":"category","embeddable":true,"href":"https:\/\/diariodominicano.com\/index.php?rest_route=%2Fwp%2Fv2%2Fcategories&post=221037"},{"taxonomy":"post_tag","embeddable":true,"href":"https:\/\/diariodominicano.com\/index.php?rest_route=%2Fwp%2Fv2%2Ftags&post=221037"}],"curies":[{"name":"wp","href":"https:\/\/api.w.org\/{rel}","templated":true}]}}