{"id":220926,"date":"2020-11-27T22:28:42","date_gmt":"2020-11-27T22:28:42","guid":{"rendered":"http:\/\/diariodominicano.ddns.net\/?p=220926"},"modified":"2020-11-27T22:28:42","modified_gmt":"2020-11-27T22:28:42","slug":"presidente-luis-abinader-compartira-en-nyu-washington-su-vision-de-cambio-para-la-republica-dominicana","status":"publish","type":"post","link":"https:\/\/diariodominicano.com\/?p=220926","title":{"rendered":"Presidente Luis Abinader compartir\u00e1 en NYU-Washington su visi\u00f3n de cambio para la Rep\u00fablica Dominicana"},"content":{"rendered":"<p><body><\/p>\n<p><img decoding=\"async\" src=\"img3\/IMG_2603.jpg\" \/>  <\/p>\n<p><strong>Diariodominicano.com<\/strong><\/p>\n<p><strong>Presidente Luis Abinader compartir\u00e1 en NYU-Washington su visi\u00f3n de cambio para la Rep\u00fablica Dominicana<\/strong><\/p>\n<\/p>\n<p>El lunes 30 de noviembre, el NYU Brademas Center y la Universidad de Nueva York (NYU-Washington, DC), tendr\u00e1n un di\u00e1logo virtual abierto al p\u00fablico con el nuevo presidente de la Rep\u00fablica Dominicana, el Sr. Luis Rodolfo Abinader Corona. <\/p>\n<\/p>\n<p>Esta discusi\u00f3n que ser\u00e1 realizada en ingl\u00e9s, se enmarca dentro de una iniciativa de di\u00e1logos de alto nivel realizados en la capital federal de los Estados Unidos, mejor conocida como #DCDialogues. El di\u00e1logo ha recibido el t\u00edtulo \u00abUshering in a New Era of Change and Transparency: A Conversation with Dominican President Luis Abinader\u00bb (en espa\u00f1ol, \u00abMarcando el comienzo de una nueva era de cambio y transparencia: una conversaci\u00f3n con el presidente dominicano Luis Abinader\u00bb).<\/p>\n<\/p>\n<p>El Presidente Luis Abinader sostendr\u00e1 la conversaci\u00f3n con el estratega pol\u00edtico y columnista de CNN, Geovanny Vicente Romero, quien es un conferencista experto en temas de Estados Unidos\/Am\u00e9rica Latina y moderador frecuente de eventos de la categor\u00eda de los DC Dialogues. <\/p>\n<p>Desde el 16 de agosto de 2020, la Rep\u00fabica Dominicana inaugur\u00f3 una nueva era de su historia pol\u00edtica con la ascensi\u00f3n al poder de Luis Abinader y Raquel Pe\u00f1a de Antu\u00f1a, quien se ha convertido en la tercera mujer en ocupar la posici\u00f3n de vicepresidenta. <\/p>\n<p>En la descripci\u00f3n del evento, NYU se\u00f1ala que \u00abluego de sus primeros 100 d\u00edas en el cargo, el presidente Abinader discutir\u00e1 las reformas transformadoras que se est\u00e1n llevando a cabo en la Rep\u00fablica Dominicana en las \u00e1reas de administraci\u00f3n p\u00fablica, transparencia, atenci\u00f3n m\u00e9dica universal, turismo y clima de inversi\u00f3n. Un hombre de negocios experimentado convertido en pol\u00edtico, el presidente Abinader representa una nueva era de liderazgo para Rep\u00fablica Dominicana, el Caribe y Am\u00e9rica Latina.\u00bb<\/p>\n<p>Los dominicanos, quienes representan 2.2 millones en los Estados Unidos, con especial presencia en Nueva York, estado de la sede de NYU, tendr\u00e1n este 30 de noviembre la oportunidad de conocer la visi\u00f3n de su nuevo gobierno a trav\u00e9s de una fuente de primera mano, su presidente.<\/p>\n<p>El moderador Vicente Romero, quien modera las conversaciones de alto nivel de la iniciativa #DCDialogues de la Universidad de Nueva York, en su campus de DC, destaca en la comunidad latina y la di\u00e1spora dominicana en los Estados Unidos donde ha ganado premios prestigiosos y es considerado uno de los l\u00edderes latinos de opini\u00f3n.<\/p>\n<blockquote class=\"twitter-tweet\" data-width=\"550\" data-dnt=\"true\">\n<p lang=\"en\" dir=\"ltr\">Honored to moderate the upcoming <a href=\"https:\/\/twitter.com\/nyuniversity?ref_src=twsrc%5Etfw\">@nyuniversity<\/a> <a href=\"https:\/\/twitter.com\/hashtag\/DCDialogues?src=hash&amp;ref_src=twsrc%5Etfw\">#DCDialogues<\/a> event:<\/p>\n<p>\u201cUshering in a New Era of Change and Transparency: A Conversation with Dominican President <a href=\"https:\/\/twitter.com\/luisabinader?ref_src=twsrc%5Etfw\">@LuisAbinader<\/a>\u201d <\/p>\n<p>JOIN US <a href=\"https:\/\/twitter.com\/hashtag\/NYU?src=hash&amp;ref_src=twsrc%5Etfw\">#NYU<\/a>\ud83c\udde9\ud83c\uddf4\ud83c\uddfa\ud83c\uddf8<\/p>\n<p>\ud83d\uddd3Mon. Nov 30 at 11 EST\/ 12 DR<\/p>\n<p>\ud83d\udccd<a href=\"https:\/\/twitter.com\/NYUWashingtonDC?ref_src=twsrc%5Etfw\">@NYUWashingtonDC<\/a> Zoom<\/p>\n<p>RSVP: <a href=\"https:\/\/t.co\/YYG1T2OB6p\">https:\/\/t.co\/YYG1T2OB6p<\/a> <a href=\"https:\/\/t.co\/1RmrlDfnMh\">pic.twitter.com\/1RmrlDfnMh<\/a><\/p>\n<p>&mdash; GVR | Geovanny Vicente-Romero (@GeovannyVicentR) <a href=\"https:\/\/twitter.com\/GeovannyVicentR\/status\/1331783251439054851?ref_src=twsrc%5Etfw\">November 26, 2020<\/a><\/p><\/blockquote>\n<p><script async src=\"https:\/\/platform.twitter.com\/widgets.js\" charset=\"utf-8\"><\/script> <\/p>\n<\/p>\n<h6> 2020-11-27 22:28:42 <\/h6>\n<p><!--\n<link rel=\"stylesheet\" href=\"css\/bootstrap.min.css\">\n\n\n<ul class=\"pagination\">\n\t    \n\t\n\n<li >\n\t<a href='?page_no=15'>Previous<\/a>\n\t<\/li>\n\n\n       \n    \n\n<li><a href='?page_no=1'>1<\/a><\/li>\n\n\n\n<li><a href='?page_no=2'>2<\/a><\/li>\n\n\n\n<li><a>...<\/a><\/li>\n\n\n\n<li><a href='?page_no=14'>14<\/a><\/li>\n\n\n\n<li><a href='?page_no=15'>15<\/a><\/li>\n\n\n\n<li class='active'><a>16<\/a><\/li>\n\n\n\n<li><a href='?page_no=17'>17<\/a><\/li>\n\n\n\n<li><a href='?page_no=18'>18<\/a><\/li>\n\n\n\n<li><a>...<\/a><\/li>\n\n\n\n<li><a href='?page_no=56169'>56169<\/a><\/li>\n\n\n\n<li><a href='?page_no=56170'>56170<\/a><\/li>\n\n    \n\t\n\n<li >\n\t<a href='?page_no=17'>Next<\/a>\n\t<\/li>\n\n\n    \n\n<li><a href='?page_no=56170'>Last &rsaquo;&rsaquo;<\/a><\/li>\n\n<\/ul>\n\n\n--><br \/>\n<\/body><\/p>\n","protected":false},"excerpt":{"rendered":"<p>Diariodominicano.com Presidente Luis Abinader compartir\u00e1 en NYU-Washington su visi\u00f3n de cambio para la Rep\u00fablica Dominicana El lunes 30 de noviembre, el NYU Brademas Center y la Universidad de Nueva York (NYU-Washington, DC), tendr\u00e1n un di\u00e1logo virtual abierto al p\u00fablico con el nuevo presidente de la Rep\u00fablica Dominicana, el Sr. Luis Rodolfo Abinader Corona. Esta discusi\u00f3n [&hellip;]<\/p>\n","protected":false},"author":3,"featured_media":0,"comment_status":"open","ping_status":"open","sticky":false,"template":"","format":"standard","meta":{"footnotes":""},"categories":[20],"tags":[],"class_list":["post-220926","post","type-post","status-publish","format-standard","hentry","category-dominicana-hoy"],"_links":{"self":[{"href":"https:\/\/diariodominicano.com\/index.php?rest_route=\/wp\/v2\/posts\/220926","targetHints":{"allow":["GET"]}}],"collection":[{"href":"https:\/\/diariodominicano.com\/index.php?rest_route=\/wp\/v2\/posts"}],"about":[{"href":"https:\/\/diariodominicano.com\/index.php?rest_route=\/wp\/v2\/types\/post"}],"author":[{"embeddable":true,"href":"https:\/\/diariodominicano.com\/index.php?rest_route=\/wp\/v2\/users\/3"}],"replies":[{"embeddable":true,"href":"https:\/\/diariodominicano.com\/index.php?rest_route=%2Fwp%2Fv2%2Fcomments&post=220926"}],"version-history":[{"count":0,"href":"https:\/\/diariodominicano.com\/index.php?rest_route=\/wp\/v2\/posts\/220926\/revisions"}],"wp:attachment":[{"href":"https:\/\/diariodominicano.com\/index.php?rest_route=%2Fwp%2Fv2%2Fmedia&parent=220926"}],"wp:term":[{"taxonomy":"category","embeddable":true,"href":"https:\/\/diariodominicano.com\/index.php?rest_route=%2Fwp%2Fv2%2Fcategories&post=220926"},{"taxonomy":"post_tag","embeddable":true,"href":"https:\/\/diariodominicano.com\/index.php?rest_route=%2Fwp%2Fv2%2Ftags&post=220926"}],"curies":[{"name":"wp","href":"https:\/\/api.w.org\/{rel}","templated":true}]}}