{"id":220814,"date":"2020-11-28T00:19:05","date_gmt":"2020-11-28T00:19:05","guid":{"rendered":"http:\/\/diariodominicano.ddns.net\/?p=220814"},"modified":"2020-11-28T00:19:05","modified_gmt":"2020-11-28T00:19:05","slug":"pleno-de-la-jce-con-decisiones-de-caracter-administrativo","status":"publish","type":"post","link":"https:\/\/diariodominicano.com\/?p=220814","title":{"rendered":"Pleno de la JCE con decisiones de car\u00e1cter administrativo"},"content":{"rendered":"<p><body><\/p>\n<p><strong>Diariodominicano.com<\/strong><\/p>\n<p><strong>Pleno de la JCE adopta decisiones de car\u00e1cter administrativo<\/strong><\/p>\n<p><strong> <\/strong><\/p>\n<p><strong> <\/strong><\/p>\n<p><strong>Santo Domingo. &#8211;<\/strong> El pleno de la Junta Central Electoral (JCE) en su sesi\u00f3n ordinaria del 26 de noviembre del 2020, mediante el Acta No. 57-2020, adopt\u00f3 disposiciones de car\u00e1cter administrativo. <\/p>\n<\/p>\n<p>En ese sentido, el pleno design\u00f3 a Ernesto Jorge Suncar Morales como director de Relaciones Internacionales en sustituci\u00f3n de Joel David Lantigua Peralta, quien a su vez fue designado director de Planificaci\u00f3n y Desarrollo. Dicha direcci\u00f3n fue creada con el fin de que se unifiquen los trabajos que realizan actualmente en las \u00e1reas vinculadas con la planificaci\u00f3n estrat\u00e9gica, modelos de gesti\u00f3n, desarrollo organizacional y gesti\u00f3n de calidad de la Junta Central Electoral. <\/p>\n<\/p>\n<p>De igual modo, se design\u00f3 con efectividad al 10 de diciembre de 2020, a Juana Anyernis Pe\u00f1a Ram\u00edrez de Sabater como directora Administrativa en sustituci\u00f3n de Pablo Garrido Medina renunciante. <\/p>\n<\/p>\n<p>Denny Emmanuel Diaz Mord\u00e1n como consultor jur\u00eddico en sustituci\u00f3n de Herminio Ram\u00f3n Guzm\u00e1n Caputo que pas\u00f3 a ser asesor del \u00f3rgano comicial.  Como directora de Protocolo de la JCE, Arlen Patricia Regalado Bautista en sustituci\u00f3n de Mar\u00eda del Pilar G\u00f3mez Graciano, quien fue designada Directora de Protocolo de la Escuela de Formaci\u00f3n Electoral y del Estado Civil (EFEC) cargo que estaba vacante. <\/p>\n<\/p>\n<p>Finalmente, Suedi Le\u00f3n Jim\u00e9nez como directora de Comunicaciones en sustituci\u00f3n de Laura Castellanos quien renunci\u00f3 a esa funci\u00f3n. <\/p>\n<\/p>\n<p>El pleno estuvo encabezado por su presidente, Rom\u00e1n Andr\u00e9s J\u00e1quez Liranzo, y los miembros titulares Rafael Armando Vallejo Santelises, Dolores Altagracia Fern\u00e1ndez S\u00e1nchez, Patricia Lorenzo Paniagua y Samir Rafael Chami Isa.<\/p>\n<\/p>\n<p>Direcci\u00f3n de Comunicaciones<\/p>\n<p>27 de noviembre de 2020<\/p>\n<h6> 2020-11-28 00:19:05 <\/h6>\n<p><!--\n<link rel=\"stylesheet\" href=\"css\/bootstrap.min.css\">\n\n\n<ul class=\"pagination\">\n\t    \n\t\n\n<li >\n\t<a href='?page_no=14'>Previous<\/a>\n\t<\/li>\n\n\n       \n    \n\n<li><a href='?page_no=1'>1<\/a><\/li>\n\n\n\n<li><a href='?page_no=2'>2<\/a><\/li>\n\n\n\n<li><a>...<\/a><\/li>\n\n\n\n<li><a href='?page_no=13'>13<\/a><\/li>\n\n\n\n<li><a href='?page_no=14'>14<\/a><\/li>\n\n\n\n<li class='active'><a>15<\/a><\/li>\n\n\n\n<li><a href='?page_no=16'>16<\/a><\/li>\n\n\n\n<li><a href='?page_no=17'>17<\/a><\/li>\n\n\n\n<li><a>...<\/a><\/li>\n\n\n\n<li><a href='?page_no=56169'>56169<\/a><\/li>\n\n\n\n<li><a href='?page_no=56170'>56170<\/a><\/li>\n\n    \n\t\n\n<li >\n\t<a href='?page_no=16'>Next<\/a>\n\t<\/li>\n\n\n    \n\n<li><a href='?page_no=56170'>Last &rsaquo;&rsaquo;<\/a><\/li>\n\n<\/ul>\n\n\n--><br \/>\n<\/body><\/p>\n","protected":false},"excerpt":{"rendered":"<p>Diariodominicano.com Pleno de la JCE adopta decisiones de car\u00e1cter administrativo Santo Domingo. &#8211; El pleno de la Junta Central Electoral (JCE) en su sesi\u00f3n ordinaria del 26 de noviembre del 2020, mediante el Acta No. 57-2020, adopt\u00f3 disposiciones de car\u00e1cter administrativo. En ese sentido, el pleno design\u00f3 a Ernesto Jorge Suncar Morales como director de [&hellip;]<\/p>\n","protected":false},"author":3,"featured_media":0,"comment_status":"open","ping_status":"open","sticky":false,"template":"","format":"standard","meta":{"footnotes":""},"categories":[20],"tags":[],"class_list":["post-220814","post","type-post","status-publish","format-standard","hentry","category-dominicana-hoy"],"_links":{"self":[{"href":"https:\/\/diariodominicano.com\/index.php?rest_route=\/wp\/v2\/posts\/220814","targetHints":{"allow":["GET"]}}],"collection":[{"href":"https:\/\/diariodominicano.com\/index.php?rest_route=\/wp\/v2\/posts"}],"about":[{"href":"https:\/\/diariodominicano.com\/index.php?rest_route=\/wp\/v2\/types\/post"}],"author":[{"embeddable":true,"href":"https:\/\/diariodominicano.com\/index.php?rest_route=\/wp\/v2\/users\/3"}],"replies":[{"embeddable":true,"href":"https:\/\/diariodominicano.com\/index.php?rest_route=%2Fwp%2Fv2%2Fcomments&post=220814"}],"version-history":[{"count":0,"href":"https:\/\/diariodominicano.com\/index.php?rest_route=\/wp\/v2\/posts\/220814\/revisions"}],"wp:attachment":[{"href":"https:\/\/diariodominicano.com\/index.php?rest_route=%2Fwp%2Fv2%2Fmedia&parent=220814"}],"wp:term":[{"taxonomy":"category","embeddable":true,"href":"https:\/\/diariodominicano.com\/index.php?rest_route=%2Fwp%2Fv2%2Fcategories&post=220814"},{"taxonomy":"post_tag","embeddable":true,"href":"https:\/\/diariodominicano.com\/index.php?rest_route=%2Fwp%2Fv2%2Ftags&post=220814"}],"curies":[{"name":"wp","href":"https:\/\/api.w.org\/{rel}","templated":true}]}}