{"id":220789,"date":"2015-10-13T09:54:45","date_gmt":"2015-10-13T09:54:45","guid":{"rendered":"http:\/\/diariodominicano.ddns.net\/?p=220789"},"modified":"2015-10-13T09:54:45","modified_gmt":"2015-10-13T09:54:45","slug":"benefician-a-dos-mil-199-estudiantes-en-jornada-de-salud-integral-en-constanza","status":"publish","type":"post","link":"https:\/\/diariodominicano.com\/?p=220789","title":{"rendered":"Benefician a dos mil 199 estudiantes en Jornada de Salud Integral en Constanza"},"content":{"rendered":"<p><body><\/p>\n<p><img decoding=\"async\" src=\"img3\/jorna 1.jpg\" \/><br \/><img decoding=\"async\" src=\"img3\/jorna 2.jpg\" \/><br \/><img decoding=\"async\" src=\"img3\/jorna 4.jpg\" \/>  <\/p>\n<p>Constanza, La Vega RD 13 octubre.- . El Instituto Nacional de Bienestar Estudiantil, conjuntamente con la Fundaci\u00f3n Rica, realiz\u00f3 durante dos d\u00edas una jornada de salud integral, donde se atendieron unos 2 mil 199 estudiantes de los centros educativos Padre Fantino, Colonia H\u00fangara y Colonia Kennedy del distrito escolar 06-02 de este municipio.<\/p>\n<\/p>\n<p>Esta jornada de salud integral forma parte de los acuerdos firmados entre el INABIE  y el Grupo Corporativo Rica, a trav\u00e9s de su Fundaci\u00f3n, dirigida por Wenceslao Soto, director ejecutivo. <\/p>\n<\/p>\n<p>El director del INABIE, Ren\u00e9 J\u00e1quez Gil, explic\u00f3 que esta alianza con la Fundaci\u00f3n Rica, forma parte de la responsabilidad social que ha asumido el Gobierno del presidente Danilo Medina con losm\u00e1s necesitados del pa\u00eds.<\/p>\n<\/p>\n<p>Dijo que el INABIE ha invertido millones de pesos en equipos odontol\u00f3gicos, oftalmol\u00f3gicos y auditivos, los cuales son utilizados en las jornadas de salud integral que  lleva a cabo la entidad que dirige en todas las provincias del pa\u00eds.<\/p>\n<\/p>\n<p>El funcionario expuso que los programas sociales que ejecuta el gobierno a trav\u00e9s del INABIE, como son: Salud Auditiva, Salud Preventiva, Salud Visual, Salud Bucal y Nutrici\u00f3n y Alimentaci\u00f3n Escolar ha servido para mejorar la vida de miles de estudiantes en todo el territorio nacional. <\/p>\n<\/p>\n<p>Manifest\u00f3 que en los actuales momentos el INABIE tiene firmado acuerdo de salud con diversas instituciones de la sociedad civil, destac\u00e1ndose entre ellas: la Fundaci\u00f3nRica, y  la Fundaci\u00f3n Ramiro Garc\u00eda, con esta \u00faltima se ejecuta el programa Ver Bien para Aprender, en las provincias fronterizas.<\/p>\n<\/p>\n<p>J\u00e1quez Gil expres\u00f3 que el objetivo de estos programas sociales es tener estudiantes en las escuelas p\u00fablicas, libres de enfermedades visuales, odontol\u00f3gicas, auditivas entre otras.<\/p>\n<\/p>\n<p>De su lado, el director ejecutivo de la Fundaci\u00f3n Rica, Wenceslao Soto, resalt\u00f3 que esta alianza estrat\u00e9gica entre el INABIE Y la entidad que dirige, ha servido para que cada a\u00f1o miles de ni\u00f1os se beneficien con este tipo de jornada de salud integral.<\/p>\n<\/p>\n<p>Dijo que el grupo Corporativo Rica, a trav\u00e9s de suFundaci\u00f3n, en siete a\u00f1os que llevan trabajando conjuntamente con el Ministerio de Educaci\u00f3n,ha colaborado con la educaci\u00f3n y la salud de cientos de ni\u00f1os de las escuelas p\u00fablicas de Constanza, Villa Altagracia, Barahona y Villa Mella. <\/p>\n<\/p>\n<p>Anunci\u00f3 que para el pr\u00f3ximo a\u00f1o la Fundaci\u00f3n Rica tiene en carpeta llevar a cabo, conjuntamente con el INABIE cinco jornadas de salud integral, en la zona de influencia del grupo Rica, Barahona, Villa Mella, Villa Altagracia y Constanza.<\/p>\n<\/p>\n<p>Wenceslao Soto, explic\u00f3 que la entidad que dirige desarrolla proyectos en las \u00e1reas de salud, medio ambiente y deportes.<\/p>\n<\/p>\n<h6> 2015-10-13 09:54:45 <\/h6>\n<p><!--\n<link rel=\"stylesheet\" href=\"css\/bootstrap.min.css\">\n\n\n<ul class=\"pagination\">\n\t    \n\t\n\n<li >\n\t<a href='?page_no=14976'>Previous<\/a>\n\t<\/li>\n\n\n       \n    \n\n<li><a href='?page_no=1'>1<\/a><\/li>\n\n\n\n<li><a href='?page_no=2'>2<\/a><\/li>\n\n\n\n<li><a>...<\/a><\/li>\n\n\n\n<li><a href='?page_no=14975'>14975<\/a><\/li>\n\n\n\n<li><a href='?page_no=14976'>14976<\/a><\/li>\n\n\n\n<li class='active'><a>14977<\/a><\/li>\n\n\n\n<li><a href='?page_no=14978'>14978<\/a><\/li>\n\n\n\n<li><a href='?page_no=14979'>14979<\/a><\/li>\n\n\n\n<li><a>...<\/a><\/li>\n\n\n\n<li><a href='?page_no=56169'>56169<\/a><\/li>\n\n\n\n<li><a href='?page_no=56170'>56170<\/a><\/li>\n\n    \n\t\n\n<li >\n\t<a href='?page_no=14978'>Next<\/a>\n\t<\/li>\n\n\n    \n\n<li><a href='?page_no=56170'>Last &rsaquo;&rsaquo;<\/a><\/li>\n\n<\/ul>\n\n\n--><br \/>\n<\/body><\/p>\n","protected":false},"excerpt":{"rendered":"<p>Constanza, La Vega RD 13 octubre.- . El Instituto Nacional de Bienestar Estudiantil, conjuntamente con la Fundaci\u00f3n Rica, realiz\u00f3 durante dos d\u00edas una jornada de salud integral, donde se atendieron unos 2 mil 199 estudiantes de los centros educativos Padre Fantino, Colonia H\u00fangara y Colonia Kennedy del distrito escolar 06-02 de este municipio. Esta jornada [&hellip;]<\/p>\n","protected":false},"author":3,"featured_media":0,"comment_status":"open","ping_status":"open","sticky":false,"template":"","format":"standard","meta":{"footnotes":""},"categories":[20],"tags":[],"class_list":["post-220789","post","type-post","status-publish","format-standard","hentry","category-dominicana-hoy"],"_links":{"self":[{"href":"https:\/\/diariodominicano.com\/index.php?rest_route=\/wp\/v2\/posts\/220789","targetHints":{"allow":["GET"]}}],"collection":[{"href":"https:\/\/diariodominicano.com\/index.php?rest_route=\/wp\/v2\/posts"}],"about":[{"href":"https:\/\/diariodominicano.com\/index.php?rest_route=\/wp\/v2\/types\/post"}],"author":[{"embeddable":true,"href":"https:\/\/diariodominicano.com\/index.php?rest_route=\/wp\/v2\/users\/3"}],"replies":[{"embeddable":true,"href":"https:\/\/diariodominicano.com\/index.php?rest_route=%2Fwp%2Fv2%2Fcomments&post=220789"}],"version-history":[{"count":0,"href":"https:\/\/diariodominicano.com\/index.php?rest_route=\/wp\/v2\/posts\/220789\/revisions"}],"wp:attachment":[{"href":"https:\/\/diariodominicano.com\/index.php?rest_route=%2Fwp%2Fv2%2Fmedia&parent=220789"}],"wp:term":[{"taxonomy":"category","embeddable":true,"href":"https:\/\/diariodominicano.com\/index.php?rest_route=%2Fwp%2Fv2%2Fcategories&post=220789"},{"taxonomy":"post_tag","embeddable":true,"href":"https:\/\/diariodominicano.com\/index.php?rest_route=%2Fwp%2Fv2%2Ftags&post=220789"}],"curies":[{"name":"wp","href":"https:\/\/api.w.org\/{rel}","templated":true}]}}