{"id":220663,"date":"2015-10-21T18:58:53","date_gmt":"2015-10-21T18:58:53","guid":{"rendered":"http:\/\/diariodominicano.ddns.net\/?p=220663"},"modified":"2015-10-21T18:58:53","modified_gmt":"2015-10-21T18:58:53","slug":"danilo-medina-supervisa-construccion-del-caid-santiago","status":"publish","type":"post","link":"https:\/\/diariodominicano.com\/?p=220663","title":{"rendered":"Danilo Medina supervisa construcci\u00f3n del CAID-Santiago"},"content":{"rendered":"<p><body><\/p>\n<p><img decoding=\"async\" src=\"img3\/danilocaid.jpg\" \/>  <\/p>\n<p><span class=\"text1noticias\">Santiago, RD, 21 de octubre.-El presidente Danilo Medina hizo una visita sorpresa al Centro de Atenci\u00f3n Integral para la Discapacidad (CAID), que levanta el Despacho de la Primera Dama aqu\u00ed, donde supervis\u00f3 el avance de los trabajos de construcci\u00f3n de esa obra.<\/span><\/p>\n<\/p>\n<p><span class=\"text1noticias\">El jefe de Estado y los ingenieros contratistas de la importante infraestructura que construye el Despacho de la Primera Dama, recorrieron las instalaciones en la que los ni\u00f1os y ni\u00f1as con habilidades especiales de la Regi\u00f3n Norte recibir\u00e1n atenci\u00f3n especializada.<\/span><\/p>\n<\/p>\n<p><span class=\"text1noticias\">El Presidente de la Rep\u00fablica se interes\u00f3 por algunos detalles del CAID-Santiago, recibiendo explicaciones de los ingenieros encargados de la obra, cuya inauguraci\u00f3n est\u00e1 prevista para finales de a\u00f1o.<\/span><\/p>\n<\/p>\n<p><strong><span class=\"text1noticias\">Ser\u00e1 una r\u00e9plica del CAID-Santo Domingo<\/span><\/strong><\/p>\n<\/p>\n<p><span class=\"text1noticias\">El CAID-Santiago dar\u00e1 continuidad a las pol\u00edticas p\u00fablicas de inclusi\u00f3n social que impulsa el gobierno del presidente Danilo Medina. Este centro ser\u00e1 una r\u00e9plica del que ya funciona en la capital.<\/span><\/p>\n<\/p>\n<p><strong><span class=\"text1noticias\">Otro centro en San Juan<\/span><\/strong><\/p>\n<\/p>\n<p><span class=\"text1noticias\">La asistencia gratuita y de calidad para ni\u00f1os con habilidades diferentes que ofrece el Despacho de la Primera Dama, C\u00e1ndida Montilla de Medina, ser\u00e1 una realidad en todo el pa\u00eds, para lo cual, se construye otro CAID en San Juan de la Maguana<\/span>.<\/p>\n<h6> 2015-10-21 18:58:53 <\/h6>\n<p><!--\n<link rel=\"stylesheet\" href=\"css\/bootstrap.min.css\">\n\n\n<ul class=\"pagination\">\n\t    \n\t\n\n<li >\n\t<a href='?page_no=14862'>Previous<\/a>\n\t<\/li>\n\n\n       \n    \n\n<li><a href='?page_no=1'>1<\/a><\/li>\n\n\n\n<li><a href='?page_no=2'>2<\/a><\/li>\n\n\n\n<li><a>...<\/a><\/li>\n\n\n\n<li><a href='?page_no=14861'>14861<\/a><\/li>\n\n\n\n<li><a href='?page_no=14862'>14862<\/a><\/li>\n\n\n\n<li class='active'><a>14863<\/a><\/li>\n\n\n\n<li><a href='?page_no=14864'>14864<\/a><\/li>\n\n\n\n<li><a href='?page_no=14865'>14865<\/a><\/li>\n\n\n\n<li><a>...<\/a><\/li>\n\n\n\n<li><a href='?page_no=56169'>56169<\/a><\/li>\n\n\n\n<li><a href='?page_no=56170'>56170<\/a><\/li>\n\n    \n\t\n\n<li >\n\t<a href='?page_no=14864'>Next<\/a>\n\t<\/li>\n\n\n    \n\n<li><a href='?page_no=56170'>Last &rsaquo;&rsaquo;<\/a><\/li>\n\n<\/ul>\n\n\n--><br \/>\n<\/body><\/p>\n","protected":false},"excerpt":{"rendered":"<p>Santiago, RD, 21 de octubre.-El presidente Danilo Medina hizo una visita sorpresa al Centro de Atenci\u00f3n Integral para la Discapacidad (CAID), que levanta el Despacho de la Primera Dama aqu\u00ed, donde supervis\u00f3 el avance de los trabajos de construcci\u00f3n de esa obra. El jefe de Estado y los ingenieros contratistas de la importante infraestructura que [&hellip;]<\/p>\n","protected":false},"author":3,"featured_media":0,"comment_status":"open","ping_status":"open","sticky":false,"template":"","format":"standard","meta":{"footnotes":""},"categories":[20],"tags":[],"class_list":["post-220663","post","type-post","status-publish","format-standard","hentry","category-dominicana-hoy"],"_links":{"self":[{"href":"https:\/\/diariodominicano.com\/index.php?rest_route=\/wp\/v2\/posts\/220663","targetHints":{"allow":["GET"]}}],"collection":[{"href":"https:\/\/diariodominicano.com\/index.php?rest_route=\/wp\/v2\/posts"}],"about":[{"href":"https:\/\/diariodominicano.com\/index.php?rest_route=\/wp\/v2\/types\/post"}],"author":[{"embeddable":true,"href":"https:\/\/diariodominicano.com\/index.php?rest_route=\/wp\/v2\/users\/3"}],"replies":[{"embeddable":true,"href":"https:\/\/diariodominicano.com\/index.php?rest_route=%2Fwp%2Fv2%2Fcomments&post=220663"}],"version-history":[{"count":0,"href":"https:\/\/diariodominicano.com\/index.php?rest_route=\/wp\/v2\/posts\/220663\/revisions"}],"wp:attachment":[{"href":"https:\/\/diariodominicano.com\/index.php?rest_route=%2Fwp%2Fv2%2Fmedia&parent=220663"}],"wp:term":[{"taxonomy":"category","embeddable":true,"href":"https:\/\/diariodominicano.com\/index.php?rest_route=%2Fwp%2Fv2%2Fcategories&post=220663"},{"taxonomy":"post_tag","embeddable":true,"href":"https:\/\/diariodominicano.com\/index.php?rest_route=%2Fwp%2Fv2%2Ftags&post=220663"}],"curies":[{"name":"wp","href":"https:\/\/api.w.org\/{rel}","templated":true}]}}