{"id":219855,"date":"2016-01-02T14:06:45","date_gmt":"2016-01-02T14:06:45","guid":{"rendered":"http:\/\/diariodominicano.ddns.net\/?p=219855"},"modified":"2016-01-02T14:06:45","modified_gmt":"2016-01-02T14:06:45","slug":"reportan-41-muertos-por-accidentes-en-feriados-dominicanos","status":"publish","type":"post","link":"https:\/\/diariodominicano.com\/?p=219855","title":{"rendered":"Reportan 41 muertos por accidentes en feriados dominicanos"},"content":{"rendered":"<p><body><\/p>\n<p><img decoding=\"async\" src=\"img3\/coe.jpeg\" \/>  <\/p>\n<p><span class=\"text1noticias\">Santo Domingo, 2 ene (PL) El Centro de Operaciones de Emergencias (COE) report\u00f3 que hasta 41 personas murieron en accidentes durante los feriados dominicanos de Navidad y A\u00f1o Nuevo.<\/span><\/p>\n<\/p>\n<p><span class=\"text1noticias\">El COE precis\u00f3 en su tercer bolet\u00edn que ya van por 21 el n\u00famero de muertos por accidentes de tr\u00e1nsito durante el asueto.<\/span><\/p>\n<\/p>\n<p><span class=\"text1noticias\">En ese per\u00edodo ocurrieron 468 accidentes viales, donde resultaron lesionadas adem\u00e1s 589 personas.<\/span><\/p>\n<\/p>\n<p><span class=\"text1noticias\">Otras 29 sufrieron intoxicaci\u00f3n alimentarias y 206 intoxicaciones alcoh\u00f3licas, a\u00f1adi\u00f3.<\/span><\/p>\n<\/p>\n<p><span class=\"text1noticias\">Al unificar las cifras de los dos feriados (de Navidad y A\u00f1o Nuevo), el director del COE, general Juan Manuel M\u00e9ndez, dijo que hay en total 41 fallecidos por accidentes de tr\u00e1nsito.<\/span><\/p>\n<\/p>\n<p><span class=\"text1noticias\">Esa cifra es un 13 por ciento menos que en igual per\u00edodo de 2014-2015 cuando murieron 47 personas, observ\u00f3.<\/span><\/p>\n<\/p>\n<p><span class=\"text1noticias\">En las dos fases del operativo desplegado por los feriados se registraron un total de 808 accidentes del tr\u00e1nsito, un 16,62 por ciento menos que el a\u00f1o anterior cuando sumaron 969.<\/span><\/p>\n<\/p>\n<p><span class=\"text1noticias\">Tambi\u00e9n disminuy\u00f3 el n\u00famero de lesionados en esos accidentes pues el a\u00f1o pasado fueron mil 294 y en el actual suman mil 37, un 20 por ciento menos, apunt\u00f3 M\u00e9ndez<\/span>.<\/p>\n<h6> 2016-01-02 14:06:45 <\/h6>\n<p><!--\n<link rel=\"stylesheet\" href=\"css\/bootstrap.min.css\">\n\n\n<ul class=\"pagination\">\n\t    \n\t\n\n<li >\n\t<a href='?page_no=14134'>Previous<\/a>\n\t<\/li>\n\n\n       \n    \n\n<li><a href='?page_no=1'>1<\/a><\/li>\n\n\n\n<li><a href='?page_no=2'>2<\/a><\/li>\n\n\n\n<li><a>...<\/a><\/li>\n\n\n\n<li><a href='?page_no=14133'>14133<\/a><\/li>\n\n\n\n<li><a href='?page_no=14134'>14134<\/a><\/li>\n\n\n\n<li class='active'><a>14135<\/a><\/li>\n\n\n\n<li><a href='?page_no=14136'>14136<\/a><\/li>\n\n\n\n<li><a href='?page_no=14137'>14137<\/a><\/li>\n\n\n\n<li><a>...<\/a><\/li>\n\n\n\n<li><a href='?page_no=56169'>56169<\/a><\/li>\n\n\n\n<li><a href='?page_no=56170'>56170<\/a><\/li>\n\n    \n\t\n\n<li >\n\t<a href='?page_no=14136'>Next<\/a>\n\t<\/li>\n\n\n    \n\n<li><a href='?page_no=56170'>Last &rsaquo;&rsaquo;<\/a><\/li>\n\n<\/ul>\n\n\n--><br \/>\n<\/body><\/p>\n","protected":false},"excerpt":{"rendered":"<p>Santo Domingo, 2 ene (PL) El Centro de Operaciones de Emergencias (COE) report\u00f3 que hasta 41 personas murieron en accidentes durante los feriados dominicanos de Navidad y A\u00f1o Nuevo. El COE precis\u00f3 en su tercer bolet\u00edn que ya van por 21 el n\u00famero de muertos por accidentes de tr\u00e1nsito durante el asueto. En ese per\u00edodo [&hellip;]<\/p>\n","protected":false},"author":3,"featured_media":0,"comment_status":"open","ping_status":"open","sticky":false,"template":"","format":"standard","meta":{"footnotes":""},"categories":[20],"tags":[],"class_list":["post-219855","post","type-post","status-publish","format-standard","hentry","category-dominicana-hoy"],"_links":{"self":[{"href":"https:\/\/diariodominicano.com\/index.php?rest_route=\/wp\/v2\/posts\/219855","targetHints":{"allow":["GET"]}}],"collection":[{"href":"https:\/\/diariodominicano.com\/index.php?rest_route=\/wp\/v2\/posts"}],"about":[{"href":"https:\/\/diariodominicano.com\/index.php?rest_route=\/wp\/v2\/types\/post"}],"author":[{"embeddable":true,"href":"https:\/\/diariodominicano.com\/index.php?rest_route=\/wp\/v2\/users\/3"}],"replies":[{"embeddable":true,"href":"https:\/\/diariodominicano.com\/index.php?rest_route=%2Fwp%2Fv2%2Fcomments&post=219855"}],"version-history":[{"count":0,"href":"https:\/\/diariodominicano.com\/index.php?rest_route=\/wp\/v2\/posts\/219855\/revisions"}],"wp:attachment":[{"href":"https:\/\/diariodominicano.com\/index.php?rest_route=%2Fwp%2Fv2%2Fmedia&parent=219855"}],"wp:term":[{"taxonomy":"category","embeddable":true,"href":"https:\/\/diariodominicano.com\/index.php?rest_route=%2Fwp%2Fv2%2Fcategories&post=219855"},{"taxonomy":"post_tag","embeddable":true,"href":"https:\/\/diariodominicano.com\/index.php?rest_route=%2Fwp%2Fv2%2Ftags&post=219855"}],"curies":[{"name":"wp","href":"https:\/\/api.w.org\/{rel}","templated":true}]}}