{"id":219851,"date":"2016-01-03T21:25:02","date_gmt":"2016-01-03T21:25:02","guid":{"rendered":"http:\/\/diariodominicano.ddns.net\/?p=219851"},"modified":"2016-01-03T21:25:02","modified_gmt":"2016-01-03T21:25:02","slug":"mandatario-viajara-a-toma-de-posesion-del-nuevo-presidente-guatemala","status":"publish","type":"post","link":"https:\/\/diariodominicano.com\/?p=219851","title":{"rendered":"Mandatario viajar\u00e1 a toma de posesi\u00f3n del nuevo presidente Guatemala"},"content":{"rendered":"<p><body><\/p>\n<p><img decoding=\"async\" src=\"img3\/morales 1.jpg\" \/><br \/><img decoding=\"async\" src=\"img3\/medina 4.jpg\" \/>  <\/p>\n<p>Guatemala, 4 enero (PL) Ocho presidentes, un primer ministro, un vicepresidente y el rey em\u00e9rito de Espa\u00f1a, Juan Carlos I, confirmaron hasta hoy su eventual asistencia a la investidura de Jimmy Morales como gobernante de Guatemala, el 14 de enero.<\/p>\n<\/p>\n<p>No obstante, en los pr\u00f3ximos d\u00edas otros jefes de Estado pudieran sumarse a la lista de invitados a la ceremonia que tendr\u00e1 como sede el capitalino Centro Cultural Miguel \u00c1ngel Asturias, sugiri\u00f3 el secretario de Comunicaci\u00f3n Social de la Presidencia, Alejandro Palmieri.<\/p>\n<\/p>\n<p>Los presidentes que ratificaron son Rafael Correa, de Ecuador, Daniel Ortega (Nicaragua), Juan Manuel Santos (Colombia), Luis Guillermo Sol\u00eds (Costa Rica), Salvador S\u00e1nchez Cer\u00e9n (El Salvador), Juan Orlando Hern\u00e1ndez (Honduras), Enrique Pe\u00f1a Nieto (M\u00e9xico), <strong>y Danilo Medina (Rep\u00fablica Dominicana).<\/strong><\/p>\n<\/p>\n<p>Tambi\u00e9n el primer ministro de Belice, Dean Barrow; el rey em\u00e9rito de Espa\u00f1a, Juan Carlos I; y el vicepresidente de Estados Unidos, Joseph Biden.<\/p>\n<\/p>\n<p>El representante del Frente de Convergencia Nacional tomar\u00e1 la banda presidencial de Alejandro Maldonado, en el cargo desde el 3 de septiembre tras la renuncia forzada de su predecesor, Otto P\u00e9rez Molina (2012-2015); en prisi\u00f3n por asociaci\u00f3n il\u00edcita, caso especial de defraudaci\u00f3n aduanera y cohecho pasivo.<\/p>\n<\/p>\n<p>Probablemente el mayor desaf\u00edo para quien se autodefine en su cuenta en la red social Facebook como \u00abempresario, actor, director y productor de cine\u00bb es mantener el respaldo de los dos millones 750 mil 847 guatemaltecos y guatemaltecas que le dieron su voto en el balotaje del 25 de octubre de 2016.<\/p>\n<\/p>\n<p>Para lograrlo, Morales deber\u00e1 tratar de revertir la crisis legada en el sector de la salud, en educaci\u00f3n, en cuanto a la seguridad, y a la pobreza, pero sobre todo respecto a la corrupci\u00f3n que atraviesa todas las estructuras del Estado y que motiv\u00f3 las marchas masivas de la ciudadan\u00eda 20 s\u00e1bados consecutivos en 2015.<\/p>\n<\/p>\n<p>Analistas coinciden en la complejidad de los desaf\u00edos que deber\u00e1 enfrentar el pr\u00f3ximo gobernante, nacido el 18 de marzo de 1969 y sin mayores experiencias en el terreno de la pol\u00edtica, m\u00e1ximo si se considera la escasa presencia y fragilidad de su partido en el Congreso de la Rep\u00fablica.<\/p>\n<\/p>\n<h6> 2016-01-03 21:25:02 <\/h6>\n<p><!--\n<link rel=\"stylesheet\" href=\"css\/bootstrap.min.css\">\n\n\n<ul class=\"pagination\">\n\t    \n\t\n\n<li >\n\t<a href='?page_no=14130'>Previous<\/a>\n\t<\/li>\n\n\n       \n    \n\n<li><a href='?page_no=1'>1<\/a><\/li>\n\n\n\n<li><a href='?page_no=2'>2<\/a><\/li>\n\n\n\n<li><a>...<\/a><\/li>\n\n\n\n<li><a href='?page_no=14129'>14129<\/a><\/li>\n\n\n\n<li><a href='?page_no=14130'>14130<\/a><\/li>\n\n\n\n<li class='active'><a>14131<\/a><\/li>\n\n\n\n<li><a href='?page_no=14132'>14132<\/a><\/li>\n\n\n\n<li><a href='?page_no=14133'>14133<\/a><\/li>\n\n\n\n<li><a>...<\/a><\/li>\n\n\n\n<li><a href='?page_no=56169'>56169<\/a><\/li>\n\n\n\n<li><a href='?page_no=56170'>56170<\/a><\/li>\n\n    \n\t\n\n<li >\n\t<a href='?page_no=14132'>Next<\/a>\n\t<\/li>\n\n\n    \n\n<li><a href='?page_no=56170'>Last &rsaquo;&rsaquo;<\/a><\/li>\n\n<\/ul>\n\n\n--><br \/>\n<\/body><\/p>\n","protected":false},"excerpt":{"rendered":"<p>Guatemala, 4 enero (PL) Ocho presidentes, un primer ministro, un vicepresidente y el rey em\u00e9rito de Espa\u00f1a, Juan Carlos I, confirmaron hasta hoy su eventual asistencia a la investidura de Jimmy Morales como gobernante de Guatemala, el 14 de enero. No obstante, en los pr\u00f3ximos d\u00edas otros jefes de Estado pudieran sumarse a la lista [&hellip;]<\/p>\n","protected":false},"author":3,"featured_media":0,"comment_status":"open","ping_status":"open","sticky":false,"template":"","format":"standard","meta":{"footnotes":""},"categories":[20],"tags":[],"class_list":["post-219851","post","type-post","status-publish","format-standard","hentry","category-dominicana-hoy"],"_links":{"self":[{"href":"https:\/\/diariodominicano.com\/index.php?rest_route=\/wp\/v2\/posts\/219851","targetHints":{"allow":["GET"]}}],"collection":[{"href":"https:\/\/diariodominicano.com\/index.php?rest_route=\/wp\/v2\/posts"}],"about":[{"href":"https:\/\/diariodominicano.com\/index.php?rest_route=\/wp\/v2\/types\/post"}],"author":[{"embeddable":true,"href":"https:\/\/diariodominicano.com\/index.php?rest_route=\/wp\/v2\/users\/3"}],"replies":[{"embeddable":true,"href":"https:\/\/diariodominicano.com\/index.php?rest_route=%2Fwp%2Fv2%2Fcomments&post=219851"}],"version-history":[{"count":0,"href":"https:\/\/diariodominicano.com\/index.php?rest_route=\/wp\/v2\/posts\/219851\/revisions"}],"wp:attachment":[{"href":"https:\/\/diariodominicano.com\/index.php?rest_route=%2Fwp%2Fv2%2Fmedia&parent=219851"}],"wp:term":[{"taxonomy":"category","embeddable":true,"href":"https:\/\/diariodominicano.com\/index.php?rest_route=%2Fwp%2Fv2%2Fcategories&post=219851"},{"taxonomy":"post_tag","embeddable":true,"href":"https:\/\/diariodominicano.com\/index.php?rest_route=%2Fwp%2Fv2%2Ftags&post=219851"}],"curies":[{"name":"wp","href":"https:\/\/api.w.org\/{rel}","templated":true}]}}