{"id":219850,"date":"2016-01-03T22:07:30","date_gmt":"2016-01-03T22:07:30","guid":{"rendered":"http:\/\/diariodominicano.ddns.net\/?p=219850"},"modified":"2016-01-03T22:07:30","modified_gmt":"2016-01-03T22:07:30","slug":"candida-montilla-ninos-son-la-esperanza-de-la-humanidad-en-la-union-familiar","status":"publish","type":"post","link":"https:\/\/diariodominicano.com\/?p=219850","title":{"rendered":"C\u00e1ndida Montilla: \u00abNi\u00f1os son la esperanza de la humanidad en la uni\u00f3n familiar\u00bb"},"content":{"rendered":"<p><body><\/p>\n<p><img decoding=\"async\" src=\"img3\/unnamed.jpg\" \/><br \/><img decoding=\"async\" src=\"img3\/entrega_de_juguetes_0.jpg\" \/>  <\/p>\n<p><span class=\"text1noticias\">Santo Domingo, R. D., 4 de diciembre (DICOM).- La Primera Dama de la Rep\u00fablica proclam\u00f3 hoy que los ni\u00f1os son portadores de la esperanza de una humanidad reconciliada con los m\u00e1s altos valores morales y espirituales.<\/span><\/p>\n<p><span class=\"text1noticias\"> <\/span><\/p>\n<p><span class=\"text1noticias\">C\u00e1ndida Montilla de Medina consider\u00f3 que la ofrenda de los Reyes Magos, con la que se anuncia el reinado del cristianismo, constituy\u00f3 una pr\u00e9dica y un compromiso real con la justicia, la igualdad, la fraternidad y el amor al pr\u00f3jimo.<\/span><\/p>\n<p><span class=\"text1noticias\"> <\/span><\/p>\n<p><span class=\"text1noticias\">Dijo que desea compartir con las familias dominicanas el mensaje de uni\u00f3n familiar, entrega y respeto entre todos para que exista una real convivencia en la sociedad.<\/span><\/p>\n<p><span class=\"text1noticias\"> <\/span><\/p>\n<p><span class=\"text1noticias\">D\u00eda de la Epifan\u00eda o de los Santos Reyes       <\/span><\/p>\n<p><span class=\"text1noticias\"> <\/span><\/p>\n<p><span class=\"text1noticias\">La esposa  del  presidente  Danilo Medina  pronunci\u00f3 las palabras centrales del acto que tradicionalmente ofrece su Despacho cada a\u00f1o para ni\u00f1os y ni\u00f1as, en la celebraci\u00f3n del D\u00eda de la Epifan\u00eda o de los Santos Reyes,  que incluye la entrega de miles de juguetes y la presentaci\u00f3n de la obra \u00abArbolito, el alma de la Navidad\u00bb.<\/span><\/p>\n<p><span class=\"text1noticias\"> <\/span><\/p>\n<p><span class=\"text1noticias\">\u00abCada 6 de enero el mundo cristiano conmemora la adoraci\u00f3n de los Reyes Magos al ni\u00f1o Jes\u00fas, nacido en Bel\u00e9n para redimir al mundo. La conmemoraci\u00f3n de la Epifan\u00eda est\u00e1 cargada de un bello y prometedor simbolismo\u00bb.<\/span><\/p>\n<p><span class=\"text1noticias\"> <\/span><\/p>\n<p><span class=\"text1noticias\">Fecha propicia para la reflexi\u00f3n<\/span><\/p>\n<p><span class=\"text1noticias\"> <\/span><\/p>\n<p><span class=\"text1noticias\">Expres\u00f3 la Primera Dama de la Rep\u00fablica que esa acci\u00f3n, que ahora es celebrada por el mundo cat\u00f3lico, va m\u00e1s all\u00e1 de la inducci\u00f3n a la posibilidad de la salvaci\u00f3n individual, por lo que debe servir de reflexi\u00f3n a toda la humanidad.\u00bb<\/span><\/p>\n<p><span class=\"text1noticias\"> <\/span><\/p>\n<p><span class=\"text1noticias\">\u00abLa obra que presentamos este a\u00f1o, hija del talento de Aidita Selman, expone la capacidad que tienen ni\u00f1os y ni\u00f1as para ayudar a construir la paz y hacer florecer el amor\u00bb, dijo Montilla de Medina.<\/span><\/p>\n<p><span class=\"text1noticias\"> <\/span><\/p>\n<p><span class=\"text1noticias\">Uni\u00f3n familiar<\/span><\/p>\n<p><span class=\"text1noticias\"> <\/span><\/p>\n<p><span class=\"text1noticias\">\u00abNos habla de la sabidur\u00eda de los ni\u00f1os y las ni\u00f1as para ayudarnos a nosotros, los adultos, a mantener vivo el impulso de apretar cada d\u00eda m\u00e1s los lazos de la uni\u00f3n familiar, de la entrega y del respeto\u00bb.<\/span><\/p>\n<p><span class=\"text1noticias\"> <\/span><\/p>\n<p><span class=\"text1noticias\">\u00abArbolito, el alma de la Navidad\u00bb<\/span><\/p>\n<p><span class=\"text1noticias\"> <\/span><\/p>\n<p><span class=\"text1noticias\">Este a\u00f1o 2016, la obra titulada \u00abArbolito, el alma de la Navidad\u00bb cuenta el significado de los s\u00edmbolos del arbolito.<\/span><\/p>\n<p><span class=\"text1noticias\"> <\/span><\/p>\n<p><span class=\"text1noticias\">Las velas, que representan la luz de Cristo; la Estrella de Bel\u00e9n, que simboliza la fe que gu\u00eda la vida del cristiano; las bolas, originalmente manzanas, que representaban las tentaciones, art\u00edculos que en su conjunto simbolizan los dones de Dios a los hombres en la actualidad.<\/span><\/p>\n<p><span class=\"text1noticias\"> <\/span><\/p>\n<p><span class=\"text1noticias\">\u00abArbolito, el alma de la Navidad\u00bb resalta como Od\u00edn, el rey de la guerra de la mitolog\u00eda n\u00f3rdica se propone el fin de la Navidad, con el objetivo de reclutar a los ni\u00f1os como guerreros, ayudado por sus guerreras, las Valkirias.<\/span><\/p>\n<p><span class=\"text1noticias\"> <\/span><\/p>\n<p><span class=\"text1noticias\">Cortan el \u00e1rbol de Navidad, que se origin\u00f3 en los pa\u00edses n\u00f3rdicos y lo sustituyen por el \u00e1rbol tenebroso del Universo, en cuya copa se encuentra la morada de los dioses y en las ra\u00edces, el reino de los muertos.<\/span><\/p>\n<p><span class=\"text1noticias\"> <\/span><\/p>\n<p><span class=\"text1noticias\">Ni\u00f1os liberados<\/span><\/p>\n<p><span class=\"text1noticias\"> <\/span><\/p>\n<p><span class=\"text1noticias\">Despu\u00e9s de varios sucesos por la malvada obra del rey Od\u00edn,  el alma de la Navidad libera a los ni\u00f1os prisioneros y los env\u00eda con la misi\u00f3n de que les informen a los ni\u00f1os de todo el mundo que canten en la v\u00edspera de la Noche Buena junto al \u00e1rbol para celebrar en familia la Navidad.<\/span><\/p>\n<p><span class=\"text1noticias\"> <\/span><\/p>\n<p><span class=\"text1noticias\">Un mensaje de amor y paz<\/span><\/p>\n<p><span class=\"text1noticias\"> <\/span><\/p>\n<p><span class=\"text1noticias\">Es una obra con un mensaje para toda la familia, esencialmente para los ni\u00f1os, con el prop\u00f3sito de que no dejen morir el esp\u00edritu navide\u00f1o y que siempre mantengan la fe y conf\u00eden en el milagro de Jes\u00fas.<\/span><\/p>\n<p><span class=\"text1noticias\"> <\/span><\/p>\n<p><span class=\"text1noticias\">Ficha t\u00e9cnica<\/span><\/p>\n<p><span class=\"text1noticias\"> <\/span><\/p>\n<p><span class=\"text1noticias\">La producci\u00f3n general de la obra teatral es de Fidel L\u00f3pez, con gui\u00f3n y direcci\u00f3n art\u00edstica de Aidita Selman.<\/span><\/p>\n<p><span class=\"text1noticias\"> <\/span><\/p>\n<p><span class=\"text1noticias\">La direcci\u00f3n teatral es de Lorena Oliva; la producci\u00f3n musical de Gustavo Rodr\u00edguez y la coreograf\u00eda de Alina Abreu.<\/span><\/p>\n<p><span class=\"text1noticias\"> <\/span><\/p>\n<p><span class=\"text1noticias\">El vestuario est\u00e1 a cargo de Magaly Rodr\u00edguez; el maquillaje de Warde Brea, la peluquer\u00eda de Xiomara Garc\u00eda y el dise\u00f1o de luces es responsabilidad de Lillyana D\u00edaz y el equipo de luces de Carlos Souz de Inventivas.<\/span><\/p>\n<p><span class=\"text1noticias\"> <\/span><\/p>\n<p><span class=\"text1noticias\">Actores y actrices<\/span><\/p>\n<p><span class=\"text1noticias\"> <\/span><\/p>\n<p><span class=\"text1noticias\">Los actores que participan son Mar\u00eda Del Mar, Raeldo L\u00f3pez, Cindy Gal\u00e1n,  Karina Valdez Castillo, Paloma Palacios, Pamela Herdiz y  Robelitza P\u00e9rez.<\/span><\/p>\n<p><span class=\"text1noticias\"> <\/span><\/p>\n<p><span class=\"text1noticias\">En la actuaci\u00f3n infantil participan Felipe Avil\u00e9s Blonda Hern\u00e1ndez, Florencia Pezzi Rosoli, Joaqu\u00edn Venegas Oliva, Lucia Venegas Oliva y Valentina Lemonnier Cabrera.<\/span><\/p>\n<p><span class=\"text1noticias\"> <\/span><\/p>\n<p><span class=\"text1noticias\">Entrega de juguetes<\/span><\/p>\n<p><span class=\"text1noticias\"> <\/span><\/p>\n<p><span class=\"text1noticias\">\u00abArbolito,  el alma de la Navidad\u00bb, se presenta los d\u00edas 3 y 4 de enero del 2016, en el Palacio de Bellas Artes, donde tambi\u00e9n ser\u00e1n repartidos juguetes a los ni\u00f1os y ni\u00f1as asistentes, al finalizar la  funci\u00f3n de la obra.<\/span><\/p>\n<p><span class=\"text1noticias\"> <\/span><\/p>\n<p><span class=\"text1noticias\">Adem\u00e1s, el Despacho de la Primera Dama distribuir\u00e1 juguetes, como cada a\u00f1o, a trav\u00e9s de parroquias, juntas de vecinos, organizaciones gremiales, profesionales y otras entidades comunitarias, para que ni\u00f1os y ni\u00f1as del pa\u00eds reciban la alegr\u00eda y mantengan vivas en ellos la gracia d<\/span>el nacimiento del ni\u00f1o Jes\u00fas.<\/p>\n<h6> 2016-01-03 22:07:30 <\/h6>\n<p><!--\n<link rel=\"stylesheet\" href=\"css\/bootstrap.min.css\">\n\n\n<ul class=\"pagination\">\n\t    \n\t\n\n<li >\n\t<a href='?page_no=14129'>Previous<\/a>\n\t<\/li>\n\n\n       \n    \n\n<li><a href='?page_no=1'>1<\/a><\/li>\n\n\n\n<li><a href='?page_no=2'>2<\/a><\/li>\n\n\n\n<li><a>...<\/a><\/li>\n\n\n\n<li><a href='?page_no=14128'>14128<\/a><\/li>\n\n\n\n<li><a href='?page_no=14129'>14129<\/a><\/li>\n\n\n\n<li class='active'><a>14130<\/a><\/li>\n\n\n\n<li><a href='?page_no=14131'>14131<\/a><\/li>\n\n\n\n<li><a href='?page_no=14132'>14132<\/a><\/li>\n\n\n\n<li><a>...<\/a><\/li>\n\n\n\n<li><a href='?page_no=56169'>56169<\/a><\/li>\n\n\n\n<li><a href='?page_no=56170'>56170<\/a><\/li>\n\n    \n\t\n\n<li >\n\t<a href='?page_no=14131'>Next<\/a>\n\t<\/li>\n\n\n    \n\n<li><a href='?page_no=56170'>Last &rsaquo;&rsaquo;<\/a><\/li>\n\n<\/ul>\n\n\n--><br \/>\n<\/body><\/p>\n","protected":false},"excerpt":{"rendered":"<p>Santo Domingo, R. D., 4 de diciembre (DICOM).- La Primera Dama de la Rep\u00fablica proclam\u00f3 hoy que los ni\u00f1os son portadores de la esperanza de una humanidad reconciliada con los m\u00e1s altos valores morales y espirituales. C\u00e1ndida Montilla de Medina consider\u00f3 que la ofrenda de los Reyes Magos, con la que se anuncia el reinado [&hellip;]<\/p>\n","protected":false},"author":3,"featured_media":0,"comment_status":"open","ping_status":"open","sticky":false,"template":"","format":"standard","meta":{"footnotes":""},"categories":[20],"tags":[],"class_list":["post-219850","post","type-post","status-publish","format-standard","hentry","category-dominicana-hoy"],"_links":{"self":[{"href":"https:\/\/diariodominicano.com\/index.php?rest_route=\/wp\/v2\/posts\/219850","targetHints":{"allow":["GET"]}}],"collection":[{"href":"https:\/\/diariodominicano.com\/index.php?rest_route=\/wp\/v2\/posts"}],"about":[{"href":"https:\/\/diariodominicano.com\/index.php?rest_route=\/wp\/v2\/types\/post"}],"author":[{"embeddable":true,"href":"https:\/\/diariodominicano.com\/index.php?rest_route=\/wp\/v2\/users\/3"}],"replies":[{"embeddable":true,"href":"https:\/\/diariodominicano.com\/index.php?rest_route=%2Fwp%2Fv2%2Fcomments&post=219850"}],"version-history":[{"count":0,"href":"https:\/\/diariodominicano.com\/index.php?rest_route=\/wp\/v2\/posts\/219850\/revisions"}],"wp:attachment":[{"href":"https:\/\/diariodominicano.com\/index.php?rest_route=%2Fwp%2Fv2%2Fmedia&parent=219850"}],"wp:term":[{"taxonomy":"category","embeddable":true,"href":"https:\/\/diariodominicano.com\/index.php?rest_route=%2Fwp%2Fv2%2Fcategories&post=219850"},{"taxonomy":"post_tag","embeddable":true,"href":"https:\/\/diariodominicano.com\/index.php?rest_route=%2Fwp%2Fv2%2Ftags&post=219850"}],"curies":[{"name":"wp","href":"https:\/\/api.w.org\/{rel}","templated":true}]}}