{"id":219682,"date":"2016-01-20T07:44:10","date_gmt":"2016-01-20T07:44:10","guid":{"rendered":"http:\/\/diariodominicano.ddns.net\/?p=219682"},"modified":"2016-01-20T07:44:10","modified_gmt":"2016-01-20T07:44:10","slug":"centro-de-operaciones-de-emergencias-pone-en-marcha-operativo-de-seguridad-en-vispera-dia-de-la-altagracia","status":"publish","type":"post","link":"https:\/\/diariodominicano.com\/?p=219682","title":{"rendered":"Centro de Operaciones de Emergencias pone en marcha operativo de seguridad en v\u00edspera D\u00eda de La Altagracia"},"content":{"rendered":"<p><body><\/p>\n<p><img decoding=\"async\" src=\"img3\/ya 3.jpg\" \/><br \/><img decoding=\"async\" src=\"img3\/anda 1.jpeg\" \/><br \/><img decoding=\"async\" src=\"img3\/ge 2.jpeg\" \/>  <\/p>\n<p>Santo Domingo RD 20 enero.- El Centro de Operaciones de Emergencias (COE) anunci\u00f3 que a partir de hoy a las 8:00 de la ma\u00f1ana iniciar\u00e1 el operativo \u00abVirgen de La Altagracia 2016\u00bb, el cual concluir\u00e1 el jueves a las 6:00 de la tarde.<\/p>\n<\/p>\n<p>Seg\u00fan un comunicado, el operativo contar\u00e1 con la participaci\u00f3n de 3,521 personas, ubicadas en puntos estrat\u00e9gicos previamente establecidos en las principales autopistas y carreteras que conducen a la provincia La Altagracia. <\/p>\n<\/p>\n<p>\u00abEste operativo Altagraciano tiene como prop\u00f3sito prevenir y responder de forma apropiada ante las emergencias que se generen durante la conmemoraci\u00f3n del d\u00eda de La Altagracia\u00bb, explic\u00f3 la entidad.  <\/p>\n<\/p>\n<p>Asimismo, inform\u00f3 que instalar\u00e1n 51 puestos de socorros en la regi\u00f3n este y 50 puestos en las dem\u00e1s autopistas del pa\u00eds, para un total de 101 puestos, los cuales tendr\u00e1n como misi\u00f3n fundamental dar asistencia a los feligreses que se dirijan a la provincia La Altagracia.. <\/p>\n<\/p>\n<p>Tambi\u00e9n ser\u00e1n distribuidas 30 unidades de ambulancias, ubicadas en puntos cr\u00edticos en funci\u00f3n de los accidentes que durante el a\u00f1o han ocurridos en carreteras y 1 Helic\u00f3ptero que cubrir\u00e1 la zona este para atender cualquier situaci\u00f3n extrema que se presente.<\/p>\n<\/p>\n<p>Dentro del per\u00edmetro de la Bas\u00edlica de Hig\u00fcey  se instalar\u00e1n dos consultorios m\u00e9dicos para la atenci\u00f3n y traslado a los centros de salud de aquellas personas que lo ameriten, dos hospitales de campa\u00f1a, un centro de atenci\u00f3n a ni\u00f1os, ni\u00f1as y adolescentes extraviados, adem\u00e1s de un centro de coordinaci\u00f3n para facilitar las operaciones entre las instituciones presentes.<\/p>\n<h6> 2016-01-20 07:44:10 <\/h6>\n<p><!--\n<link rel=\"stylesheet\" href=\"css\/bootstrap.min.css\">\n\n\n<ul class=\"pagination\">\n\t    \n\t\n\n<li >\n\t<a href='?page_no=13979'>Previous<\/a>\n\t<\/li>\n\n\n       \n    \n\n<li><a href='?page_no=1'>1<\/a><\/li>\n\n\n\n<li><a href='?page_no=2'>2<\/a><\/li>\n\n\n\n<li><a>...<\/a><\/li>\n\n\n\n<li><a href='?page_no=13978'>13978<\/a><\/li>\n\n\n\n<li><a href='?page_no=13979'>13979<\/a><\/li>\n\n\n\n<li class='active'><a>13980<\/a><\/li>\n\n\n\n<li><a href='?page_no=13981'>13981<\/a><\/li>\n\n\n\n<li><a href='?page_no=13982'>13982<\/a><\/li>\n\n\n\n<li><a>...<\/a><\/li>\n\n\n\n<li><a href='?page_no=56169'>56169<\/a><\/li>\n\n\n\n<li><a href='?page_no=56170'>56170<\/a><\/li>\n\n    \n\t\n\n<li >\n\t<a href='?page_no=13981'>Next<\/a>\n\t<\/li>\n\n\n    \n\n<li><a href='?page_no=56170'>Last &rsaquo;&rsaquo;<\/a><\/li>\n\n<\/ul>\n\n\n--><br \/>\n<\/body><\/p>\n","protected":false},"excerpt":{"rendered":"<p>Santo Domingo RD 20 enero.- El Centro de Operaciones de Emergencias (COE) anunci\u00f3 que a partir de hoy a las 8:00 de la ma\u00f1ana iniciar\u00e1 el operativo \u00abVirgen de La Altagracia 2016\u00bb, el cual concluir\u00e1 el jueves a las 6:00 de la tarde. Seg\u00fan un comunicado, el operativo contar\u00e1 con la participaci\u00f3n de 3,521 personas, [&hellip;]<\/p>\n","protected":false},"author":3,"featured_media":0,"comment_status":"open","ping_status":"open","sticky":false,"template":"","format":"standard","meta":{"footnotes":""},"categories":[20],"tags":[],"class_list":["post-219682","post","type-post","status-publish","format-standard","hentry","category-dominicana-hoy"],"_links":{"self":[{"href":"https:\/\/diariodominicano.com\/index.php?rest_route=\/wp\/v2\/posts\/219682","targetHints":{"allow":["GET"]}}],"collection":[{"href":"https:\/\/diariodominicano.com\/index.php?rest_route=\/wp\/v2\/posts"}],"about":[{"href":"https:\/\/diariodominicano.com\/index.php?rest_route=\/wp\/v2\/types\/post"}],"author":[{"embeddable":true,"href":"https:\/\/diariodominicano.com\/index.php?rest_route=\/wp\/v2\/users\/3"}],"replies":[{"embeddable":true,"href":"https:\/\/diariodominicano.com\/index.php?rest_route=%2Fwp%2Fv2%2Fcomments&post=219682"}],"version-history":[{"count":0,"href":"https:\/\/diariodominicano.com\/index.php?rest_route=\/wp\/v2\/posts\/219682\/revisions"}],"wp:attachment":[{"href":"https:\/\/diariodominicano.com\/index.php?rest_route=%2Fwp%2Fv2%2Fmedia&parent=219682"}],"wp:term":[{"taxonomy":"category","embeddable":true,"href":"https:\/\/diariodominicano.com\/index.php?rest_route=%2Fwp%2Fv2%2Fcategories&post=219682"},{"taxonomy":"post_tag","embeddable":true,"href":"https:\/\/diariodominicano.com\/index.php?rest_route=%2Fwp%2Fv2%2Ftags&post=219682"}],"curies":[{"name":"wp","href":"https:\/\/api.w.org\/{rel}","templated":true}]}}