{"id":219678,"date":"2016-01-20T10:02:48","date_gmt":"2016-01-20T10:02:48","guid":{"rendered":"http:\/\/diariodominicano.ddns.net\/?p=219678"},"modified":"2016-01-20T10:02:48","modified_gmt":"2016-01-20T10:02:48","slug":"abogan-por-legislacion-de-ley-05-13-en-beneficio-de-discapacitados","status":"publish","type":"post","link":"https:\/\/diariodominicano.com\/?p=219678","title":{"rendered":"Abogan por legislaci\u00f3n de ley 05-13 en beneficio de discapacitados"},"content":{"rendered":"<p><body><\/p>\n<p><img decoding=\"async\" src=\"img3\/disca 1.jpeg\" \/>  <\/p>\n<p>Santo Domingo RD 20 enero.- La ley 05-13 crea un sistema integral de protecci\u00f3n a las personas con discapacidad, que de ponerse en pr\u00e1ctica les garantizar\u00eda el disfrute de los principales derechos fundamentales y contribuir\u00eda con su desarrollo personal y profesional.<\/p>\n<\/p>\n<p>Acceso a la salud, a la educaci\u00f3n, al trabajo, a viviendas y actividades recreativas y deportivas son parte de las obligaciones que impone la ley 05-13 sobre Discapacidad en la Rep\u00fablica Dominicana a instituciones p\u00fablicas y privadas, en beneficio de ese segmento de la poblaci\u00f3n tradicionalmente discriminado.<\/p>\n<\/p>\n<p>Son prerrogativas legales que esos ciudadanos no pueden ejercer plenamente porque a la ley le falta un reglamento para su aplicaci\u00f3n.<\/p>\n<\/p>\n<p>La legislaci\u00f3n contiene una disposici\u00f3n transitoria que ordena aprobar, en un plazo m\u00e1ximo de 180 d\u00edas, el reglamento que la pondr\u00e1 en vigencia, lo cual no ha ocurrido tres a\u00f1os despu\u00e9s de su promulgaci\u00f3n el 15 de enero de 2013, por el presidente Danilo Medina.<\/p>\n<\/p>\n<p>Su elaboraci\u00f3n fue asignada al Consejo Nacional de Discapacidad (Conadis), una entidad creada por mandato de la misma ley como responsables de establecer y coordinar las pol\u00edticas en materia de discapacidad, adscrito a la Presidencia de la Rep\u00fablica, bajo la vigilancia del Ministro de la Presidencia. <\/p>\n<\/p>\n<p>La aprobaci\u00f3n de ese reglamento es exigida desde hace tres a\u00f1os por personas con discapacidad y organizaciones que desarrollan programas en defensa de esa poblaci\u00f3n, que ante la inercia de los responsables de su elaboraci\u00f3n y ejecuci\u00f3n se apostaron recientemente frente al Palacio Nacional en busca de que su reclamo sea escuchado por el presidente Medina.<\/p>\n<\/p>\n<p>La norma legal tiene por objeto amparar y garantizar la igualdad de derechos y la equiparaci\u00f3n de oportunidades a todas las personas con discapacidad y regular las personas morales, sin fines de lucro que trabajen para mejorar la calidad de vida de las personas con discapacidad.<\/p>\n<h6> 2016-01-20 10:02:48 <\/h6>\n<p><!--\n<link rel=\"stylesheet\" href=\"css\/bootstrap.min.css\">\n\n\n<ul class=\"pagination\">\n\t    \n\t\n\n<li >\n\t<a href='?page_no=13976'>Previous<\/a>\n\t<\/li>\n\n\n       \n    \n\n<li><a href='?page_no=1'>1<\/a><\/li>\n\n\n\n<li><a href='?page_no=2'>2<\/a><\/li>\n\n\n\n<li><a>...<\/a><\/li>\n\n\n\n<li><a href='?page_no=13975'>13975<\/a><\/li>\n\n\n\n<li><a href='?page_no=13976'>13976<\/a><\/li>\n\n\n\n<li class='active'><a>13977<\/a><\/li>\n\n\n\n<li><a href='?page_no=13978'>13978<\/a><\/li>\n\n\n\n<li><a href='?page_no=13979'>13979<\/a><\/li>\n\n\n\n<li><a>...<\/a><\/li>\n\n\n\n<li><a href='?page_no=56169'>56169<\/a><\/li>\n\n\n\n<li><a href='?page_no=56170'>56170<\/a><\/li>\n\n    \n\t\n\n<li >\n\t<a href='?page_no=13978'>Next<\/a>\n\t<\/li>\n\n\n    \n\n<li><a href='?page_no=56170'>Last &rsaquo;&rsaquo;<\/a><\/li>\n\n<\/ul>\n\n\n--><br \/>\n<\/body><\/p>\n","protected":false},"excerpt":{"rendered":"<p>Santo Domingo RD 20 enero.- La ley 05-13 crea un sistema integral de protecci\u00f3n a las personas con discapacidad, que de ponerse en pr\u00e1ctica les garantizar\u00eda el disfrute de los principales derechos fundamentales y contribuir\u00eda con su desarrollo personal y profesional. Acceso a la salud, a la educaci\u00f3n, al trabajo, a viviendas y actividades recreativas [&hellip;]<\/p>\n","protected":false},"author":3,"featured_media":0,"comment_status":"open","ping_status":"open","sticky":false,"template":"","format":"standard","meta":{"footnotes":""},"categories":[20],"tags":[],"class_list":["post-219678","post","type-post","status-publish","format-standard","hentry","category-dominicana-hoy"],"_links":{"self":[{"href":"https:\/\/diariodominicano.com\/index.php?rest_route=\/wp\/v2\/posts\/219678","targetHints":{"allow":["GET"]}}],"collection":[{"href":"https:\/\/diariodominicano.com\/index.php?rest_route=\/wp\/v2\/posts"}],"about":[{"href":"https:\/\/diariodominicano.com\/index.php?rest_route=\/wp\/v2\/types\/post"}],"author":[{"embeddable":true,"href":"https:\/\/diariodominicano.com\/index.php?rest_route=\/wp\/v2\/users\/3"}],"replies":[{"embeddable":true,"href":"https:\/\/diariodominicano.com\/index.php?rest_route=%2Fwp%2Fv2%2Fcomments&post=219678"}],"version-history":[{"count":0,"href":"https:\/\/diariodominicano.com\/index.php?rest_route=\/wp\/v2\/posts\/219678\/revisions"}],"wp:attachment":[{"href":"https:\/\/diariodominicano.com\/index.php?rest_route=%2Fwp%2Fv2%2Fmedia&parent=219678"}],"wp:term":[{"taxonomy":"category","embeddable":true,"href":"https:\/\/diariodominicano.com\/index.php?rest_route=%2Fwp%2Fv2%2Fcategories&post=219678"},{"taxonomy":"post_tag","embeddable":true,"href":"https:\/\/diariodominicano.com\/index.php?rest_route=%2Fwp%2Fv2%2Ftags&post=219678"}],"curies":[{"name":"wp","href":"https:\/\/api.w.org\/{rel}","templated":true}]}}