{"id":219677,"date":"2016-01-20T11:54:18","date_gmt":"2016-01-20T11:54:18","guid":{"rendered":"http:\/\/diariodominicano.ddns.net\/?p=219677"},"modified":"2016-01-20T11:54:18","modified_gmt":"2016-01-20T11:54:18","slug":"presidente-jurado-calidad-del-map-y-embajador-britanico-destacan-mejoria-de-los-servicios-publicos","status":"publish","type":"post","link":"https:\/\/diariodominicano.com\/?p=219677","title":{"rendered":"Presidente Jurado Calidad del MAP y embajador brit\u00e1nico destacan mejor\u00eda de los servicios p\u00fablicos"},"content":{"rendered":"<p><body><\/p>\n<p><img decoding=\"async\" src=\"img3\/brita 1.png\" \/><br \/><img decoding=\"async\" src=\"img3\/jurado 1.png\" \/>  <\/p>\n<p>Santo Domingo RD 20 enero.-El presidente del Jurado del Premio Nacional a la Calidad que organiza el Ministerio de Administraci\u00f3n P\u00fablica (MAP), Carlos Villaverde, y el embajador del Reino Unido, el brit\u00e1nico Christopher Campbell, mostraron sus satisfacciones por avances logrados por la Rep\u00fablica Dominicana en el mejoramiento de  los servicios p\u00fablicos, en discursos pronunciados durante la entrega de 27 galardones a igual n\u00famero de instituciones oficiales,  de las 73 que participaron ese concurso.<\/p>\n<\/p>\n<p>Ambas personalidades hablaron en el acto de entrega del Premio Nacional a la Calidad y Reconocimientos a las Pr\u00e1cticas Promisorias, realizado en el Palacio Nacional con la presencia de la vicepresidenta, doctora Margarita Cede\u00f1o de Fern\u00e1ndez, el ministro del MAP, Ram\u00f3n Ventura Camejo, representantes de los sectores p\u00fablico y privado.<\/p>\n<\/p>\n<p>El Gran Premio Nacional a la Calidad fue ganado por el Hospital Traumatol\u00f3gico y Quir\u00fargico Profesor Juan Bosch, de La Vega. Otras 26 entidades p\u00fablicas ganaron Medallas de Oro, Plata y Bronce. El embajador dijo que el Reino Unido seguir\u00e1 apoyando la pol\u00edtica de calidad en el sector p\u00fablico dominicano.   <\/p>\n<\/p>\n<p>Desde el   2008, el Hospital Profesor Juan Bosch, cuando gan\u00f3 Medalla de Bronce,  sigui\u00f3 triunfando hasta obtener repetidas Medallas de Oro. El Gran Premio fue recibido por el director del centro, doctor Jos\u00e9 Luis Coronado, seg\u00fan lo informado por el periodista Lu\u00eds C\u00e9spedes Pe\u00f1a.<\/p>\n<\/p>\n<p>Villaverde dijo que el Premio, que se basa en el proceso de Calidad del modelo Marco Com\u00fan de Evaluaci\u00f3n (CAF), est\u00e1 dirigido a buscar la excelencia de los servicios p\u00fablicos. Alab\u00f3 el esfuerzo que permanentemente realiza el ministro del MAP, Ram\u00f3n Ventura Camejo, para que todas las entidades p\u00fablicas trabajen con el objetivo de mejorar los servicios a favor de  ciudadanos, siempre partiendo de los valores o  principios que las deben sustentar, como son la justicia social, la transparencia, la rendici\u00f3n de cuentas y la participaci\u00f3n.<\/p>\n<\/p>\n<p>Precis\u00f3 que el Estado sigue mostrando su inter\u00e9s y compromiso por cumplir el mandato constitucional, para garantizar los derechos fundamentales, lo que implica el uso m\u00e1s racional de los recursos, promover mayores capacidades para producir riquezas, y a trav\u00e9s de pol\u00edticas p\u00fablicas, distribuirlos socialmente de la manera m\u00e1s equitativa.<\/p>\n<\/p>\n<p>\u00abEstamos combinados a ponernos a la altura de los procesos que impone la globalizaci\u00f3n, como son los casos de los objetivos del desarrollo sostenible, recientemente adoptado por la Organizaci\u00f3n de las Naciones Unidas (ONU)\u00bb, dijo el representante de la Fundaci\u00f3n Institucionalidad y Justicia (FINJUS).<\/p>\n<\/p>\n<p>Agreg\u00f3 que los procesos de reforma y modernizaci\u00f3n de las instituciones del Estado,  vividos  los \u00faltimos a\u00f1os, representan una oportunidad para hacer m\u00e1s factibles los cambios que se impulsan en todo el pa\u00eds, desde lo p\u00fablico y lo privado.<\/p>\n<\/p>\n<p>El presidente del Jurado manifest\u00f3 que la b\u00fasqueda de la excelencia en el sector p\u00fablico, est\u00e1 convertido en una prioridad en muchos pa\u00edses, incluida la Rep\u00fablica Dominicana, debido a que es un camino para estimular el desarrollo econ\u00f3mico y social con el cual \u00abtodos estamos comprometidos\u00bb.<\/p>\n<\/p>\n<p>\u00abAqu\u00ed es donde radica la importancia de la implantaci\u00f3n de una cultura de la calidad en todos los \u00f3rdenes de la sociedad. \u00abComo jurado, deseoso de aportar en este camino, nos hemos empe\u00f1ados en ser objetivos, rigurosos y justos, en el proceso de ponderaci\u00f3n de las memorias de autoevaluaci\u00f3n de las organizaciones, de los informes de los evaluadores externos y las recomendaciones que surgen de las evidencias presentadas\u00bb, asegur\u00f3 Villaverde.<\/p>\n<\/p>\n<p>Dijo que de esa manera se le presta atenci\u00f3n a lo interno, como a los resultados expresados en el  impacto expresado en lo social y la relaci\u00f3n con el entorno. Exhort\u00f3 a todas las instituciones participantes, ganaran o no el Premio a la Calidad, a continuar por el sendero de la mejora continua, lo que implica atender a las sugerencias que se hacen en los informes que retorna el MAP  a las entidades luego del proceso, a la especificaciones que hacen los equipos que dirigen la autoevaluaci\u00f3n, para traducir las recomendaciones en acciones medibles y resultados alcanzables.<\/p>\n<\/p>\n<p>Destac\u00f3 la importancia que tiene para las instituciones que asumieron el reto de las autoevaluaciones. Alab\u00f3 los trabajos desarrollados por  el equipo de Calidad del MAP, que por 11 a\u00f1os continuos, lo que  est\u00e1 cimentando la base para el desarrollo  de  esa cultura en el sector p\u00fablico.      <\/p>\n<\/p>\n<p>Agradeci\u00f3 el trabajo realizado por los dem\u00e1s integrantes del jurado, los cuales representan a la Agencia de los Estados Unidos para el Desarrollo Internacional, Asociaci\u00f3n de Industriales de Herrera, Consejo para el Desarrollo  Estrat\u00e9gico de Santiago, la Asociaci\u00f3n para el Desarrollo Incorporado (APEDI), la Asociaci\u00f3n de J\u00f3venes Empresarios, la C\u00e1mara de Comercio y Producci\u00f3n de Santiago, Cervecer\u00eda Nacional Dominicana, La Informaci\u00f3n y la Direcci\u00f3n de Programas Especiales de la Presidencia de la Rep\u00fablica.<\/p>\n<\/p>\n<p>Tambi\u00e9n, el Instituto Dominicano para la Calidad, Participaci\u00f3n Ciudadana, Fundaci\u00f3n Institucionalidad y Justa (FINJUS) y Universidad Aut\u00f3noma de Santo Domingo (UASD).<\/p>\n<\/p>\n<p>Medalla de Oro ganaron  ocho entidades p\u00fablicas. Son el Acuario Nacional de la Rep\u00fablica Dominicana, la Administradora de Riesgos Laborales Salud Segura (ARLSS), el Centro de Exportaci\u00f3n e Inversi\u00f3n (CEIRD), Consejo Nacional de la Competitividad, Progresando con Solidaridad, Sistema \u00danico de Beneficiarios (SIUBEN), Superintendencia de Pensiones (SIPEN) y Superintendencia de Valores.<\/p>\n<\/p>\n<p>Con Medalla de Plata fueron premiadas diez instituciones. Son la Comisi\u00f3n Nacional de Energ\u00eda, la Procuradur\u00eda Fiscal del Distrito Nacional, la Direcci\u00f3n General de Contrataciones P\u00fablicas, la Direcci\u00f3n Regional n\u00famero 10 de Educaci\u00f3n, el Hospital Materno Doctor Reynaldo Alm\u00e1nzar, Hospital Pedi\u00e1trico Hugo Mendoza, el Instituto Nacional de Formaci\u00f3n y Capacitaci\u00f3n del Magisterio (INAFOCAN), Ministerio Administrativo de la Presidencia, la Contralor\u00eda General de la Rep\u00fablica y el Ministerio de Econom\u00eda, Planificaci\u00f3n y Desarrollo.<\/p>\n<\/p>\n<p>Otras ocho instituciones del Estado  ganaron Medalla de Bronce. Son ellas la Administradora de Subsidios Sociales (ADESS), el Centro Educativo Santa Mar\u00eda del Batey, de Hato Mayor, la Direcci\u00f3n Provincial de Salud de Monte Plata, la Escuela B\u00e1sica de Monte Adentro, de Salcedo, Escuela B\u00e1sica Las Colinas, de San Pedro de Macor\u00eds, el Instituto de Formaci\u00f3n Docente Salom\u00e9 Ure\u00f1a, los liceos El Buen Samaritano, de Hato Mayor, y el secundario Federico Berm\u00fadez, de San Pedro de Macor\u00eds.<\/p>\n<\/p>\n<p>En la actividad estuvieron presentes los viceministros Donatila Germ\u00e1n, Carlos Manzano, Pedro Nina, Hilda Cabrera, Elso Segura Mart\u00ednez y Julio Canelo.  Tambi\u00e9n participaron el presidente del FONPER, Fernando Rosa, el director ejecutivo del Plan para el Desarrollo Estrat\u00e9gico de Santiago, Reinaldo Peguero, y otras personalidades.<\/p>\n<\/p>\n<h6> 2016-01-20 11:54:18 <\/h6>\n<p><!--\n<link rel=\"stylesheet\" href=\"css\/bootstrap.min.css\">\n\n\n<ul class=\"pagination\">\n\t    \n\t\n\n<li >\n\t<a href='?page_no=13975'>Previous<\/a>\n\t<\/li>\n\n\n       \n    \n\n<li><a href='?page_no=1'>1<\/a><\/li>\n\n\n\n<li><a href='?page_no=2'>2<\/a><\/li>\n\n\n\n<li><a>...<\/a><\/li>\n\n\n\n<li><a href='?page_no=13974'>13974<\/a><\/li>\n\n\n\n<li><a href='?page_no=13975'>13975<\/a><\/li>\n\n\n\n<li class='active'><a>13976<\/a><\/li>\n\n\n\n<li><a href='?page_no=13977'>13977<\/a><\/li>\n\n\n\n<li><a href='?page_no=13978'>13978<\/a><\/li>\n\n\n\n<li><a>...<\/a><\/li>\n\n\n\n<li><a href='?page_no=56169'>56169<\/a><\/li>\n\n\n\n<li><a href='?page_no=56170'>56170<\/a><\/li>\n\n    \n\t\n\n<li >\n\t<a href='?page_no=13977'>Next<\/a>\n\t<\/li>\n\n\n    \n\n<li><a href='?page_no=56170'>Last &rsaquo;&rsaquo;<\/a><\/li>\n\n<\/ul>\n\n\n--><br \/>\n<\/body><\/p>\n","protected":false},"excerpt":{"rendered":"<p>Santo Domingo RD 20 enero.-El presidente del Jurado del Premio Nacional a la Calidad que organiza el Ministerio de Administraci\u00f3n P\u00fablica (MAP), Carlos Villaverde, y el embajador del Reino Unido, el brit\u00e1nico Christopher Campbell, mostraron sus satisfacciones por avances logrados por la Rep\u00fablica Dominicana en el mejoramiento de los servicios p\u00fablicos, en discursos pronunciados durante [&hellip;]<\/p>\n","protected":false},"author":3,"featured_media":0,"comment_status":"open","ping_status":"open","sticky":false,"template":"","format":"standard","meta":{"footnotes":""},"categories":[20],"tags":[],"class_list":["post-219677","post","type-post","status-publish","format-standard","hentry","category-dominicana-hoy"],"_links":{"self":[{"href":"https:\/\/diariodominicano.com\/index.php?rest_route=\/wp\/v2\/posts\/219677","targetHints":{"allow":["GET"]}}],"collection":[{"href":"https:\/\/diariodominicano.com\/index.php?rest_route=\/wp\/v2\/posts"}],"about":[{"href":"https:\/\/diariodominicano.com\/index.php?rest_route=\/wp\/v2\/types\/post"}],"author":[{"embeddable":true,"href":"https:\/\/diariodominicano.com\/index.php?rest_route=\/wp\/v2\/users\/3"}],"replies":[{"embeddable":true,"href":"https:\/\/diariodominicano.com\/index.php?rest_route=%2Fwp%2Fv2%2Fcomments&post=219677"}],"version-history":[{"count":0,"href":"https:\/\/diariodominicano.com\/index.php?rest_route=\/wp\/v2\/posts\/219677\/revisions"}],"wp:attachment":[{"href":"https:\/\/diariodominicano.com\/index.php?rest_route=%2Fwp%2Fv2%2Fmedia&parent=219677"}],"wp:term":[{"taxonomy":"category","embeddable":true,"href":"https:\/\/diariodominicano.com\/index.php?rest_route=%2Fwp%2Fv2%2Fcategories&post=219677"},{"taxonomy":"post_tag","embeddable":true,"href":"https:\/\/diariodominicano.com\/index.php?rest_route=%2Fwp%2Fv2%2Ftags&post=219677"}],"curies":[{"name":"wp","href":"https:\/\/api.w.org\/{rel}","templated":true}]}}