{"id":219675,"date":"2016-01-20T12:41:12","date_gmt":"2016-01-20T12:41:12","guid":{"rendered":"http:\/\/diariodominicano.ddns.net\/?p=219675"},"modified":"2016-01-20T12:41:12","modified_gmt":"2016-01-20T12:41:12","slug":"montilla-de-medina-dice-caid-san-juan-es-modelo-de-inclusion-social","status":"publish","type":"post","link":"https:\/\/diariodominicano.com\/?p=219675","title":{"rendered":"Montilla de Medina dice CAID- San Juan es modelo de inclusi\u00f3n social"},"content":{"rendered":"<p><body><\/p>\n<p><img decoding=\"async\" src=\"img3\/rega 2.jpg\" \/><br \/><img decoding=\"async\" src=\"img3\/rega 4.jpg\" \/><br \/><img decoding=\"async\" src=\"img3\/reclama 20.jpg\" \/>  <\/p>\n<p>San Juan de la Maguana RD 20 enero (DICOM).-El Despacho de la Primera Dama C\u00e1ndida Montilla de Medina avanza en la construcci\u00f3n del tercerCentro de Atenci\u00f3n Integral para la Discapacidad (CAID), localizado en el municipio San Juan de la Maguana, en la provincia del mismo nombre, y que ser\u00e1 inaugurado en los pr\u00f3ximos d\u00edas.<\/p>\n<\/p>\n<p>Montillade Medina, quien supervisa peri\u00f3dicamente los trabajos, estuvo por las instalaciones del CAID, en San Juan.<\/p>\n<p><strong> <\/strong><\/p>\n<p><strong>Antes y despu\u00e9s del CAID<\/strong><\/p>\n<p>Proclam\u00f3 que este centro, el tercero de los cinco que programa su Despacho en todo el pa\u00eds, es parte del modelo de inclusi\u00f3n social, que ya se ha trabajado en la ciudad Capital y en Santiago, cuyo impacto en la poblaci\u00f3n constituye  un antes y un despu\u00e9s, en las pol\u00edticas p\u00fablicas del pa\u00eds.<\/p>\n<\/p>\n<p>La Primera Dama de la Rep\u00fablica resalt\u00f3 que  \u00abel Sures la parte m\u00e1s empobrecida del pa\u00eds y numerosos ni\u00f1os y sus familias esperan este proyecto, para que aqu\u00ed en la regi\u00f3n, esa parte de la poblaci\u00f3n con discapacidad, tambi\u00e9n sea trabajada y apoyada, como lo hemos venido haciendo en otros puntos\u00bb.<\/p>\n<p><strong> <\/strong><\/p>\n<p><strong>Atenci\u00f3n integral<\/strong><\/p>\n<p>Montilla de Medina asegur\u00f3 que las familias que tienen ni\u00f1os con habilidades diferentes \u00abvan a encontrar aqu\u00ed un modelo de inclusi\u00f3n social en la que puedan tener respuesta al trastorno que trae ese ni\u00f1o al momento de nacer\u00bb.<\/p>\n<\/p>\n<p>Expres\u00f3 que el CAID-San Juan, permitir\u00e1, como el de Santo Domingo y el de Santiago, dar atenci\u00f3n integral en la regi\u00f3n Sur a ni\u00f1os y ni\u00f1as de cero a diez a\u00f1os de edad, con  Trastornos del Espectro Autista, S\u00edndrome de Down y Par\u00e1lisisCerebral.<\/p>\n<\/p>\n<p><strong>Detalles de la obra en San Juan de la Maguana<\/strong><\/p>\n<p>Los trabajos en el CAID San Juan de la Maguana est\u00e1n a punto de ser concluidos, dijo Montilla de Medina.<\/p>\n<\/p>\n<p>\u00abHasta ahora vamos bien, con el cronograma de trabajo que hemos realizado, vamos a conseguir la meta de estar inaugurando este nuevo espacio, este nuevo pedacito de cielo, en aproximadamente un mes\u00bb, respondi\u00f3 entusiasmada la Primera Dama.<\/p>\n<\/p>\n<p>EnSan Juan de la Maguana,el CAID funcionar\u00e1 con el mismo esquema y procedimientos aplicados en el de Santo Domingo y Santiago, donde ya han sido atendidos miles de ni\u00f1os con discapacidades generadas por el Trastorno del Espectro Autista, S\u00edndrome de Down y Par\u00e1lisis Cerebral,en edades de 0 a 10 a\u00f1os.<\/p>\n<\/p>\n<p><strong>Servicios que ofrece en todo el pa\u00eds<\/strong><\/p>\n<p>Los servicios del CAID a ni\u00f1os con discapacidad incluyen la evaluaci\u00f3n y diagn\u00f3sticopedi\u00e1trico y psiqui\u00e1trico; adem\u00e1s,apoyo psicopedag\u00f3gico, atenci\u00f3n temprana, fisiatr\u00eda, nutrici\u00f3n, odonto-pediatr\u00eda, pediatr\u00eda, hidroterapia, intervenci\u00f3n conductual, intervenci\u00f3n grupal,  psiquiatr\u00eda, terapia del habla y del lenguaje, terapia familiar, terapia f\u00edsica y terapia ocupacional.<\/p>\n<\/p>\n<p>Adem\u00e1s, para propiciar el desarrollo de la creatividad y el sentido de logro en los ni\u00f1os y ni\u00f1as que acuden al CAID, tambi\u00e9n reciben talleres y clases de musicoterapia, teatro, danza y pintura.<\/p>\n<\/p>\n<p><strong>El centro CAID-San Juan ya tiene director<\/strong><\/p>\n<p>Como el servicio del CAID es una labor de amor, la selecci\u00f3n de su equipo de trabajo siempre es un proceso cauteloso. En ese sentido, el Despacho de la Primera Dama design\u00f3 recientemente al doctor Fausto Mart\u00ednez, como director de este tercer centro.<\/p>\n<p><strong> <\/strong><\/p>\n<p><strong>Primera acci\u00f3n de inclusi\u00f3n desde el Estado <\/strong> <\/p>\n<p>El Centro de Atenci\u00f3n Integral para la Discapacidad (CAID) constituye el principal proyecto de la gesti\u00f3n de Montilla de Medina como Primera Dama de la Rep\u00fablica, y es la primera acci\u00f3n oficial y formal desarrollada desde el Estado en la historia del pa\u00eds, a favor de la poblaci\u00f3n con discapacidad, en el marco de las pol\u00edticas inclusivas que impulsa el Gobierno de Danilo Medina.<\/p>\n<\/p>\n<h6> 2016-01-20 12:41:12 <\/h6>\n<p><!--\n<link rel=\"stylesheet\" href=\"css\/bootstrap.min.css\">\n\n\n<ul class=\"pagination\">\n\t    \n\t\n\n<li >\n\t<a href='?page_no=13973'>Previous<\/a>\n\t<\/li>\n\n\n       \n    \n\n<li><a href='?page_no=1'>1<\/a><\/li>\n\n\n\n<li><a href='?page_no=2'>2<\/a><\/li>\n\n\n\n<li><a>...<\/a><\/li>\n\n\n\n<li><a href='?page_no=13972'>13972<\/a><\/li>\n\n\n\n<li><a href='?page_no=13973'>13973<\/a><\/li>\n\n\n\n<li class='active'><a>13974<\/a><\/li>\n\n\n\n<li><a href='?page_no=13975'>13975<\/a><\/li>\n\n\n\n<li><a href='?page_no=13976'>13976<\/a><\/li>\n\n\n\n<li><a>...<\/a><\/li>\n\n\n\n<li><a href='?page_no=56169'>56169<\/a><\/li>\n\n\n\n<li><a href='?page_no=56170'>56170<\/a><\/li>\n\n    \n\t\n\n<li >\n\t<a href='?page_no=13975'>Next<\/a>\n\t<\/li>\n\n\n    \n\n<li><a href='?page_no=56170'>Last &rsaquo;&rsaquo;<\/a><\/li>\n\n<\/ul>\n\n\n--><br \/>\n<\/body><\/p>\n","protected":false},"excerpt":{"rendered":"<p>San Juan de la Maguana RD 20 enero (DICOM).-El Despacho de la Primera Dama C\u00e1ndida Montilla de Medina avanza en la construcci\u00f3n del tercerCentro de Atenci\u00f3n Integral para la Discapacidad (CAID), localizado en el municipio San Juan de la Maguana, en la provincia del mismo nombre, y que ser\u00e1 inaugurado en los pr\u00f3ximos d\u00edas. Montillade [&hellip;]<\/p>\n","protected":false},"author":3,"featured_media":0,"comment_status":"open","ping_status":"open","sticky":false,"template":"","format":"standard","meta":{"footnotes":""},"categories":[20],"tags":[],"class_list":["post-219675","post","type-post","status-publish","format-standard","hentry","category-dominicana-hoy"],"_links":{"self":[{"href":"https:\/\/diariodominicano.com\/index.php?rest_route=\/wp\/v2\/posts\/219675","targetHints":{"allow":["GET"]}}],"collection":[{"href":"https:\/\/diariodominicano.com\/index.php?rest_route=\/wp\/v2\/posts"}],"about":[{"href":"https:\/\/diariodominicano.com\/index.php?rest_route=\/wp\/v2\/types\/post"}],"author":[{"embeddable":true,"href":"https:\/\/diariodominicano.com\/index.php?rest_route=\/wp\/v2\/users\/3"}],"replies":[{"embeddable":true,"href":"https:\/\/diariodominicano.com\/index.php?rest_route=%2Fwp%2Fv2%2Fcomments&post=219675"}],"version-history":[{"count":0,"href":"https:\/\/diariodominicano.com\/index.php?rest_route=\/wp\/v2\/posts\/219675\/revisions"}],"wp:attachment":[{"href":"https:\/\/diariodominicano.com\/index.php?rest_route=%2Fwp%2Fv2%2Fmedia&parent=219675"}],"wp:term":[{"taxonomy":"category","embeddable":true,"href":"https:\/\/diariodominicano.com\/index.php?rest_route=%2Fwp%2Fv2%2Fcategories&post=219675"},{"taxonomy":"post_tag","embeddable":true,"href":"https:\/\/diariodominicano.com\/index.php?rest_route=%2Fwp%2Fv2%2Ftags&post=219675"}],"curies":[{"name":"wp","href":"https:\/\/api.w.org\/{rel}","templated":true}]}}