{"id":219674,"date":"2016-01-20T13:50:29","date_gmt":"2016-01-20T13:50:29","guid":{"rendered":"http:\/\/diariodominicano.ddns.net\/?p=219674"},"modified":"2016-01-20T13:50:29","modified_gmt":"2016-01-20T13:50:29","slug":"ahora-puedo-atender-mi-negocio-sin-descuidar-a-mis-hijos","status":"publish","type":"post","link":"https:\/\/diariodominicano.com\/?p=219674","title":{"rendered":"\u00abAhora puedo atender mi negocio, sin descuidar a mis hijos\u00bb"},"content":{"rendered":"<p><body><\/p>\n<p><img decoding=\"async\" src=\"img3\/atender.jpg\" \/>  <\/p>\n<p><span class=\"text1noticias\">Galv\u00e1n, Bahoruco, RD,  20 de enero.-En este poblado del Sur profundo la Revoluci\u00f3n Educativa contin\u00faa avanzando e impactando de manera positiva la vida de padres, madres y alumnos.<\/span><\/p>\n<p><span class=\"text1noticias\"> <\/span><\/p>\n<p><span class=\"text1noticias\">Hoy se suma la nueva escuela Francisco Aquino Dotel Vargas, que inaugurar\u00e1 esta tarde el presidente Danilo Medina, la cual funcionar\u00e1 bajo el modelo de Tanda Escolar Extendida.<\/span><\/p>\n<p><span class=\"text1noticias\"><strong> <\/strong><\/span><\/p>\n<p><span class=\"text1noticias\"><strong>Las madres podr\u00e1n avanzar<\/strong><\/span><\/p>\n<\/p>\n<p><span class=\"text1noticias\">\u00abAhora las madres podr\u00e1n avanzar en el desarrollo de sus vidas,  tienen la oportunidad de estudiar, trabajar o hacer sus propios negocios\u00bb, es la expresi\u00f3n de Reina Ram\u00edrez, presidenta de la Asociaci\u00f3n de Padres, Madres y Amigos de la Escuela.<\/span><\/p>\n<p><span class=\"text1noticias\"> <\/span><\/p>\n<p><span class=\"text1noticias\">Reina es nativa de Galv\u00e1n, tiene dos ni\u00f1os que cursan el cuarto y octavo grado. Adem\u00e1s de ama de casa, es una mujer emprendedora que ahora contempla dedicarle m\u00e1s tiempo a su negocio de venta de art\u00edculos de fantas\u00eda que tiene en su casa: \u00abAhora puedo atender mi negocio, sin descuidar a mis hijos\u00bb.<\/span><\/p>\n<p><span class=\"text1noticias\"> <\/span><\/p>\n<p><span class=\"text1noticias\"><strong>\u00abLa antigua escuela se estaba cayendo a pedazos\u00bb<\/strong><\/span><\/p>\n<\/p>\n<p><span class=\"text1noticias\">La escuela Francisco Aquino Dotel Vargas, transitoriamente acoger\u00e1 a los 525 estudiantes de la escuela Ofelia Medina Cay\u00f3, la cual ser\u00e1 reparada para tambi\u00e9n integrarla al nuevo modelo educativo de Jornada Escolar Extendida.<\/span><\/p>\n<p><span class=\"text1noticias\"> <\/span><\/p>\n<p><span class=\"text1noticias\">Los cientos de estudiantes de la vieja escuela Ofelia Medina Cay\u00f3, sent\u00edan un gran temor por sus vidas, debido al deterioro f\u00edsico del plantel.<\/span><\/p>\n<p><span class=\"text1noticias\"> <\/span><\/p>\n<p><span class=\"text1noticias\">\u00abNos sentimos muy satisfechas, porque eso nos ayuda a nosotras las madres a crecer de manera personal porque tenemos tiempo de estudiar o de atender nuestros negocios porque los ni\u00f1os est\u00e1n en la escuela desde las ocho de la ma\u00f1ana hasta las cuatro de la tarde\u00bb, precis\u00f3 Reina.<\/span><\/p>\n<p><span class=\"text1noticias\"> <\/span><\/p>\n<p><span class=\"text1noticias\"><strong>Tanda Extendida representa un ingreso econ\u00f3mico <\/strong><\/span><\/p>\n<\/p>\n<p><span class=\"text1noticias\">Esta escuela representa un ingreso econ\u00f3mico para los padres que no tengan dinero para la comida de sus hijos: \u00abAhora tenemos menos preocupaci\u00f3n porque sabemos que nuestros hijos van a ser alimentados en la escuela\u00bb, manifest\u00f3 la joven madre con rostro de entusiasmo.<\/span><\/p>\n<p><span class=\"text1noticias\"> <\/span><\/p>\n<p><span class=\"text1noticias\">\u00abNuestra voz fue escuchada, por a\u00f1os reclamamos una escuela nueva con Jornada Escolar Extendida para los estudiantes del centro Ofelia Medina Cay\u00f3, agradecemos mucho al gobierno porque ha escuchado la voz de nosotros los galvaneros, damos gracia por eso y nos sentimos muy contentos\u00bb.<\/span><\/p>\n<p><span class=\"text1noticias\"> <\/span><\/p>\n<p><span class=\"text1noticias\"><strong>Tem\u00edamos que el techo se desplomara<\/strong><\/span><\/p>\n<\/p>\n<p><span class=\"text1noticias\">Lauren Maite Jim\u00e9nez Escalante, estudiante de octavo grado narra que sent\u00eda miedo porque cre\u00edan que el techo del deteriorado centro donde recib\u00edan docencia les caer\u00eda encima.<\/span><\/p>\n<p><span class=\"text1noticias\"> <\/span><\/p>\n<p><span class=\"text1noticias\">\u00abTen\u00edamos miedo de que el techo se nos cayera encima, pero ahora nos sentimos muy bien en esta nueva escuela\u00bb, manifest\u00f3 la joven estudiante.<\/span><\/p>\n<p><span class=\"text1noticias\"><strong> <\/strong><\/span><\/p>\n<p><span class=\"text1noticias\"><strong>M\u00e1s rendimiento escolar con Jornada Extendida<\/strong><\/span><\/p>\n<\/p>\n<p><span class=\"text1noticias\">La profesora Ada Alberta Acosta es una maestra que lleva 30 a\u00f1os en el sistema educativo, actualmente se desempe\u00f1a como sub directora de la escuela Francisco Aquino Dotel Vargas, afirma con mucha propiedad que ahora hay m\u00e1s rendimiento acad\u00e9mico.<\/span><\/p>\n<p><span class=\"text1noticias\"> <\/span><\/p>\n<p><span class=\"text1noticias\">\u00abHay m\u00e1s rendimiento cuando se trabaja con Jornada Escolar Extendida porque el maestro tiene m\u00e1s oportunidad con el estudiante, m\u00e1s tiempo. Y as\u00ed la ense\u00f1anza mejora y se puede lograr una educaci\u00f3n de calidad\u00bb, sostuvo Acosta.<\/span><\/p>\n<p><span class=\"text1noticias\"> <\/span><\/p>\n<p><span class=\"text1noticias\">Agrega que con el nuevo dise\u00f1o curricular y trabajando con el desarrollo de competencia logran mejores resultados acad\u00e9micos porque trabajan 40 horas semanales y el estudiante tiene m\u00e1s tiempo en la escuela, \u00abcuando regresan a sus casas llevan hasta las tareas realizadas\u00bb.<\/span><\/p>\n<p><span class=\"text1noticias\"> <\/span><\/p>\n<p><span class=\"text1noticias\"><strong>Educaci\u00f3n de calidad para todos <\/strong><\/span><\/p>\n<\/p>\n<p><span class=\"text1noticias\">\u00abAgradecemos mucho al presidente Danilo Medina porque ha tratado de impulsar la educaci\u00f3n en la Rep\u00fablica Dominicana, y de esta forma vamos a alcanzar una educaci\u00f3n de calidad para todos\u00bb, precis\u00f3<\/span>.<\/p>\n<h6> 2016-01-20 13:50:29 <\/h6>\n<p><!--\n<link rel=\"stylesheet\" href=\"css\/bootstrap.min.css\">\n\n\n<ul class=\"pagination\">\n\t    \n\t\n\n<li >\n\t<a href='?page_no=13972'>Previous<\/a>\n\t<\/li>\n\n\n       \n    \n\n<li><a href='?page_no=1'>1<\/a><\/li>\n\n\n\n<li><a href='?page_no=2'>2<\/a><\/li>\n\n\n\n<li><a>...<\/a><\/li>\n\n\n\n<li><a href='?page_no=13971'>13971<\/a><\/li>\n\n\n\n<li><a href='?page_no=13972'>13972<\/a><\/li>\n\n\n\n<li class='active'><a>13973<\/a><\/li>\n\n\n\n<li><a href='?page_no=13974'>13974<\/a><\/li>\n\n\n\n<li><a href='?page_no=13975'>13975<\/a><\/li>\n\n\n\n<li><a>...<\/a><\/li>\n\n\n\n<li><a href='?page_no=56169'>56169<\/a><\/li>\n\n\n\n<li><a href='?page_no=56170'>56170<\/a><\/li>\n\n    \n\t\n\n<li >\n\t<a href='?page_no=13974'>Next<\/a>\n\t<\/li>\n\n\n    \n\n<li><a href='?page_no=56170'>Last &rsaquo;&rsaquo;<\/a><\/li>\n\n<\/ul>\n\n\n--><br \/>\n<\/body><\/p>\n","protected":false},"excerpt":{"rendered":"<p>Galv\u00e1n, Bahoruco, RD, 20 de enero.-En este poblado del Sur profundo la Revoluci\u00f3n Educativa contin\u00faa avanzando e impactando de manera positiva la vida de padres, madres y alumnos. Hoy se suma la nueva escuela Francisco Aquino Dotel Vargas, que inaugurar\u00e1 esta tarde el presidente Danilo Medina, la cual funcionar\u00e1 bajo el modelo de Tanda Escolar [&hellip;]<\/p>\n","protected":false},"author":3,"featured_media":0,"comment_status":"open","ping_status":"open","sticky":false,"template":"","format":"standard","meta":{"footnotes":""},"categories":[20],"tags":[],"class_list":["post-219674","post","type-post","status-publish","format-standard","hentry","category-dominicana-hoy"],"_links":{"self":[{"href":"https:\/\/diariodominicano.com\/index.php?rest_route=\/wp\/v2\/posts\/219674","targetHints":{"allow":["GET"]}}],"collection":[{"href":"https:\/\/diariodominicano.com\/index.php?rest_route=\/wp\/v2\/posts"}],"about":[{"href":"https:\/\/diariodominicano.com\/index.php?rest_route=\/wp\/v2\/types\/post"}],"author":[{"embeddable":true,"href":"https:\/\/diariodominicano.com\/index.php?rest_route=\/wp\/v2\/users\/3"}],"replies":[{"embeddable":true,"href":"https:\/\/diariodominicano.com\/index.php?rest_route=%2Fwp%2Fv2%2Fcomments&post=219674"}],"version-history":[{"count":0,"href":"https:\/\/diariodominicano.com\/index.php?rest_route=\/wp\/v2\/posts\/219674\/revisions"}],"wp:attachment":[{"href":"https:\/\/diariodominicano.com\/index.php?rest_route=%2Fwp%2Fv2%2Fmedia&parent=219674"}],"wp:term":[{"taxonomy":"category","embeddable":true,"href":"https:\/\/diariodominicano.com\/index.php?rest_route=%2Fwp%2Fv2%2Fcategories&post=219674"},{"taxonomy":"post_tag","embeddable":true,"href":"https:\/\/diariodominicano.com\/index.php?rest_route=%2Fwp%2Fv2%2Ftags&post=219674"}],"curies":[{"name":"wp","href":"https:\/\/api.w.org\/{rel}","templated":true}]}}