{"id":219669,"date":"2016-01-20T14:50:36","date_gmt":"2016-01-20T14:50:36","guid":{"rendered":"http:\/\/diariodominicano.ddns.net\/?p=219669"},"modified":"2016-01-20T14:50:36","modified_gmt":"2016-01-20T14:50:36","slug":"conversan-de-relaciones-de-la-rd-y-trinidad-tobago","status":"publish","type":"post","link":"https:\/\/diariodominicano.com\/?p=219669","title":{"rendered":"Conversan de relaciones de la RD y Trinidad-Tobago"},"content":{"rendered":"<p><body><\/p>\n<p><img decoding=\"async\" src=\"img3\/NAVARROMOSES.jpg\" \/>  <\/p>\n<p><span class=\"text1noticias\">PETION VILLE, Hait\u00ed, 20 de Enero.- El ministro de Relaciones Exteriores, arquitecto Andr\u00e9s Navarro, sostuvo una reuni\u00f3n bilateral con su hom\u00f3logo de Trinidad y Tobago, Dennis Moses, con quien convers\u00f3 sobre diferentes t\u00f3picos de las relaciones diplom\u00e1ticas entre las dos naciones, adem\u00e1s de coordinar acciones para fortalecer el di\u00e1logo pol\u00edtico y comercial en beneficio de los dos pueblos caribe\u00f1os.<\/span><\/p>\n<\/p>\n<p><span class=\"text1noticias\">En el encuentro bilateral realizado en el marco de la celebraci\u00f3n de la XXI Reuni\u00f3n del Consejo de Ministros de la Asociaci\u00f3n de Estados del Caribe (AEC), Navarro y Moses pasaron revista a diferentes temas que vinculan a los dos pa\u00edses y acordaron fortalecer la agenda bilateral.<\/span><\/p>\n<\/p>\n<p><span class=\"text1noticias\">El funcionario dominicano aprovech\u00f3 el encuentro para explicar a su hom\u00f3logo Moses sobre los avances en la organizaci\u00f3n del pa\u00eds para asumir la Presidencia Pro Tempore de la Comunidad de Estados Latinoamericanos y del Caribe (CELAC) programada para el 27 de enero de este ano., as\u00ed como el montaje de cuatro cumbres del mismo organismo, tres de cancilleres y una de jefes de Estado y de Gobierno, as\u00ed como la Cuadrag\u00e9sima-sexta Asamblea General de la Organizaci\u00f3n de Estados Americanos (OEA) pautada del 13 al 15 de junio venidero.<\/span><\/p>\n<\/p>\n<p><span class=\"text1noticias\">Navarro declar\u00f3 que la reuni\u00f3n bilateral con Moses est\u00e1 encarmada en el programa de fortalecimiento de las relaciones dominicanas con todos los pa\u00edses del hemisferio.<\/span><\/p>\n<\/p>\n<p><span class=\"text1noticias\">Asimismo, Navarro invit\u00f3 a Moses a que gire una visita oficial a la Rep\u00fablica Dominicana.<\/span><\/p>\n<\/p>\n<p><span class=\"text1noticias\">Se recuerda que en Trinidad y Tobago residen una gran cantidad de dominicanos y dominicanas, naci\u00f3n donde la Rep\u00fablica Dominicana cuenta, adem\u00e1s, con una embajada residente<\/span>.<\/p>\n<\/p>\n<h6> 2016-01-20 14:50:36 <\/h6>\n<p><!--\n<link rel=\"stylesheet\" href=\"css\/bootstrap.min.css\">\n\n\n<ul class=\"pagination\">\n\t    \n\t\n\n<li >\n\t<a href='?page_no=13968'>Previous<\/a>\n\t<\/li>\n\n\n       \n    \n\n<li><a href='?page_no=1'>1<\/a><\/li>\n\n\n\n<li><a href='?page_no=2'>2<\/a><\/li>\n\n\n\n<li><a>...<\/a><\/li>\n\n\n\n<li><a href='?page_no=13967'>13967<\/a><\/li>\n\n\n\n<li><a href='?page_no=13968'>13968<\/a><\/li>\n\n\n\n<li class='active'><a>13969<\/a><\/li>\n\n\n\n<li><a href='?page_no=13970'>13970<\/a><\/li>\n\n\n\n<li><a href='?page_no=13971'>13971<\/a><\/li>\n\n\n\n<li><a>...<\/a><\/li>\n\n\n\n<li><a href='?page_no=56169'>56169<\/a><\/li>\n\n\n\n<li><a href='?page_no=56170'>56170<\/a><\/li>\n\n    \n\t\n\n<li >\n\t<a href='?page_no=13970'>Next<\/a>\n\t<\/li>\n\n\n    \n\n<li><a href='?page_no=56170'>Last &rsaquo;&rsaquo;<\/a><\/li>\n\n<\/ul>\n\n\n--><br \/>\n<\/body><\/p>\n","protected":false},"excerpt":{"rendered":"<p>PETION VILLE, Hait\u00ed, 20 de Enero.- El ministro de Relaciones Exteriores, arquitecto Andr\u00e9s Navarro, sostuvo una reuni\u00f3n bilateral con su hom\u00f3logo de Trinidad y Tobago, Dennis Moses, con quien convers\u00f3 sobre diferentes t\u00f3picos de las relaciones diplom\u00e1ticas entre las dos naciones, adem\u00e1s de coordinar acciones para fortalecer el di\u00e1logo pol\u00edtico y comercial en beneficio de [&hellip;]<\/p>\n","protected":false},"author":3,"featured_media":0,"comment_status":"open","ping_status":"open","sticky":false,"template":"","format":"standard","meta":{"footnotes":""},"categories":[20],"tags":[],"class_list":["post-219669","post","type-post","status-publish","format-standard","hentry","category-dominicana-hoy"],"_links":{"self":[{"href":"https:\/\/diariodominicano.com\/index.php?rest_route=\/wp\/v2\/posts\/219669","targetHints":{"allow":["GET"]}}],"collection":[{"href":"https:\/\/diariodominicano.com\/index.php?rest_route=\/wp\/v2\/posts"}],"about":[{"href":"https:\/\/diariodominicano.com\/index.php?rest_route=\/wp\/v2\/types\/post"}],"author":[{"embeddable":true,"href":"https:\/\/diariodominicano.com\/index.php?rest_route=\/wp\/v2\/users\/3"}],"replies":[{"embeddable":true,"href":"https:\/\/diariodominicano.com\/index.php?rest_route=%2Fwp%2Fv2%2Fcomments&post=219669"}],"version-history":[{"count":0,"href":"https:\/\/diariodominicano.com\/index.php?rest_route=\/wp\/v2\/posts\/219669\/revisions"}],"wp:attachment":[{"href":"https:\/\/diariodominicano.com\/index.php?rest_route=%2Fwp%2Fv2%2Fmedia&parent=219669"}],"wp:term":[{"taxonomy":"category","embeddable":true,"href":"https:\/\/diariodominicano.com\/index.php?rest_route=%2Fwp%2Fv2%2Fcategories&post=219669"},{"taxonomy":"post_tag","embeddable":true,"href":"https:\/\/diariodominicano.com\/index.php?rest_route=%2Fwp%2Fv2%2Ftags&post=219669"}],"curies":[{"name":"wp","href":"https:\/\/api.w.org\/{rel}","templated":true}]}}