{"id":219665,"date":"2016-01-20T17:55:28","date_gmt":"2016-01-20T17:55:28","guid":{"rendered":"http:\/\/diariodominicano.ddns.net\/?p=219665"},"modified":"2016-01-20T17:55:28","modified_gmt":"2016-01-20T17:55:28","slug":"incluiran-la-igualdad-de-genero-en-politicas-publicas","status":"publish","type":"post","link":"https:\/\/diariodominicano.com\/?p=219665","title":{"rendered":"Incluir\u00e1n la igualdad de g\u00e9nero en pol\u00edticas p\u00fablicas"},"content":{"rendered":"<p><body><\/p>\n<p><img decoding=\"async\" src=\"img3\/equidad.jpg\" \/>  <\/p>\n<p><span class=\"text1noticias\">Santo Domingo, RD, 20 de enero.-Los ministerios de la Mujer y de Econom\u00eda, Planificaci\u00f3n y Desarrollo firmaron un Acuerdo de Coordinaci\u00f3n Interinstitucional con ocho ministerios para incorporar el enfoque de g\u00e9nero a sus planes, programas, proyectos y pol\u00edticas p\u00fablicas.<\/span><\/p>\n<\/p>\n<p><span class=\"text1noticias\">El convenio, rubricado en el Sal\u00f3n Hermanas Mirabal del Palacio Nacional, fue suscrito para cumplir el mandato de la Ley de Estrategia Nacional de Desarrollo 2030 (END) a fin de  identificar situaciones de discriminaci\u00f3n e inequidad entre hombres y mujeres y garantizar la igualdad.<\/span><\/p>\n<\/p>\n<p><span class=\"text1noticias\">La ministra de la Mujer, Alejandrina Germ\u00e1n y el ministro de Econom\u00eda, Juan Tem\u00edstocles Mont\u00e1s firmaron el acuerdo con los ministros de Administraci\u00f3n P\u00fablica, Ram\u00f3n Ventura Camejo, de Industria y Comercio, Jos\u00e9 del Castillo Savi\u00f1\u00f3n; de Trabajo, Maritza Hern\u00e1ndez y el procurador general de la Rep\u00fablica, Francisco Dom\u00ednguez Brito; as\u00ed como Miosotis Rivas, representante de ONU-Mujer.<\/span><\/p>\n<\/p>\n<p><span class=\"text1noticias\">Adem\u00e1s, representantes de los ministerios de Hacienda, Educaci\u00f3n, Salud P\u00fablica y  por el Gabinete de Coordinaci\u00f3n de Pol\u00edticas Sociales, Rosa Mar\u00eda Su\u00e1rez, directora T\u00e9cnica del Gabinete, por la Direcci\u00f3n General de  Compras y  Contrataciones P\u00fablicas, Yokasta de Guzm\u00e1n, y por la Oficina Nacional de Estad\u00edsticas (ONE), su director Pablo Tactuk.<\/span><\/p>\n<p><span class=\"text1noticias\"><strong>Erradicar desigualdad y discriminaci\u00f3n de g\u00e9nero<\/strong><\/span><\/p>\n<\/p>\n<p><span class=\"text1noticias\">El acuerdo tiene como prop\u00f3sito dar cumplimiento a la Constituci\u00f3n de la Rep\u00fablica Dominicana, que consagra la igualdad como un derecho fundamental (Art. 39) y la garantiza entre hombres y mujeres ante la ley, por lo que manda al Estado a promover todas las condiciones jur\u00eddicas y administrativas para que esa igualdad sea real y efectiva.<\/span><\/p>\n<\/p>\n<p><span class=\"text1noticias\">Igualmente, adoptar las medidas necesarias para garantizar la erradicaci\u00f3n de las desigualdades y la discriminaci\u00f3n de g\u00e9nero.<\/span><\/p>\n<\/p>\n<p><span class=\"text1noticias\">Dicho acuerdo se llev\u00f3 a cabo en el marco de los procesos de implementaci\u00f3n de la  Estrategia Nacional de Desarrollo 2030 y la agenda de  los Objetivos de Desarrollo Sostenible, que plantean como meta abordar las causas de fondo de la pobreza y la desigualdad, as\u00ed como la necesidad universal de un desarrollo que beneficie a todas las personas.<\/span><\/p>\n<p><span class=\"text1noticias\"> <\/span><\/p>\n<p><span class=\"text1noticias\"><strong> Igualdad de oportunidades<\/strong><\/span><\/p>\n<\/p>\n<p><span class=\"text1noticias\">El Ministerio de la Mujer es responsable de la pol\u00edtica transversal del enfoque de igualdad y de la implementaci\u00f3n del Plan Nacional de Igualdad de G\u00e9nero (PLANEG II), cuyo objetivo es la igualdad de oportunidades entre mujeres y hombres, la incorporaci\u00f3n de esta perspectiva en las actividades de las entidades p\u00fablicas y privadas, as\u00ed como la transformaci\u00f3n de los valores, los prejuicios de la cultura patriarcal imperante en la cultura dominicana.<\/span><\/p>\n<\/p>\n<p><span class=\"text1noticias\">Por su lado el Ministerio de Econom\u00eda, Planificaci\u00f3n y Desarrollo, tiene la misi\u00f3n de conducir y coordinar el proceso de formulaci\u00f3n, seguimiento y evaluaci\u00f3n de las pol\u00edticas macroecon\u00f3micas y de desarrollo sostenible para la cohesi\u00f3n econ\u00f3mica, social, territorial e institucional.<\/span><\/p>\n<\/p>\n<p><strong><span class=\"text1noticias\">Asignaci\u00f3n presupuestaria a partir de este a\u00f1o<\/span><\/strong><\/p>\n<\/p>\n<p><span class=\"text1noticias\">Para promover la materializaci\u00f3n de los objetivos y metas de este acuerdo la Direcci\u00f3n General de Presupuesto, en coordinaci\u00f3n con los ministerios de la Mujer y de Econom\u00eda, Planificaci\u00f3n y Desarrollo, defini\u00f3 los clasificadores presupuestarios, de manera que estas instituciones tengan asignaci\u00f3n presupuestaria para llevar a cabo las acciones de equidad e igualdad de g\u00e9nero a partir del Presupuesto del presente a\u00f1o.<\/span><\/p>\n<\/p>\n<p><span class=\"text1noticias\">Ello adem\u00e1s, permitir\u00e1 realizar el monitoreo y seguimiento de los recursos, as\u00ed como poder medir la inversi\u00f3n y los logros en materia de equidad e igualdad de g\u00e9nero.<\/span><\/p>\n<\/p>\n<p><span class=\"text1noticias\">Mientras que la Oficina Nacional de Estad\u00edsticas, (ONE), tendr\u00e1n el rol de producir y difundir las informaciones estad\u00edsticas oficiales con calidad y transparencia para la toma de decisiones en materia de pol\u00edticas p\u00fablicas y desarrollo nacional, en particular las relativas a equidad e igualdad de g\u00e9nero; y medir el avance en el logro de los objetivos y metas de la END, los establecidos en el Plan Nacional Plurianual del Sector P\u00fablico, y en los planes estrat\u00e9gicos sectoriales, territoriales e institucionales.<\/span><\/p>\n<\/p>\n<p><strong><span class=\"text1noticias\">Comprometidos a incorporar igualdad de g\u00e9nero en sus planes anuales<\/span><\/strong><\/p>\n<\/p>\n<p><span class=\"text1noticias\">Las instituciones firmantes se comprometen a desarrollar los instrumentos conceptuales y metodol\u00f3gicos necesarios para que la igualdad de g\u00e9nero sea incorporada a las pol\u00edticas y a los planes operativos anuales que cada una de ellas ejecuta en el marco de la END a 2030.<\/span><\/p>\n<\/p>\n<p><span class=\"text1noticias\">Tambi\u00e9n a fortalecer sus capacidades para que esa transversalizaci\u00f3n sea consistente con los Objetivos de Desarrollo Sostenible, y a destinar los recursos financieros y humanos para la efectividad de las pol\u00edticas, de los planes institucionales, de los programas, de los proyectos y planes operativos anuales, a trav\u00e9s de los cuales ofertan sus bienes y servicios.<\/span><\/p>\n<p><span class=\"text1noticias\"><strong> <\/strong><\/span><\/p>\n<p><span class=\"text1noticias\"><strong>Monitoreo y seguimiento de las acciones conjuntas <\/strong><\/span><\/p>\n<\/p>\n<p><span class=\"text1noticias\">Asimismo se comprometen a aunar esfuerzos para contar con el apoyo de los organismos de la cooperaci\u00f3n internacional, en particular a intercambiar capacidades en el marco de la cooperaci\u00f3n Sur-Sur, modalidad que consiste en el intercambio de recursos, tecnolog\u00edas y conocimientos entre pa\u00edses desarrollados.<\/span><\/p>\n<\/p>\n<p><span class=\"text1noticias\">Los ministerios y entidades intercambiar\u00e1n, adem\u00e1s, informaci\u00f3n para permitir la implementaci\u00f3n adecuada, el monitoreo y el seguimiento de las acciones conjuntas, y conformar\u00e1n una comisi\u00f3n mixta que examinar\u00e1 temas de inter\u00e9s com\u00fan, acordar\u00e1 mecanismos de intercambio de informaci\u00f3n, el monitoreo del cumplimiento de los objetivos acordados, y los avances de los planes de trabajo que surjan de este acuerdo<\/span>.<\/p>\n<h6> 2016-01-20 17:55:28 <\/h6>\n<p><!--\n<link rel=\"stylesheet\" href=\"css\/bootstrap.min.css\">\n\n\n<ul class=\"pagination\">\n\t    \n\t\n\n<li >\n\t<a href='?page_no=13964'>Previous<\/a>\n\t<\/li>\n\n\n       \n    \n\n<li><a href='?page_no=1'>1<\/a><\/li>\n\n\n\n<li><a href='?page_no=2'>2<\/a><\/li>\n\n\n\n<li><a>...<\/a><\/li>\n\n\n\n<li><a href='?page_no=13963'>13963<\/a><\/li>\n\n\n\n<li><a href='?page_no=13964'>13964<\/a><\/li>\n\n\n\n<li class='active'><a>13965<\/a><\/li>\n\n\n\n<li><a href='?page_no=13966'>13966<\/a><\/li>\n\n\n\n<li><a href='?page_no=13967'>13967<\/a><\/li>\n\n\n\n<li><a>...<\/a><\/li>\n\n\n\n<li><a href='?page_no=56169'>56169<\/a><\/li>\n\n\n\n<li><a href='?page_no=56170'>56170<\/a><\/li>\n\n    \n\t\n\n<li >\n\t<a href='?page_no=13966'>Next<\/a>\n\t<\/li>\n\n\n    \n\n<li><a href='?page_no=56170'>Last &rsaquo;&rsaquo;<\/a><\/li>\n\n<\/ul>\n\n\n--><br \/>\n<\/body><\/p>\n","protected":false},"excerpt":{"rendered":"<p>Santo Domingo, RD, 20 de enero.-Los ministerios de la Mujer y de Econom\u00eda, Planificaci\u00f3n y Desarrollo firmaron un Acuerdo de Coordinaci\u00f3n Interinstitucional con ocho ministerios para incorporar el enfoque de g\u00e9nero a sus planes, programas, proyectos y pol\u00edticas p\u00fablicas. El convenio, rubricado en el Sal\u00f3n Hermanas Mirabal del Palacio Nacional, fue suscrito para cumplir el [&hellip;]<\/p>\n","protected":false},"author":3,"featured_media":0,"comment_status":"open","ping_status":"open","sticky":false,"template":"","format":"standard","meta":{"footnotes":""},"categories":[20],"tags":[],"class_list":["post-219665","post","type-post","status-publish","format-standard","hentry","category-dominicana-hoy"],"_links":{"self":[{"href":"https:\/\/diariodominicano.com\/index.php?rest_route=\/wp\/v2\/posts\/219665","targetHints":{"allow":["GET"]}}],"collection":[{"href":"https:\/\/diariodominicano.com\/index.php?rest_route=\/wp\/v2\/posts"}],"about":[{"href":"https:\/\/diariodominicano.com\/index.php?rest_route=\/wp\/v2\/types\/post"}],"author":[{"embeddable":true,"href":"https:\/\/diariodominicano.com\/index.php?rest_route=\/wp\/v2\/users\/3"}],"replies":[{"embeddable":true,"href":"https:\/\/diariodominicano.com\/index.php?rest_route=%2Fwp%2Fv2%2Fcomments&post=219665"}],"version-history":[{"count":0,"href":"https:\/\/diariodominicano.com\/index.php?rest_route=\/wp\/v2\/posts\/219665\/revisions"}],"wp:attachment":[{"href":"https:\/\/diariodominicano.com\/index.php?rest_route=%2Fwp%2Fv2%2Fmedia&parent=219665"}],"wp:term":[{"taxonomy":"category","embeddable":true,"href":"https:\/\/diariodominicano.com\/index.php?rest_route=%2Fwp%2Fv2%2Fcategories&post=219665"},{"taxonomy":"post_tag","embeddable":true,"href":"https:\/\/diariodominicano.com\/index.php?rest_route=%2Fwp%2Fv2%2Ftags&post=219665"}],"curies":[{"name":"wp","href":"https:\/\/api.w.org\/{rel}","templated":true}]}}